{"id":18123,"date":"2022-05-06T08:28:08","date_gmt":"2022-05-06T06:28:08","guid":{"rendered":"https:\/\/serveiseducatius.xtec.cat\/badalona\/?p=18123"},"modified":"2022-05-20T10:50:10","modified_gmt":"2022-05-20T08:50:10","slug":"17-de-maig-dia-internacional-contra-lhomofobia-la-lesbofobia-la-transfobia-la-bifobia-i-la-interfobia","status":"publish","type":"post","link":"https:\/\/serveiseducatius.xtec.cat\/badalona\/portada\/17-de-maig-dia-internacional-contra-lhomofobia-la-lesbofobia-la-transfobia-la-bifobia-i-la-interfobia\/","title":{"rendered":"17 de maig Dia Internacional contra l\u2019Homof\u00f2bia, la Lesbof\u00f2bia, la Transf\u00f2bia, la Bif\u00f2bia i la Interf\u00f2bia"},"content":{"rendered":"<p><img loading=\"lazy\" decoding=\"async\" class=\" wp-image-18124 alignleft\" src=\"https:\/\/serveiseducatius.xtec.cat\/badalona\/wp-content\/uploads\/usu1088\/2022\/05\/Captura-3.png\" alt=\"\" width=\"198\" height=\"201\" srcset=\"https:\/\/serveiseducatius.xtec.cat\/badalona\/wp-content\/uploads\/usu1088\/2022\/05\/Captura-3.png 322w, https:\/\/serveiseducatius.xtec.cat\/badalona\/wp-content\/uploads\/usu1088\/2022\/05\/Captura-3-295x300.png 295w\" sizes=\"auto, (max-width: 198px) 100vw, 198px\" \/><\/p>\n<p>Cada\u00a0<a href=\"https:\/\/igualtat.gencat.cat\/ca\/ambits-dactuacio\/lgbti\/dies-internacionals-lgbti\/\" target=\"_blank\" rel=\"noopener\">17 de maig<\/a>\u00a0es commemora la lluita contra l\u2019LGBTI-f\u00f2bia. Des de l\u2019\u00e0mbit educatiu, recordem que cal treballar per garantir els drets de les persones LGBTI+ (lesbianes, gais, bisexuals, transg\u00e8neres, intersexuals&#8230;) a fi que la identitat afectivosexual de tots i totes sigui viscuda de forma saludable, personal i \u00fanica.<\/p>\n<p>Acompanyem en l\u2019educaci\u00f3 afectivosexual de l\u2019alumnat, fomentem un esperit cr\u00edtic envers els estereotips de g\u00e8nere limitadors, treballem per unes relacions lliures de conductes abusives.<\/p>\n<p>Us suggerim <a href=\"http:\/\/xtec.gencat.cat\/ca\/centres\/celebracions\/2022\/dia-internacional-contra-lhomofobia-la-lesbofobia-la-transfobia-la-bifobia-i-la-interfobia\/\" target=\"_blank\" rel=\"noopener\">propostes d\u2019actuaci\u00f3 i recursos espec\u00edfics.<\/a><\/p>\n<p><div class=\"ast-oembed-container \" style=\"height: 100%;\"><iframe loading=\"lazy\" title=\"Eduquem contra l&#039;LGBTI-f\u00f2bia\" width=\"500\" height=\"281\" src=\"https:\/\/www.youtube.com\/embed\/Ofmthtxe_9U?feature=oembed\" frameborder=\"0\" allow=\"accelerometer; autoplay; clipboard-write; encrypted-media; gyroscope; picture-in-picture; web-share\" referrerpolicy=\"strict-origin-when-cross-origin\" allowfullscreen><\/iframe><\/div>\n<\/p>\n<p>&nbsp;<\/p>\n","protected":false},"excerpt":{"rendered":"<p>Cada\u00a017 de maig\u00a0es commemora la lluita contra l\u2019LGBTI-f\u00f2bia. Des de l\u2019\u00e0mbit educatiu, recordem que cal treballar per garantir els drets [&hellip;]<\/p>\n","protected":false},"author":15,"featured_media":18124,"comment_status":"closed","ping_status":"closed","sticky":false,"template":"","format":"standard","meta":{"_bbp_topic_count":0,"_bbp_reply_count":0,"_bbp_total_topic_count":0,"_bbp_total_reply_count":0,"_bbp_voice_count":0,"_bbp_anonymous_reply_count":0,"_bbp_topic_count_hidden":0,"_bbp_reply_count_hidden":0,"_bbp_forum_subforum_count":0,"site-sidebar-layout":"default","site-content-layout":"","ast-site-content-layout":"","site-content-style":"default","site-sidebar-style":"default","ast-global-header-display":"","ast-banner-title-visibility":"","ast-main-header-display":"","ast-hfb-above-header-display":"","ast-hfb-below-header-display":"","ast-hfb-mobile-header-display":"","site-post-title":"","ast-breadcrumbs-content":"","ast-featured-img":"","footer-sml-layout":"","theme-transparent-header-meta":"","adv-header-id-meta":"","stick-header-meta":"","header-above-stick-meta":"","header-main-stick-meta":"","header-below-stick-meta":"","astra-migrate-meta-layouts":"default","ast-page-background-enabled":"default","ast-page-background-meta":{"desktop":{"background-color":"var(--ast-global-color-4)","background-image":"","background-repeat":"repeat","background-position":"center center","background-size":"auto","background-attachment":"scroll","background-type":"","background-media":"","overlay-type":"","overlay-color":"","overlay-opacity":"","overlay-gradient":""},"tablet":{"background-color":"","background-image":"","background-repeat":"repeat","background-position":"center center","background-size":"auto","background-attachment":"scroll","background-type":"","background-media":"","overlay-type":"","overlay-color":"","overlay-opacity":"","overlay-gradient":""},"mobile":{"background-color":"","background-image":"","background-repeat":"repeat","background-position":"center center","background-size":"auto","background-attachment":"scroll","background-type":"","background-media":"","overlay-type":"","overlay-color":"","overlay-opacity":"","overlay-gradient":""}},"ast-content-background-meta":{"desktop":{"background-color":"var(--ast-global-color-5)","background-image":"","background-repeat":"repeat","background-position":"center center","background-size":"auto","background-attachment":"scroll","background-type":"","background-media":"","overlay-type":"","overlay-color":"","overlay-opacity":"","overlay-gradient":""},"tablet":{"background-color":"var(--ast-global-color-5)","background-image":"","background-repeat":"repeat","background-position":"center center","background-size":"auto","background-attachment":"scroll","background-type":"","background-media":"","overlay-type":"","overlay-color":"","overlay-opacity":"","overlay-gradient":""},"mobile":{"background-color":"var(--ast-global-color-5)","background-image":"","background-repeat":"repeat","background-position":"center center","background-size":"auto","background-attachment":"scroll","background-type":"","background-media":"","overlay-type":"","overlay-color":"","overlay-opacity":"","overlay-gradient":""}},"footnotes":""},"categories":[1450,29],"tags":[645],"class_list":["post-18123","post","type-post","status-publish","format-standard","has-post-thumbnail","hentry","category-coeducacio-perspectiva-de-genere-i-educacio-afectiva-sexual","category-portada","tag-coeducacio"],"post_mailing_queue_ids":[],"_links":{"self":[{"href":"https:\/\/serveiseducatius.xtec.cat\/badalona\/wp-json\/wp\/v2\/posts\/18123","targetHints":{"allow":["GET"]}}],"collection":[{"href":"https:\/\/serveiseducatius.xtec.cat\/badalona\/wp-json\/wp\/v2\/posts"}],"about":[{"href":"https:\/\/serveiseducatius.xtec.cat\/badalona\/wp-json\/wp\/v2\/types\/post"}],"author":[{"embeddable":true,"href":"https:\/\/serveiseducatius.xtec.cat\/badalona\/wp-json\/wp\/v2\/users\/15"}],"replies":[{"embeddable":true,"href":"https:\/\/serveiseducatius.xtec.cat\/badalona\/wp-json\/wp\/v2\/comments?post=18123"}],"version-history":[{"count":2,"href":"https:\/\/serveiseducatius.xtec.cat\/badalona\/wp-json\/wp\/v2\/posts\/18123\/revisions"}],"predecessor-version":[{"id":18210,"href":"https:\/\/serveiseducatius.xtec.cat\/badalona\/wp-json\/wp\/v2\/posts\/18123\/revisions\/18210"}],"wp:featuredmedia":[{"embeddable":true,"href":"https:\/\/serveiseducatius.xtec.cat\/badalona\/wp-json\/wp\/v2\/media\/18124"}],"wp:attachment":[{"href":"https:\/\/serveiseducatius.xtec.cat\/badalona\/wp-json\/wp\/v2\/media?parent=18123"}],"wp:term":[{"taxonomy":"category","embeddable":true,"href":"https:\/\/serveiseducatius.xtec.cat\/badalona\/wp-json\/wp\/v2\/categories?post=18123"},{"taxonomy":"post_tag","embeddable":true,"href":"https:\/\/serveiseducatius.xtec.cat\/badalona\/wp-json\/wp\/v2\/tags?post=18123"}],"curies":[{"name":"wp","href":"https:\/\/api.w.org\/{rel}","templated":true}]}}