{"id":18093,"date":"2022-04-28T13:07:16","date_gmt":"2022-04-28T11:07:16","guid":{"rendered":"https:\/\/serveiseducatius.xtec.cat\/badalona\/?p=18093"},"modified":"2022-04-28T13:10:47","modified_gmt":"2022-04-28T11:10:47","slug":"laula-dextensio-universitaria-per-a-la-gent-gran-acull-la-presentacio-de-treballs-de-recerca-de-les-xxxvi-jornades-cientifiques-de-batxillerat-de-badalona","status":"publish","type":"post","link":"https:\/\/serveiseducatius.xtec.cat\/badalona\/portada\/laula-dextensio-universitaria-per-a-la-gent-gran-acull-la-presentacio-de-treballs-de-recerca-de-les-xxxvi-jornades-cientifiques-de-batxillerat-de-badalona\/","title":{"rendered":"L&#8217;Aula d\u2019extensi\u00f3 universit\u00e0ria per a la gent gran acull la presentaci\u00f3 de treballs de recerca de les XXXVI Jornades Cient\u00edfiques de Batxillerat de Badalona"},"content":{"rendered":"<p><img loading=\"lazy\" decoding=\"async\" class=\"size-full wp-image-17953 alignright\" src=\"https:\/\/serveiseducatius.xtec.cat\/badalona\/wp-content\/uploads\/usu1088\/2022\/03\/Imatge-JCBB-2022-e1648542483236.png\" alt=\"\" width=\"300\" height=\"465\" \/>El dimarts 3 de maig, a les 17.30 hores, al <a href=\"https:\/\/www.google.com\/maps?q=teatre+zorrilla&amp;rlz=1C1GCEB_enES992ES992&amp;um=1&amp;ie=UTF-8&amp;sa=X&amp;sqi=2&amp;ved=2ahUKEwjlzOPDzbb3AhWQKs0KHTjCD7IQ_AUoAXoECAIQAw\" target=\"_blank\" rel=\"noopener\">Teatre Zorrilla<\/a>, l\u2019<a href=\"https:\/\/aulabadalona.cat\/\" target=\"_blank\" rel=\"noopener\"><strong>Aula d\u2019extensi\u00f3 universit\u00e0ria per a la gent gran<\/strong><\/a> acollir\u00e0 una vegada m\u00e9s la presentaci\u00f3 de <strong>quatre treballs de recerca<\/strong> fets per nois i noies, alumnes de 2n de batxillerat de diferents centres de la ciutat que van participar en les <strong><a href=\"https:\/\/serveiseducatius.xtec.cat\/badalona\/xxxvi-jornades-cientifiques-de-batxillerat-edicio-2022\/\" target=\"_blank\" rel=\"noopener\">XXXVI Jornades Cient\u00edfiques de Batxillerat de Badalona<\/a><\/strong> celebrades el passat mes de mar\u00e7.<\/p>\n<p>Aquest acte vol fer visible l\u2019alt nivell dels estudiants de la nostra ciutat i vol significar, tamb\u00e9, un espai de relaci\u00f3 intergeneracional gr\u00e0cies a l\u2019acollida de l\u2019Aula d\u2019extensi\u00f3 universit\u00e0ria per a la gent i a la proposta va fer la comissi\u00f3 organitzadora de les Jornades Cient\u00edfiques.<\/p>\n<p>En aquest acte, titulat \u201c<strong>L\u2019Aula amb les XXXVI Jornades Cient\u00edfiques de Batxillerat de Badalona<\/strong>\u201d es presentaran aquests quatre treballs de recerca:<\/p>\n<p>\u2013\u00a0<b>Una higiene responsable. Estudi i elaboraci\u00f3 de sabons ecol\u00f2gics.\u00a0<\/b>Berta Centelles. Institut Badalona VII.<\/p>\n<p>\u2013\u00a0<b>Les apostes esportives i la seva influ\u00e8ncia en els ingressos d\u2019Espanya.\u00a0<\/b>Iv\u00e1n S\u00e1nchez. Institut Pompeu Fabra.<\/p>\n<p>\u2013\u00a0<b>Tiroide i embar\u00e0s: la relaci\u00f3 papallona<\/b>.\u00a0Marta Garcia Alcaraz, Col\u00b7legi Sant Andreu.<\/p>\n<p>\u2013\u00a0<b>Disseny d\u2019una revista<\/b>.\u00a0Laura Sol i J\u00falia Torrents. EASD Pau Gargallo.<\/p>\n<p>Com l&#8217;any passat tots els nois i noies participants han editat un v\u00eddeo de presentaci\u00f3 dels seus treballs que es poden veure al web:\u00a0<strong><u><a href=\"https:\/\/sites.google.com\/xtec.cat\/jcbb2022\/inici\" target=\"_top\" rel=\"noopener noreferrer\">https:\/\/sites.google.com\/xtec.cat\/jcbb2022\/inici<\/a><\/u><\/strong><\/p>\n<p>Les Jornades Cient\u00edfiques es van iniciar l\u2019any 1986 a l\u2019Institut La Llauna i des d\u2019aquell any han anat creixent fins a convertir-se, avui dia, en un projecte educatiu de refer\u00e8ncia arreu de Catalunya. Aix\u00f2 ha estat possible per l\u2019alumnat i el professorat dels centres que hi participen cada any i per la cooperaci\u00f3 de diferents institucions, serveis, empreses i entitats implicades en la seva organitzaci\u00f3.<\/p>\n<p>Les Jornades Cient\u00edfiques consisteixen en la presentaci\u00f3 de treballs de recerca de les \u00e0rees de ci\u00e8ncies socials, ci\u00e8ncies experimentals, tecnologia, llengua, matem\u00e0tiques, hist\u00f2ria, art o literatura, a c\u00e0rrec de l\u2019alumnat de batxillerat dels centres educatius de la ciutat i d\u2019altres poblacions ve\u00efnes.<\/p>\n<p>L\u2019organitzaci\u00f3 de les Jornades va a c\u00e0rrec de l\u2019Escola de Natura Angeleta Ferrer i de l\u2019Escola del Mar, Centre d\u2019Estudis Marins, totes dues de l\u2019\u00c0rea de Medi Ambient i Sostenibilitat; del Servei d\u2019Educaci\u00f3 de l\u2019\u00c0rea d\u2019Educaci\u00f3 de l\u2019Ajuntament de Badalona; i del Centre de Recursos Pedag\u00f2gics del Departament d\u2019Educaci\u00f3 de la Generalitat de Catalunya. Hi col\u00b7labora tamb\u00e9 l\u2019empresa farmac\u00e8utica Grupo Menarini.<\/p>\n","protected":false},"excerpt":{"rendered":"<p>El dimarts 3 de maig, a les 17.30 hores, al Teatre Zorrilla, l\u2019Aula d\u2019extensi\u00f3 universit\u00e0ria per a la gent gran [&hellip;]<\/p>\n","protected":false},"author":9,"featured_media":17953,"comment_status":"closed","ping_status":"closed","sticky":false,"template":"","format":"standard","meta":{"_bbp_topic_count":0,"_bbp_reply_count":0,"_bbp_total_topic_count":0,"_bbp_total_reply_count":0,"_bbp_voice_count":0,"_bbp_anonymous_reply_count":0,"_bbp_topic_count_hidden":0,"_bbp_reply_count_hidden":0,"_bbp_forum_subforum_count":0,"site-sidebar-layout":"default","site-content-layout":"","ast-site-content-layout":"","site-content-style":"default","site-sidebar-style":"default","ast-global-header-display":"","ast-banner-title-visibility":"","ast-main-header-display":"","ast-hfb-above-header-display":"","ast-hfb-below-header-display":"","ast-hfb-mobile-header-display":"","site-post-title":"","ast-breadcrumbs-content":"","ast-featured-img":"","footer-sml-layout":"","theme-transparent-header-meta":"","adv-header-id-meta":"","stick-header-meta":"","header-above-stick-meta":"","header-main-stick-meta":"","header-below-stick-meta":"","astra-migrate-meta-layouts":"default","ast-page-background-enabled":"default","ast-page-background-meta":{"desktop":{"background-color":"var(--ast-global-color-4)","background-image":"","background-repeat":"repeat","background-position":"center center","background-size":"auto","background-attachment":"scroll","background-type":"","background-media":"","overlay-type":"","overlay-color":"","overlay-opacity":"","overlay-gradient":""},"tablet":{"background-color":"","background-image":"","background-repeat":"repeat","background-position":"center center","background-size":"auto","background-attachment":"scroll","background-type":"","background-media":"","overlay-type":"","overlay-color":"","overlay-opacity":"","overlay-gradient":""},"mobile":{"background-color":"","background-image":"","background-repeat":"repeat","background-position":"center center","background-size":"auto","background-attachment":"scroll","background-type":"","background-media":"","overlay-type":"","overlay-color":"","overlay-opacity":"","overlay-gradient":""}},"ast-content-background-meta":{"desktop":{"background-color":"var(--ast-global-color-5)","background-image":"","background-repeat":"repeat","background-position":"center center","background-size":"auto","background-attachment":"scroll","background-type":"","background-media":"","overlay-type":"","overlay-color":"","overlay-opacity":"","overlay-gradient":""},"tablet":{"background-color":"var(--ast-global-color-5)","background-image":"","background-repeat":"repeat","background-position":"center center","background-size":"auto","background-attachment":"scroll","background-type":"","background-media":"","overlay-type":"","overlay-color":"","overlay-opacity":"","overlay-gradient":""},"mobile":{"background-color":"var(--ast-global-color-5)","background-image":"","background-repeat":"repeat","background-position":"center center","background-size":"auto","background-attachment":"scroll","background-type":"","background-media":"","overlay-type":"","overlay-color":"","overlay-opacity":"","overlay-gradient":""}},"footnotes":""},"categories":[64,66,299,29],"tags":[1683,1684,190,1685],"class_list":["post-18093","post","type-post","status-publish","format-standard","has-post-thumbnail","hentry","category-comunitat","category-dinamitzacio","category-jornades-cientifiques","category-portada","tag-jc","tag-jc-batxillerat","tag-jjcc","tag-jornades-cientifiques-de-batxillerat"],"post_mailing_queue_ids":[],"_links":{"self":[{"href":"https:\/\/serveiseducatius.xtec.cat\/badalona\/wp-json\/wp\/v2\/posts\/18093","targetHints":{"allow":["GET"]}}],"collection":[{"href":"https:\/\/serveiseducatius.xtec.cat\/badalona\/wp-json\/wp\/v2\/posts"}],"about":[{"href":"https:\/\/serveiseducatius.xtec.cat\/badalona\/wp-json\/wp\/v2\/types\/post"}],"author":[{"embeddable":true,"href":"https:\/\/serveiseducatius.xtec.cat\/badalona\/wp-json\/wp\/v2\/users\/9"}],"replies":[{"embeddable":true,"href":"https:\/\/serveiseducatius.xtec.cat\/badalona\/wp-json\/wp\/v2\/comments?post=18093"}],"version-history":[{"count":1,"href":"https:\/\/serveiseducatius.xtec.cat\/badalona\/wp-json\/wp\/v2\/posts\/18093\/revisions"}],"predecessor-version":[{"id":18094,"href":"https:\/\/serveiseducatius.xtec.cat\/badalona\/wp-json\/wp\/v2\/posts\/18093\/revisions\/18094"}],"wp:featuredmedia":[{"embeddable":true,"href":"https:\/\/serveiseducatius.xtec.cat\/badalona\/wp-json\/wp\/v2\/media\/17953"}],"wp:attachment":[{"href":"https:\/\/serveiseducatius.xtec.cat\/badalona\/wp-json\/wp\/v2\/media?parent=18093"}],"wp:term":[{"taxonomy":"category","embeddable":true,"href":"https:\/\/serveiseducatius.xtec.cat\/badalona\/wp-json\/wp\/v2\/categories?post=18093"},{"taxonomy":"post_tag","embeddable":true,"href":"https:\/\/serveiseducatius.xtec.cat\/badalona\/wp-json\/wp\/v2\/tags?post=18093"}],"curies":[{"name":"wp","href":"https:\/\/api.w.org\/{rel}","templated":true}]}}