{"id":18041,"date":"2022-04-19T18:07:27","date_gmt":"2022-04-19T16:07:27","guid":{"rendered":"https:\/\/serveiseducatius.xtec.cat\/badalona\/?p=18041"},"modified":"2022-04-28T13:11:45","modified_gmt":"2022-04-28T11:11:45","slug":"orientacions-per-a-lacollida-i-latencio-educativa-de-lalumnat-refugiat","status":"publish","type":"post","link":"https:\/\/serveiseducatius.xtec.cat\/badalona\/portada\/orientacions-per-a-lacollida-i-latencio-educativa-de-lalumnat-refugiat\/","title":{"rendered":"Orientacions per a l&#8217;acollida i l&#8217;atenci\u00f3 educativa de l&#8217;alumnat refugiat"},"content":{"rendered":"<p><img loading=\"lazy\" decoding=\"async\" class=\" alignright\" src=\"https:\/\/projectes.xtec.cat\/acollidasuport\/wp-content\/uploads\/usu2169\/2022\/03\/Acollida.png\" width=\"429\" height=\"191\" \/>El Servei de Suports i Recursos Ling\u00fc\u00edstics (que dep\u00e8n de la Sub-direcci\u00f3 General de Pluriling\u00fcisme) ens ha fet arribar el document <a href=\"https:\/\/projectes.xtec.cat\/acollidasuport\/wp-content\/uploads\/usu2169\/2022\/03\/ORIENTACIONS-PER-A-LATENCIO-EDUCATIVA-DE-LALUMNAT-REFUGIAT.pdf\" target=\"_blank\" rel=\"noopener\"><i><b>Orientacions per a l&#8217;acollida i l&#8217;atenci\u00f3 educativa de l&#8217;alumnat refugiat<\/b><\/i><\/a>, que han elaborat amb l&#8217;objectiu de facilitar la tasca d&#8217;acollida, organitzativa i pedag\u00f2gica dels centres educatius que aquests dies estan rebent alumnat procedent d&#8217;Ucra\u00efna.<\/p>\n<div>\n<p dir=\"ltr\">Us compartim tamb\u00e9 el <a href=\"https:\/\/projectes.xtec.cat\/acollidasuport\/\" target=\"_blank\" rel=\"noopener\" data-saferedirecturl=\"https:\/\/www.google.com\/url?q=https:\/\/projectes.xtec.cat\/acollidasuport\/&amp;source=gmail&amp;ust=1648801447745000&amp;usg=AOvVaw36pFL88B8zu6lzuIkZoP2g\">nodes d\u2019alumnat d\u2019origen estranger<\/a> on van publicant not\u00edcies i novetat que van publicant. Per qualsevol altra demanda o necessitat, recordeu que podeu contactar amb el vostre assessor\/a LIC de refer\u00e8ncia a trav\u00e9s del correu <strong><a href=\"mailto:elic-badalona@xtec.cat\" target=\"_blank\" rel=\"noopener\">elic-badalona@xtec.cat<\/a><\/strong>.<\/p>\n<\/div>\n","protected":false},"excerpt":{"rendered":"<p>El Servei de Suports i Recursos Ling\u00fc\u00edstics (que dep\u00e8n de la Sub-direcci\u00f3 General de Pluriling\u00fcisme) ens ha fet arribar el [&hellip;]<\/p>\n","protected":false},"author":9,"featured_media":18042,"comment_status":"closed","ping_status":"closed","sticky":false,"template":"","format":"standard","meta":{"_bbp_topic_count":0,"_bbp_reply_count":0,"_bbp_total_topic_count":0,"_bbp_total_reply_count":0,"_bbp_voice_count":0,"_bbp_anonymous_reply_count":0,"_bbp_topic_count_hidden":0,"_bbp_reply_count_hidden":0,"_bbp_forum_subforum_count":0,"site-sidebar-layout":"default","site-content-layout":"","ast-site-content-layout":"","site-content-style":"default","site-sidebar-style":"default","ast-global-header-display":"","ast-banner-title-visibility":"","ast-main-header-display":"","ast-hfb-above-header-display":"","ast-hfb-below-header-display":"","ast-hfb-mobile-header-display":"","site-post-title":"","ast-breadcrumbs-content":"","ast-featured-img":"","footer-sml-layout":"","theme-transparent-header-meta":"","adv-header-id-meta":"","stick-header-meta":"","header-above-stick-meta":"","header-main-stick-meta":"","header-below-stick-meta":"","astra-migrate-meta-layouts":"default","ast-page-background-enabled":"default","ast-page-background-meta":{"desktop":{"background-color":"var(--ast-global-color-4)","background-image":"","background-repeat":"repeat","background-position":"center center","background-size":"auto","background-attachment":"scroll","background-type":"","background-media":"","overlay-type":"","overlay-color":"","overlay-opacity":"","overlay-gradient":""},"tablet":{"background-color":"","background-image":"","background-repeat":"repeat","background-position":"center center","background-size":"auto","background-attachment":"scroll","background-type":"","background-media":"","overlay-type":"","overlay-color":"","overlay-opacity":"","overlay-gradient":""},"mobile":{"background-color":"","background-image":"","background-repeat":"repeat","background-position":"center center","background-size":"auto","background-attachment":"scroll","background-type":"","background-media":"","overlay-type":"","overlay-color":"","overlay-opacity":"","overlay-gradient":""}},"ast-content-background-meta":{"desktop":{"background-color":"var(--ast-global-color-5)","background-image":"","background-repeat":"repeat","background-position":"center center","background-size":"auto","background-attachment":"scroll","background-type":"","background-media":"","overlay-type":"","overlay-color":"","overlay-opacity":"","overlay-gradient":""},"tablet":{"background-color":"var(--ast-global-color-5)","background-image":"","background-repeat":"repeat","background-position":"center center","background-size":"auto","background-attachment":"scroll","background-type":"","background-media":"","overlay-type":"","overlay-color":"","overlay-opacity":"","overlay-gradient":""},"mobile":{"background-color":"var(--ast-global-color-5)","background-image":"","background-repeat":"repeat","background-position":"center center","background-size":"auto","background-attachment":"scroll","background-type":"","background-media":"","overlay-type":"","overlay-color":"","overlay-opacity":"","overlay-gradient":""}},"footnotes":""},"categories":[1420,29],"tags":[629,508],"class_list":["post-18041","post","type-post","status-publish","format-standard","has-post-thumbnail","hentry","category-interculturalitat","category-portada","tag-acollida","tag-refugiats"],"post_mailing_queue_ids":[],"_links":{"self":[{"href":"https:\/\/serveiseducatius.xtec.cat\/badalona\/wp-json\/wp\/v2\/posts\/18041","targetHints":{"allow":["GET"]}}],"collection":[{"href":"https:\/\/serveiseducatius.xtec.cat\/badalona\/wp-json\/wp\/v2\/posts"}],"about":[{"href":"https:\/\/serveiseducatius.xtec.cat\/badalona\/wp-json\/wp\/v2\/types\/post"}],"author":[{"embeddable":true,"href":"https:\/\/serveiseducatius.xtec.cat\/badalona\/wp-json\/wp\/v2\/users\/9"}],"replies":[{"embeddable":true,"href":"https:\/\/serveiseducatius.xtec.cat\/badalona\/wp-json\/wp\/v2\/comments?post=18041"}],"version-history":[{"count":1,"href":"https:\/\/serveiseducatius.xtec.cat\/badalona\/wp-json\/wp\/v2\/posts\/18041\/revisions"}],"predecessor-version":[{"id":18043,"href":"https:\/\/serveiseducatius.xtec.cat\/badalona\/wp-json\/wp\/v2\/posts\/18041\/revisions\/18043"}],"wp:featuredmedia":[{"embeddable":true,"href":"https:\/\/serveiseducatius.xtec.cat\/badalona\/wp-json\/wp\/v2\/media\/18042"}],"wp:attachment":[{"href":"https:\/\/serveiseducatius.xtec.cat\/badalona\/wp-json\/wp\/v2\/media?parent=18041"}],"wp:term":[{"taxonomy":"category","embeddable":true,"href":"https:\/\/serveiseducatius.xtec.cat\/badalona\/wp-json\/wp\/v2\/categories?post=18041"},{"taxonomy":"post_tag","embeddable":true,"href":"https:\/\/serveiseducatius.xtec.cat\/badalona\/wp-json\/wp\/v2\/tags?post=18041"}],"curies":[{"name":"wp","href":"https:\/\/api.w.org\/{rel}","templated":true}]}}