{"id":18018,"date":"2022-04-21T07:27:21","date_gmt":"2022-04-21T05:27:21","guid":{"rendered":"https:\/\/serveiseducatius.xtec.cat\/badalona\/?p=18018"},"modified":"2022-04-16T21:39:43","modified_gmt":"2022-04-16T19:39:43","slug":"xvii-festival-roma-magna-celebratio-2022-museu-de-badalona","status":"publish","type":"post","link":"https:\/\/serveiseducatius.xtec.cat\/badalona\/portada\/xvii-festival-roma-magna-celebratio-2022-museu-de-badalona\/","title":{"rendered":"XVII Festival rom\u00e0 Magna Celebratio 2022 &#8211; Museu de Badalona"},"content":{"rendered":"<p><img loading=\"lazy\" decoding=\"async\" class=\"alignnone size-full wp-image-18019\" src=\"https:\/\/serveiseducatius.xtec.cat\/badalona\/wp-content\/uploads\/usu1088\/2022\/04\/magnacelebratio.png\" alt=\"\" width=\"1338\" height=\"433\" srcset=\"https:\/\/serveiseducatius.xtec.cat\/badalona\/wp-content\/uploads\/usu1088\/2022\/04\/magnacelebratio.png 1338w, https:\/\/serveiseducatius.xtec.cat\/badalona\/wp-content\/uploads\/usu1088\/2022\/04\/magnacelebratio-300x97.png 300w, https:\/\/serveiseducatius.xtec.cat\/badalona\/wp-content\/uploads\/usu1088\/2022\/04\/magnacelebratio-1024x331.png 1024w, https:\/\/serveiseducatius.xtec.cat\/badalona\/wp-content\/uploads\/usu1088\/2022\/04\/magnacelebratio-768x249.png 768w\" sizes=\"auto, (max-width: 1338px) 100vw, 1338px\" \/><\/p>\n<p style=\"text-align: justify;\">Torna el festival rom\u00e0 de Badalona, la <strong><a href=\"https:\/\/www.museudebadalona.cat\/magna-celebratio\/\" target=\"_blank\" rel=\"noopener\">Magna Celebratio<\/a><\/strong>! Acosteu-vos al <a href=\"https:\/\/www.museudebadalona.cat\/\" target=\"_blank\" rel=\"noopener\"><strong>Museu<\/strong><\/a> i deixeu-vos transportar a la Baetulo romana amb les demostracions i recreacions de reconstrucci\u00f3 hist\u00f2rica, confer\u00e8ncies i espectacles que us aproximaran a la vida quotidiana dels nostres avantpassats romans.<\/p>\n<p style=\"text-align: justify;\">En aquesta edici\u00f3 el protagonisme recaur\u00e0 en la indument\u00e0ria dels romans que coneixereu tant a trav\u00e9s de diferents activitats com de l\u2019exposici\u00f3 <em><strong>Retalls de moda a Baetulo<\/strong><\/em> que es podr\u00e0 veure, gratu\u00eftament, a la sala d\u2019exposicions temporals de la planta baixa del Museu <strong>des del 28 d\u2019abril fins al 29 de maig<\/strong>.<\/p>\n<p style=\"text-align: justify;\">Tindreu, aix\u00ed, tots els elements al vostre abast per decidir si el <a href=\"https:\/\/ca.wikipedia.org\/wiki\/Quintili%C3%A0\" target=\"_blank\" rel=\"noopener\">ret\u00f2ric i pedagog llat\u00ed Quintili\u00e0<\/a> tenia ra\u00f3 quan afirmava, ja fa m\u00e9s de 2.000 anys: <strong><span style=\"color: #000080;\"><em>vestis virum reddit<\/em><\/span> <\/strong>(la indument\u00e0ria fa a l\u2019home).<\/p>\n<p><a href=\"https:\/\/www.museudebadalona.cat\/wp-content\/uploads\/PROGRAMA-MAGNA-CELEBRATIO-2022.pdf\" target=\"_blank\" rel=\"noopener\"><strong>Consulteu el programa d\u2019activitats de la MAGNA CELEBRATIO 2022<\/strong><\/a><\/p>\n","protected":false},"excerpt":{"rendered":"<p>Torna el festival rom\u00e0 de Badalona, la Magna Celebratio! Acosteu-vos al Museu i deixeu-vos transportar a la Baetulo romana amb [&hellip;]<\/p>\n","protected":false},"author":9,"featured_media":18019,"comment_status":"closed","ping_status":"closed","sticky":false,"template":"","format":"standard","meta":{"_bbp_topic_count":0,"_bbp_reply_count":0,"_bbp_total_topic_count":0,"_bbp_total_reply_count":0,"_bbp_voice_count":0,"_bbp_anonymous_reply_count":0,"_bbp_topic_count_hidden":0,"_bbp_reply_count_hidden":0,"_bbp_forum_subforum_count":0,"site-sidebar-layout":"default","site-content-layout":"","ast-site-content-layout":"","site-content-style":"default","site-sidebar-style":"default","ast-global-header-display":"","ast-banner-title-visibility":"","ast-main-header-display":"","ast-hfb-above-header-display":"","ast-hfb-below-header-display":"","ast-hfb-mobile-header-display":"","site-post-title":"","ast-breadcrumbs-content":"","ast-featured-img":"","footer-sml-layout":"","theme-transparent-header-meta":"","adv-header-id-meta":"","stick-header-meta":"","header-above-stick-meta":"","header-main-stick-meta":"","header-below-stick-meta":"","astra-migrate-meta-layouts":"default","ast-page-background-enabled":"default","ast-page-background-meta":{"desktop":{"background-color":"var(--ast-global-color-4)","background-image":"","background-repeat":"repeat","background-position":"center center","background-size":"auto","background-attachment":"scroll","background-type":"","background-media":"","overlay-type":"","overlay-color":"","overlay-opacity":"","overlay-gradient":""},"tablet":{"background-color":"","background-image":"","background-repeat":"repeat","background-position":"center center","background-size":"auto","background-attachment":"scroll","background-type":"","background-media":"","overlay-type":"","overlay-color":"","overlay-opacity":"","overlay-gradient":""},"mobile":{"background-color":"","background-image":"","background-repeat":"repeat","background-position":"center center","background-size":"auto","background-attachment":"scroll","background-type":"","background-media":"","overlay-type":"","overlay-color":"","overlay-opacity":"","overlay-gradient":""}},"ast-content-background-meta":{"desktop":{"background-color":"var(--ast-global-color-5)","background-image":"","background-repeat":"repeat","background-position":"center center","background-size":"auto","background-attachment":"scroll","background-type":"","background-media":"","overlay-type":"","overlay-color":"","overlay-opacity":"","overlay-gradient":""},"tablet":{"background-color":"var(--ast-global-color-5)","background-image":"","background-repeat":"repeat","background-position":"center center","background-size":"auto","background-attachment":"scroll","background-type":"","background-media":"","overlay-type":"","overlay-color":"","overlay-opacity":"","overlay-gradient":""},"mobile":{"background-color":"var(--ast-global-color-5)","background-image":"","background-repeat":"repeat","background-position":"center center","background-size":"auto","background-attachment":"scroll","background-type":"","background-media":"","overlay-type":"","overlay-color":"","overlay-opacity":"","overlay-gradient":""}},"footnotes":""},"categories":[64,29],"tags":[1408,1678,468,357],"class_list":["post-18018","post","type-post","status-publish","format-standard","has-post-thumbnail","hentry","category-comunitat","category-portada","tag-badalona-romana","tag-baetulo","tag-magna-celebratio","tag-museu-de-badalona"],"post_mailing_queue_ids":[],"_links":{"self":[{"href":"https:\/\/serveiseducatius.xtec.cat\/badalona\/wp-json\/wp\/v2\/posts\/18018","targetHints":{"allow":["GET"]}}],"collection":[{"href":"https:\/\/serveiseducatius.xtec.cat\/badalona\/wp-json\/wp\/v2\/posts"}],"about":[{"href":"https:\/\/serveiseducatius.xtec.cat\/badalona\/wp-json\/wp\/v2\/types\/post"}],"author":[{"embeddable":true,"href":"https:\/\/serveiseducatius.xtec.cat\/badalona\/wp-json\/wp\/v2\/users\/9"}],"replies":[{"embeddable":true,"href":"https:\/\/serveiseducatius.xtec.cat\/badalona\/wp-json\/wp\/v2\/comments?post=18018"}],"version-history":[{"count":1,"href":"https:\/\/serveiseducatius.xtec.cat\/badalona\/wp-json\/wp\/v2\/posts\/18018\/revisions"}],"predecessor-version":[{"id":18020,"href":"https:\/\/serveiseducatius.xtec.cat\/badalona\/wp-json\/wp\/v2\/posts\/18018\/revisions\/18020"}],"wp:featuredmedia":[{"embeddable":true,"href":"https:\/\/serveiseducatius.xtec.cat\/badalona\/wp-json\/wp\/v2\/media\/18019"}],"wp:attachment":[{"href":"https:\/\/serveiseducatius.xtec.cat\/badalona\/wp-json\/wp\/v2\/media?parent=18018"}],"wp:term":[{"taxonomy":"category","embeddable":true,"href":"https:\/\/serveiseducatius.xtec.cat\/badalona\/wp-json\/wp\/v2\/categories?post=18018"},{"taxonomy":"post_tag","embeddable":true,"href":"https:\/\/serveiseducatius.xtec.cat\/badalona\/wp-json\/wp\/v2\/tags?post=18018"}],"curies":[{"name":"wp","href":"https:\/\/api.w.org\/{rel}","templated":true}]}}