{"id":18010,"date":"2022-04-18T23:59:19","date_gmt":"2022-04-18T21:59:19","guid":{"rendered":"https:\/\/serveiseducatius.xtec.cat\/badalona\/?p=18010"},"modified":"2022-05-24T17:14:55","modified_gmt":"2022-05-24T15:14:55","slug":"iniciat-el-proces-de-deteccio-de-necessitats-del-pfz-de-badalona-curs-2022-2023","status":"publish","type":"post","link":"https:\/\/serveiseducatius.xtec.cat\/badalona\/portada\/iniciat-el-proces-de-deteccio-de-necessitats-del-pfz-de-badalona-curs-2022-2023\/","title":{"rendered":"Iniciat el proc\u00e9s de detecci\u00f3 de necessitats del PFZ de Badalona, curs 2022-2023"},"content":{"rendered":"<p><strong>Iniciem el proc\u00e9s de detecci\u00f3 de necessitats formatives de la zona<\/strong> i l\u2019elaboraci\u00f3 de les propostes de formaci\u00f3 per al curs 2022-2023.<\/p>\n<p><img loading=\"lazy\" decoding=\"async\" class=\"wp-image-15306 size-medium alignleft\" src=\"https:\/\/serveiseducatius.xtec.cat\/badalona\/wp-content\/uploads\/usu1088\/2020\/12\/PFZ_gran_trans-300x247.png\" alt=\"\" width=\"300\" height=\"247\" \/>A l\u2019espera de rebre el document actualitzat de\u00a0<em>Criteris, Instruccions i Orientacions curs 2022-2023,\u00a0<\/em>seguim la\u00a0<a href=\"https:\/\/drive.google.com\/file\/d\/1qWno-ZyA3mNHCITii3ooHSHdUllsse4q\/view?usp=sharing\" target=\"_blank\" rel=\"noopener\">normativa vigent (Criteris, Instruccions i Orientacions curs 2021-2022)<\/a>.<\/p>\n<div class=\"gmail_quote\">\n<ul>\n<li style=\"list-style-type: none;\">\n<ul>\n<li style=\"list-style-type: none;\">\n<ul>\n<li><b>Sol\u00b7licitud de formaci\u00f3:\u00a0<span style=\"color: #ff0000;\"><strong>fins el 20 de maig de 2022<\/strong><\/span><\/b>\n<ul style=\"list-style-type: circle;\">\n<li><strong><a href=\"https:\/\/docs.google.com\/forms\/d\/e\/1FAIpQLScCyTkzHnrPymMvPeVTo_WZyKnWoGsBudbYHdo3XVXd4kWD6Q\/viewform\" target=\"_blank\" rel=\"noopener\">Formaci\u00f3 en centre\u00a0<\/a><\/strong><\/li>\n<li><strong><a href=\"https:\/\/docs.google.com\/forms\/d\/e\/1FAIpQLSc134-SrL5Vgaw-DREPFpdawrk3PsI7yFjlYmLzeXES9Bk1xA\/closedform\" target=\"_blank\" rel=\"noopener\">Formaci\u00f3 per a centres<\/a><\/strong><\/li>\n<li><a href=\"https:\/\/docs.google.com\/forms\/d\/e\/1FAIpQLSfTD-h2Eu3Q19q1pPJiHx2rUgDcJnWV5Kh5p6DNu7RkS35hkw\/viewform\" target=\"_blank\" rel=\"noopener\"><strong>Formaci\u00f3 individual<\/strong><\/a><\/li>\n<\/ul>\n<\/li>\n<\/ul>\n<\/li>\n<\/ul>\n<\/li>\n<\/ul>\n<p>A partir del <strong>2 de maig<\/strong> els referents del CRP es posaran en contacte amb els centres i els diferents espais formatius per a centres per concretar les demandes.<\/p>\n<\/div>\n<p><strong><a href=\"https:\/\/serveiseducatius.xtec.cat\/badalona\/activitats\/deteccio-necessitats\/\" target=\"_blank\" rel=\"noopener\">M\u00e9s informaci\u00f3&#8230;<\/a><\/strong><\/p>\n","protected":false},"excerpt":{"rendered":"<p>Iniciem el proc\u00e9s de detecci\u00f3 de necessitats formatives de la zona i l\u2019elaboraci\u00f3 de les propostes de formaci\u00f3 per al [&hellip;]<\/p>\n","protected":false},"author":9,"featured_media":15306,"comment_status":"closed","ping_status":"closed","sticky":false,"template":"","format":"standard","meta":{"_bbp_topic_count":0,"_bbp_reply_count":0,"_bbp_total_topic_count":0,"_bbp_total_reply_count":0,"_bbp_voice_count":0,"_bbp_anonymous_reply_count":0,"_bbp_topic_count_hidden":0,"_bbp_reply_count_hidden":0,"_bbp_forum_subforum_count":0,"site-sidebar-layout":"default","site-content-layout":"","ast-site-content-layout":"","site-content-style":"default","site-sidebar-style":"default","ast-global-header-display":"","ast-banner-title-visibility":"","ast-main-header-display":"","ast-hfb-above-header-display":"","ast-hfb-below-header-display":"","ast-hfb-mobile-header-display":"","site-post-title":"","ast-breadcrumbs-content":"","ast-featured-img":"","footer-sml-layout":"","theme-transparent-header-meta":"","adv-header-id-meta":"","stick-header-meta":"","header-above-stick-meta":"","header-main-stick-meta":"","header-below-stick-meta":"","astra-migrate-meta-layouts":"default","ast-page-background-enabled":"default","ast-page-background-meta":{"desktop":{"background-color":"var(--ast-global-color-4)","background-image":"","background-repeat":"repeat","background-position":"center center","background-size":"auto","background-attachment":"scroll","background-type":"","background-media":"","overlay-type":"","overlay-color":"","overlay-opacity":"","overlay-gradient":""},"tablet":{"background-color":"","background-image":"","background-repeat":"repeat","background-position":"center center","background-size":"auto","background-attachment":"scroll","background-type":"","background-media":"","overlay-type":"","overlay-color":"","overlay-opacity":"","overlay-gradient":""},"mobile":{"background-color":"","background-image":"","background-repeat":"repeat","background-position":"center center","background-size":"auto","background-attachment":"scroll","background-type":"","background-media":"","overlay-type":"","overlay-color":"","overlay-opacity":"","overlay-gradient":""}},"ast-content-background-meta":{"desktop":{"background-color":"var(--ast-global-color-5)","background-image":"","background-repeat":"repeat","background-position":"center center","background-size":"auto","background-attachment":"scroll","background-type":"","background-media":"","overlay-type":"","overlay-color":"","overlay-opacity":"","overlay-gradient":""},"tablet":{"background-color":"var(--ast-global-color-5)","background-image":"","background-repeat":"repeat","background-position":"center center","background-size":"auto","background-attachment":"scroll","background-type":"","background-media":"","overlay-type":"","overlay-color":"","overlay-opacity":"","overlay-gradient":""},"mobile":{"background-color":"var(--ast-global-color-5)","background-image":"","background-repeat":"repeat","background-position":"center center","background-size":"auto","background-attachment":"scroll","background-type":"","background-media":"","overlay-type":"","overlay-color":"","overlay-opacity":"","overlay-gradient":""}},"footnotes":""},"categories":[165,29],"tags":[258,1689],"class_list":["post-18010","post","type-post","status-publish","format-standard","has-post-thumbnail","hentry","category-formacio","category-portada","tag-pfz","tag-pla-de-formacio-de-zona"],"post_mailing_queue_ids":[],"_links":{"self":[{"href":"https:\/\/serveiseducatius.xtec.cat\/badalona\/wp-json\/wp\/v2\/posts\/18010","targetHints":{"allow":["GET"]}}],"collection":[{"href":"https:\/\/serveiseducatius.xtec.cat\/badalona\/wp-json\/wp\/v2\/posts"}],"about":[{"href":"https:\/\/serveiseducatius.xtec.cat\/badalona\/wp-json\/wp\/v2\/types\/post"}],"author":[{"embeddable":true,"href":"https:\/\/serveiseducatius.xtec.cat\/badalona\/wp-json\/wp\/v2\/users\/9"}],"replies":[{"embeddable":true,"href":"https:\/\/serveiseducatius.xtec.cat\/badalona\/wp-json\/wp\/v2\/comments?post=18010"}],"version-history":[{"count":3,"href":"https:\/\/serveiseducatius.xtec.cat\/badalona\/wp-json\/wp\/v2\/posts\/18010\/revisions"}],"predecessor-version":[{"id":18061,"href":"https:\/\/serveiseducatius.xtec.cat\/badalona\/wp-json\/wp\/v2\/posts\/18010\/revisions\/18061"}],"wp:featuredmedia":[{"embeddable":true,"href":"https:\/\/serveiseducatius.xtec.cat\/badalona\/wp-json\/wp\/v2\/media\/15306"}],"wp:attachment":[{"href":"https:\/\/serveiseducatius.xtec.cat\/badalona\/wp-json\/wp\/v2\/media?parent=18010"}],"wp:term":[{"taxonomy":"category","embeddable":true,"href":"https:\/\/serveiseducatius.xtec.cat\/badalona\/wp-json\/wp\/v2\/categories?post=18010"},{"taxonomy":"post_tag","embeddable":true,"href":"https:\/\/serveiseducatius.xtec.cat\/badalona\/wp-json\/wp\/v2\/tags?post=18010"}],"curies":[{"name":"wp","href":"https:\/\/api.w.org\/{rel}","templated":true}]}}