{"id":17945,"date":"2022-04-01T11:00:27","date_gmt":"2022-04-01T09:00:27","guid":{"rendered":"https:\/\/serveiseducatius.xtec.cat\/badalona\/?p=17945"},"modified":"2022-04-01T20:11:05","modified_gmt":"2022-04-01T18:11:05","slug":"badalona-inicia-les-xxxvi-jornades-cientifiques-de-batxillerat","status":"publish","type":"post","link":"https:\/\/serveiseducatius.xtec.cat\/badalona\/portada\/badalona-inicia-les-xxxvi-jornades-cientifiques-de-batxillerat\/","title":{"rendered":"Badalona inicia les XXXVI Jornades Cient\u00edfiques de Batxillerat"},"content":{"rendered":"<p lang=\"es-ES-u-co-trad\" align=\"justify\"><span style=\"font-family: helvetica, arial, sans-serif; font-size: 12pt;\"><span lang=\"ca-ES\"><img loading=\"lazy\" decoding=\"async\" class=\"wp-image-17953 alignleft\" src=\"https:\/\/serveiseducatius.xtec.cat\/badalona\/wp-content\/uploads\/usu1088\/2022\/03\/Imatge-JCBB-2022.png\" alt=\"\" width=\"366\" height=\"567\" \/>Badalona celebra avui les <a href=\"https:\/\/sites.google.com\/xtec.cat\/jcbb2022\/inici\" target=\"_blank\" rel=\"noopener\"><strong>XXXVI Jornades Cient\u00edfiques de Batxillerat<\/strong>.<\/a> 41 alumnes, 30 noies i 11 nois, procedents de 10 centres educatius diferents presentaran, en format virtual, <strong><a href=\"https:\/\/drive.google.com\/file\/d\/1vGiIAGhl7UkOq7eI_L9I2syFy0ylAJyg\/view?usp=sharing\" target=\"_blank\" rel=\"noopener\">35 treballs de recerca<\/a><\/strong> utilitzant el m\u00e8tode cient\u00edfic en diversos \u00e0mbits: ci\u00e8ncies socials, ci\u00e8ncies experimentals, tecnologia, llengua, matem\u00e0tiques, hist\u00f2ria, art o literatura. Els v\u00eddeos de presentaci\u00f3 dels treballs ja estan publicats al web de les Jornades.<\/span><\/span><\/p>\n<p align=\"justify\"><span style=\"font-family: helvetica, arial, sans-serif; font-size: 12pt;\"><span lang=\"ca-ES\">Les Jornades van iniciar-se el curs 1986-87 quan el professorat de l\u2019Institut La Llauna va plantejar-se la realitzaci\u00f3 d\u2019una activitat on l\u2019alumnat pogu\u00e9s exposar els treballs d\u2019investigaci\u00f3 que havien realitzat seguint la metodologia cient\u00edfica. Aquell curs s\u2019hi van presentar onze treballs i se\u2019n va fer una valoraci\u00f3 molt positiva.\u00a0<\/span><\/span><\/p>\n<p align=\"justify\"><span style=\"font-family: helvetica, arial, sans-serif; font-size: 12pt;\"><span lang=\"ca-ES\">A partir de la 2<\/span><sup><span lang=\"ca-ES\">a<\/span><\/sup><span lang=\"ca-ES\">\u00a0edici\u00f3 l\u2019Ajuntament de Badalona es va vincular en la seva organitzaci\u00f3 i les Jornades es van obrir a la resta de centres de la ciutat.\u00a0<\/span><span style=\"color: #000000;\"><span lang=\"ca-ES\">Durant els 36 anys de Jornades Cient\u00edfiques, <strong>2.875 alumnes<\/strong> de centres educatius de la ciutat han presentat un total de <strong>2.345 treballs de recerca<\/strong>.<\/span><\/span><\/span><\/p>\n<p lang=\"es-ES-u-co-trad\" align=\"justify\"><span style=\"font-family: helvetica, arial, sans-serif; font-size: 12pt;\"><span lang=\"ca-ES\">En aquesta XXXVIa edici\u00f3 hi\u00a0<\/span><span style=\"color: #000000;\"><span lang=\"ca-ES\">participen aquests 10 instituts i centres de secund\u00e0ria:<\/span><\/span><span lang=\"ca-ES\">\u00a0Badalona VII, Badalon\u00e8s, Barres i Ones, Isaac Alb\u00e9niz, J\u00falia Minguell, La Pineda, Maristes Champagnat, Pau Gargallo (EASD), Pompeu Fabra i Sant Andreu.<\/span><\/span><\/p>\n<p align=\"justify\"><span style=\"font-size: 12pt; font-family: helvetica, arial, sans-serif;\"><span style=\"color: #000000;\"><span lang=\"ca-ES\">L\u2019organitzaci\u00f3 de les Jornades va a c\u00e0rrec de l\u2019Escola de Natura Angeleta Ferrer i de l\u2019Escola del Mar, Centre d\u2019Estudis Marins, totes dues de l\u2019\u00c0rea de Medi Ambient i Sostenibilitat; del Servei d\u2019Educaci\u00f3 de l\u2019\u00c0mbit\u00a0<\/span><span lang=\"ca-ES\">d\u2019Educaci\u00f3, Feminismes i LGTBIQ+, Ciutadania, Participaci\u00f3 i Agenda 2030,\u00a0<\/span><\/span><span style=\"color: #000000;\"><span lang=\"ca-ES\">de l\u2019Ajuntament de Badalona; i del Centre de Recursos Pedag\u00f2gics del Departament d\u2019Educaci\u00f3 de la Generalitat de Catalunya. Com des de fa uns anys, enguany tamb\u00e9 hi dona suport\u00a0<\/span><\/span><span lang=\"ca-ES\">l\u2019empresa farmac\u00e8utica Grupo Menarini que col\u00b7labora en diversos aspectes, entre ells la publicaci\u00f3 del llibre que s\u2019edita cada any amb el resum de tots els treballs.<\/span><\/span><\/p>\n<p align=\"justify\"><span style=\"font-family: helvetica, arial, sans-serif; font-size: 12pt;\"><span lang=\"ca-ES\">El <strong>3 de maig<\/strong> est\u00e0 previst que es presentin, com en els darrers anys, 4 treballs, de manera presencial, al Teatre Zorrilla, per la tarda en una sessi\u00f3 de l&#8217;Aula d&#8217;extensi\u00f3 universit\u00e0ria per a la gent gran de Badalona.<\/span><\/span><\/p>\n","protected":false},"excerpt":{"rendered":"<p>Badalona celebra avui les XXXVI Jornades Cient\u00edfiques de Batxillerat. 41 alumnes, 30 noies i 11 nois, procedents de 10 centres [&hellip;]<\/p>\n","protected":false},"author":9,"featured_media":17953,"comment_status":"closed","ping_status":"closed","sticky":false,"template":"","format":"standard","meta":{"_bbp_topic_count":0,"_bbp_reply_count":0,"_bbp_total_topic_count":0,"_bbp_total_reply_count":0,"_bbp_voice_count":0,"_bbp_anonymous_reply_count":0,"_bbp_topic_count_hidden":0,"_bbp_reply_count_hidden":0,"_bbp_forum_subforum_count":0,"site-sidebar-layout":"default","site-content-layout":"","ast-site-content-layout":"","site-content-style":"default","site-sidebar-style":"default","ast-global-header-display":"","ast-banner-title-visibility":"","ast-main-header-display":"","ast-hfb-above-header-display":"","ast-hfb-below-header-display":"","ast-hfb-mobile-header-display":"","site-post-title":"","ast-breadcrumbs-content":"","ast-featured-img":"","footer-sml-layout":"","theme-transparent-header-meta":"","adv-header-id-meta":"","stick-header-meta":"","header-above-stick-meta":"","header-main-stick-meta":"","header-below-stick-meta":"","astra-migrate-meta-layouts":"default","ast-page-background-enabled":"default","ast-page-background-meta":{"desktop":{"background-color":"var(--ast-global-color-4)","background-image":"","background-repeat":"repeat","background-position":"center center","background-size":"auto","background-attachment":"scroll","background-type":"","background-media":"","overlay-type":"","overlay-color":"","overlay-opacity":"","overlay-gradient":""},"tablet":{"background-color":"","background-image":"","background-repeat":"repeat","background-position":"center center","background-size":"auto","background-attachment":"scroll","background-type":"","background-media":"","overlay-type":"","overlay-color":"","overlay-opacity":"","overlay-gradient":""},"mobile":{"background-color":"","background-image":"","background-repeat":"repeat","background-position":"center center","background-size":"auto","background-attachment":"scroll","background-type":"","background-media":"","overlay-type":"","overlay-color":"","overlay-opacity":"","overlay-gradient":""}},"ast-content-background-meta":{"desktop":{"background-color":"var(--ast-global-color-5)","background-image":"","background-repeat":"repeat","background-position":"center center","background-size":"auto","background-attachment":"scroll","background-type":"","background-media":"","overlay-type":"","overlay-color":"","overlay-opacity":"","overlay-gradient":""},"tablet":{"background-color":"var(--ast-global-color-5)","background-image":"","background-repeat":"repeat","background-position":"center center","background-size":"auto","background-attachment":"scroll","background-type":"","background-media":"","overlay-type":"","overlay-color":"","overlay-opacity":"","overlay-gradient":""},"mobile":{"background-color":"var(--ast-global-color-5)","background-image":"","background-repeat":"repeat","background-position":"center center","background-size":"auto","background-attachment":"scroll","background-type":"","background-media":"","overlay-type":"","overlay-color":"","overlay-opacity":"","overlay-gradient":""}},"footnotes":""},"categories":[66,299,29],"tags":[],"class_list":["post-17945","post","type-post","status-publish","format-standard","has-post-thumbnail","hentry","category-dinamitzacio","category-jornades-cientifiques","category-portada"],"post_mailing_queue_ids":[],"_links":{"self":[{"href":"https:\/\/serveiseducatius.xtec.cat\/badalona\/wp-json\/wp\/v2\/posts\/17945","targetHints":{"allow":["GET"]}}],"collection":[{"href":"https:\/\/serveiseducatius.xtec.cat\/badalona\/wp-json\/wp\/v2\/posts"}],"about":[{"href":"https:\/\/serveiseducatius.xtec.cat\/badalona\/wp-json\/wp\/v2\/types\/post"}],"author":[{"embeddable":true,"href":"https:\/\/serveiseducatius.xtec.cat\/badalona\/wp-json\/wp\/v2\/users\/9"}],"replies":[{"embeddable":true,"href":"https:\/\/serveiseducatius.xtec.cat\/badalona\/wp-json\/wp\/v2\/comments?post=17945"}],"version-history":[{"count":1,"href":"https:\/\/serveiseducatius.xtec.cat\/badalona\/wp-json\/wp\/v2\/posts\/17945\/revisions"}],"predecessor-version":[{"id":17954,"href":"https:\/\/serveiseducatius.xtec.cat\/badalona\/wp-json\/wp\/v2\/posts\/17945\/revisions\/17954"}],"wp:featuredmedia":[{"embeddable":true,"href":"https:\/\/serveiseducatius.xtec.cat\/badalona\/wp-json\/wp\/v2\/media\/17953"}],"wp:attachment":[{"href":"https:\/\/serveiseducatius.xtec.cat\/badalona\/wp-json\/wp\/v2\/media?parent=17945"}],"wp:term":[{"taxonomy":"category","embeddable":true,"href":"https:\/\/serveiseducatius.xtec.cat\/badalona\/wp-json\/wp\/v2\/categories?post=17945"},{"taxonomy":"post_tag","embeddable":true,"href":"https:\/\/serveiseducatius.xtec.cat\/badalona\/wp-json\/wp\/v2\/tags?post=17945"}],"curies":[{"name":"wp","href":"https:\/\/api.w.org\/{rel}","templated":true}]}}