{"id":17733,"date":"2022-02-21T15:24:03","date_gmt":"2022-02-21T14:24:03","guid":{"rendered":"https:\/\/serveiseducatius.xtec.cat\/badalona\/?p=17733"},"modified":"2022-02-21T15:24:03","modified_gmt":"2022-02-21T14:24:03","slug":"activitats-i-recursos-per-celebrar-el-dia-internacional-de-la-llengua-materna-el-21-de-febrer-de-2022","status":"publish","type":"post","link":"https:\/\/serveiseducatius.xtec.cat\/badalona\/portada\/activitats-i-recursos-per-celebrar-el-dia-internacional-de-la-llengua-materna-el-21-de-febrer-de-2022\/","title":{"rendered":"Activitats i recursos per celebrar el dia Internacional de la Llengua Materna, el 21 de febrer de 2022"},"content":{"rendered":"<p><img loading=\"lazy\" decoding=\"async\" class=\"alignnone size-full wp-image-17734\" src=\"https:\/\/serveiseducatius.xtec.cat\/badalona\/wp-content\/uploads\/usu1088\/2022\/02\/Dia-internacional-de-la-llengua-materna.png\" alt=\"\" width=\"450\" height=\"200\" srcset=\"https:\/\/serveiseducatius.xtec.cat\/badalona\/wp-content\/uploads\/usu1088\/2022\/02\/Dia-internacional-de-la-llengua-materna.png 450w, https:\/\/serveiseducatius.xtec.cat\/badalona\/wp-content\/uploads\/usu1088\/2022\/02\/Dia-internacional-de-la-llengua-materna-300x133.png 300w\" sizes=\"auto, (max-width: 450px) 100vw, 450px\" \/><\/p>\n<p>Avui dilluns 21 de febrer \u00e9s el Dia Internacional de la Llengua Materna i la idea de celebrar-ho va ser una iniciativa de Bangladesh (&#8220;<a href=\"https:\/\/projectes.xtec.cat\/acollidasuport\/portada\/per-que-el-21-de-febrer-es-el-dia-internacional-de-la-llengua-materna\/\"><em>per qu\u00e8 el 21 de febrer \u00e9s el Dia internacional de la Lengua Materna?!<\/em>&#8220;<\/a>). Va ser aprovat a la <a href=\"http:\/\/unesdoc.unesco.org\/images\/0011\/001179\/117961e.pdf#page=38\">Conferencia General de la UNESCO de 1999<\/a>.<\/p>\n<p>El tema del\u00a0<b>Dia Internacional de la Llengua Materna<\/b>\u00a0d\u2019aquest 2022 \u00e9s\u00a0<a href=\"https:\/\/events.unesco.org\/event?id=2813562716&amp;lang=3082\"><b><i>\u201cL\u2019\u00fas de la tecnologia per a l\u2019aprenentatge multiling\u00fce: desafiaments i oportunitats\u201d<\/i><\/b><\/a>\u00a0i vol provocar el debat sobre el paper potencial de la tecnologia per avan\u00e7ar en l\u2019educaci\u00f3 multiling\u00fce i donar suport al desenvolupament d\u2019un ensenyament i un aprenentatge de qualitat per a tothom.<\/p>\n<p>A continuaci\u00f3 trobareu activitats i recursos que poden ser del vostre inter\u00e8s:<\/p>\n<ul>\n<li>La UNESCO ha organitzat\u00a0 seminari web per celebrar el Dia de la Llengua Materna 2022:<\/li>\n<\/ul>\n<ul>\n<li style=\"list-style-type: none;\">\n<ul>\n<li style=\"list-style-type: none;\">\n<ul>\n<li style=\"list-style-type: none;\">\n<ul>\n<li><a href=\"https:\/\/events.unesco.org\/event?id=2813562716&amp;lang=3082\">M\u00e9s informaci\u00f3<\/a><\/li>\n<li>Transmissi\u00f3 en directe: <a href=\"https:\/\/www.youtube.com\/watch?v=1mERil9mH_I\" target=\"_blank\" rel=\"noopener noreferrer\" data-extlink=\"\">angl\u00e8s<span class=\"ext\"><span class=\"element-invisible\">(link is external)<\/span><\/span><\/a>\u00a0\u2013\u00a0<a href=\"https:\/\/www.youtube.com\/watch?v=1UnUTi2bRIQ\" target=\"_blank\" rel=\"noopener noreferrer\" data-extlink=\"\">franc\u00e8s<span class=\"ext\"><span class=\"element-invisible\">(link is external)<\/span><\/span><\/a>\u00a0\u2013\u00a0<a href=\"https:\/\/www.youtube.com\/watch?v=6A6mmN3pATs\" target=\"_blank\" rel=\"noopener noreferrer\" data-extlink=\"\">castell\u00e0<\/a><\/li>\n<\/ul>\n<\/li>\n<\/ul>\n<\/li>\n<\/ul>\n<\/li>\n<\/ul>\n<ul>\n<li>F\u00f2rum musical i participatiu m\u00fasica i lleng\u00fces maternes a l\u2019Espai Aviny\u00f3<\/li>\n<\/ul>\n<p><a href=\"https:\/\/projectes.xtec.cat\/origen\/wp-content\/uploads\/usu2451\/2022\/02\/ESPAI-AVINYO.jpg\"><img loading=\"lazy\" decoding=\"async\" class=\"alignnone size-full wp-image-9077\" src=\"https:\/\/projectes.xtec.cat\/origen\/wp-content\/uploads\/usu2451\/2022\/02\/ESPAI-AVINYO.jpg\" sizes=\"auto, (max-width: 1024px) 100vw, 1024px\" srcset=\"https:\/\/projectes.xtec.cat\/origen\/wp-content\/uploads\/usu2451\/2022\/02\/ESPAI-AVINYO.jpg 1024w, https:\/\/projectes.xtec.cat\/origen\/wp-content\/uploads\/usu2451\/2022\/02\/ESPAI-AVINYO-300x150.jpg 300w, https:\/\/projectes.xtec.cat\/origen\/wp-content\/uploads\/usu2451\/2022\/02\/ESPAI-AVINYO-768x384.jpg 768w\" alt=\"\" width=\"1024\" height=\"512\" \/><\/a><\/p>\n<ul>\n<li>Avui mateix, la<strong> Casa de Bamb\u00fa<\/strong>, organitza uns<strong><a href=\"https:\/\/projectes.xtec.cat\/origen\/portada\/tallers-descriptures-de-llengues-asiatiques-amb-motiu-del-dia-internacional-de-les-llengues-maternes\/\"> tallers<\/a><\/strong> per celebrar-ho.<\/li>\n<li><strong>Fets curiosos<\/strong> sobre diversitat ling\u00fc\u00edstica:\n<ul>\n<li><a href=\"https:\/\/takelessons.com\/blog\/language-facts-z14\">https:\/\/takelessons.com\/blog\/language-facts-z14<\/a><\/li>\n<li><a href=\"https:\/\/facts.net\/language-facts\/\">https:\/\/facts.net\/language-facts\/<\/a><\/li>\n<\/ul>\n<\/li>\n<li><strong>Infografies<\/strong> per treballar la diversitat ling\u00fc\u00edstica al m\u00f3n (Font: <a href=\"https:\/\/www.linguapax.org\/es\/\">Linguapax<\/a>).<\/li>\n<\/ul>\n<p><a href=\"https:\/\/projectes.xtec.cat\/origen\/wp-content\/uploads\/usu2451\/2022\/02\/continent-by-continent2.png\"><img loading=\"lazy\" decoding=\"async\" class=\"alignnone size-large wp-image-9030\" src=\"https:\/\/projectes.xtec.cat\/origen\/wp-content\/uploads\/usu2451\/2022\/02\/continent-by-continent2-1024x451.png\" sizes=\"auto, (max-width: 1024px) 100vw, 1024px\" srcset=\"https:\/\/projectes.xtec.cat\/origen\/wp-content\/uploads\/usu2451\/2022\/02\/continent-by-continent2-1024x451.png 1024w, https:\/\/projectes.xtec.cat\/origen\/wp-content\/uploads\/usu2451\/2022\/02\/continent-by-continent2-300x132.png 300w, https:\/\/projectes.xtec.cat\/origen\/wp-content\/uploads\/usu2451\/2022\/02\/continent-by-continent2-768x338.png 768w, https:\/\/projectes.xtec.cat\/origen\/wp-content\/uploads\/usu2451\/2022\/02\/continent-by-continent2-1536x677.png 1536w, https:\/\/projectes.xtec.cat\/origen\/wp-content\/uploads\/usu2451\/2022\/02\/continent-by-continent2-2048x902.png 2048w\" alt=\"\" width=\"1024\" height=\"451\" \/><\/a><\/p>\n<p><a href=\"https:\/\/projectes.xtec.cat\/origen\/wp-content\/uploads\/usu2451\/2022\/02\/largest-languages-1.png\"><img loading=\"lazy\" decoding=\"async\" class=\"alignnone size-large wp-image-9031\" src=\"https:\/\/projectes.xtec.cat\/origen\/wp-content\/uploads\/usu2451\/2022\/02\/largest-languages-1-975x1024.png\" sizes=\"auto, (max-width: 975px) 100vw, 975px\" srcset=\"https:\/\/projectes.xtec.cat\/origen\/wp-content\/uploads\/usu2451\/2022\/02\/largest-languages-1-975x1024.png 975w, https:\/\/projectes.xtec.cat\/origen\/wp-content\/uploads\/usu2451\/2022\/02\/largest-languages-1-286x300.png 286w, https:\/\/projectes.xtec.cat\/origen\/wp-content\/uploads\/usu2451\/2022\/02\/largest-languages-1-768x807.png 768w, https:\/\/projectes.xtec.cat\/origen\/wp-content\/uploads\/usu2451\/2022\/02\/largest-languages-1-1462x1536.png 1462w, https:\/\/projectes.xtec.cat\/origen\/wp-content\/uploads\/usu2451\/2022\/02\/largest-languages-1-1950x2048.png 1950w\" alt=\"\" width=\"975\" height=\"1024\" \/><\/a><\/p>\n<p>&nbsp;<\/p>\n<p><a href=\"https:\/\/projectes.xtec.cat\/origen\/wp-content\/uploads\/usu2451\/2022\/02\/Ranked-The-Countries-with-the-Most-Linguistic-Diversity-Datastream.jpg\"><img loading=\"lazy\" decoding=\"async\" class=\"alignnone wp-image-9027\" src=\"https:\/\/projectes.xtec.cat\/origen\/wp-content\/uploads\/usu2451\/2022\/02\/Ranked-The-Countries-with-the-Most-Linguistic-Diversity-Datastream-1024x1024.jpg\" sizes=\"auto, (max-width: 1015px) 100vw, 1015px\" srcset=\"https:\/\/projectes.xtec.cat\/origen\/wp-content\/uploads\/usu2451\/2022\/02\/Ranked-The-Countries-with-the-Most-Linguistic-Diversity-Datastream-1024x1024.jpg 1024w, https:\/\/projectes.xtec.cat\/origen\/wp-content\/uploads\/usu2451\/2022\/02\/Ranked-The-Countries-with-the-Most-Linguistic-Diversity-Datastream-300x300.jpg 300w, https:\/\/projectes.xtec.cat\/origen\/wp-content\/uploads\/usu2451\/2022\/02\/Ranked-The-Countries-with-the-Most-Linguistic-Diversity-Datastream-150x150.jpg 150w, https:\/\/projectes.xtec.cat\/origen\/wp-content\/uploads\/usu2451\/2022\/02\/Ranked-The-Countries-with-the-Most-Linguistic-Diversity-Datastream-768x768.jpg 768w, https:\/\/projectes.xtec.cat\/origen\/wp-content\/uploads\/usu2451\/2022\/02\/Ranked-The-Countries-with-the-Most-Linguistic-Diversity-Datastream.jpg 1200w\" alt=\"\" width=\"1015\" height=\"1015\" \/><\/a><\/p>\n<p>&nbsp;<\/p>\n<p><a href=\"https:\/\/projectes.xtec.cat\/origen\/wp-content\/uploads\/usu2451\/2022\/02\/Ranked-The-Countries-with-the-Most-Linguistic-Diversity-Datastream.jpg\"> \u00a0<\/a><a href=\"https:\/\/projectes.xtec.cat\/origen\/wp-content\/uploads\/usu2451\/2022\/02\/Most-Used-Languages-on-the-Internet-DS-1.jpg\"><img loading=\"lazy\" decoding=\"async\" class=\"alignnone wp-image-9028\" src=\"https:\/\/projectes.xtec.cat\/origen\/wp-content\/uploads\/usu2451\/2022\/02\/Most-Used-Languages-on-the-Internet-DS-1-1024x1024.jpg\" sizes=\"auto, (max-width: 1013px) 100vw, 1013px\" srcset=\"https:\/\/projectes.xtec.cat\/origen\/wp-content\/uploads\/usu2451\/2022\/02\/Most-Used-Languages-on-the-Internet-DS-1-1024x1024.jpg 1024w, https:\/\/projectes.xtec.cat\/origen\/wp-content\/uploads\/usu2451\/2022\/02\/Most-Used-Languages-on-the-Internet-DS-1-300x300.jpg 300w, https:\/\/projectes.xtec.cat\/origen\/wp-content\/uploads\/usu2451\/2022\/02\/Most-Used-Languages-on-the-Internet-DS-1-150x150.jpg 150w, https:\/\/projectes.xtec.cat\/origen\/wp-content\/uploads\/usu2451\/2022\/02\/Most-Used-Languages-on-the-Internet-DS-1-768x768.jpg 768w, https:\/\/projectes.xtec.cat\/origen\/wp-content\/uploads\/usu2451\/2022\/02\/Most-Used-Languages-on-the-Internet-DS-1.jpg 1200w\" alt=\"\" width=\"1013\" height=\"1013\" \/><\/a><\/p>\n<p><a href=\"https:\/\/projectes.xtec.cat\/origen\/wp-content\/uploads\/usu2451\/2022\/02\/Second-Languages-Around-the-World-Main-1-5.jpg\"><img loading=\"lazy\" decoding=\"async\" class=\"alignnone wp-image-9047\" src=\"https:\/\/projectes.xtec.cat\/origen\/wp-content\/uploads\/usu2451\/2022\/02\/Second-Languages-Around-the-World-Main-1-5-1024x853.jpg\" sizes=\"auto, (max-width: 1034px) 100vw, 1034px\" srcset=\"https:\/\/projectes.xtec.cat\/origen\/wp-content\/uploads\/usu2451\/2022\/02\/Second-Languages-Around-the-World-Main-1-5-1024x853.jpg 1024w, https:\/\/projectes.xtec.cat\/origen\/wp-content\/uploads\/usu2451\/2022\/02\/Second-Languages-Around-the-World-Main-1-5-300x250.jpg 300w, https:\/\/projectes.xtec.cat\/origen\/wp-content\/uploads\/usu2451\/2022\/02\/Second-Languages-Around-the-World-Main-1-5-768x640.jpg 768w, https:\/\/projectes.xtec.cat\/origen\/wp-content\/uploads\/usu2451\/2022\/02\/Second-Languages-Around-the-World-Main-1-5.jpg 1200w\" alt=\"\" width=\"1034\" height=\"861\" \/><\/a><a href=\"https:\/\/projectes.xtec.cat\/origen\/wp-content\/uploads\/usu2451\/2022\/02\/Second-Languages-Around-the-World-Main-1-1.jpg\"><img loading=\"lazy\" decoding=\"async\" class=\"alignnone wp-image-9046\" src=\"https:\/\/projectes.xtec.cat\/origen\/wp-content\/uploads\/usu2451\/2022\/02\/Second-Languages-Around-the-World-Main-1-1-1024x597.jpg\" sizes=\"auto, (max-width: 1101px) 100vw, 1101px\" srcset=\"https:\/\/projectes.xtec.cat\/origen\/wp-content\/uploads\/usu2451\/2022\/02\/Second-Languages-Around-the-World-Main-1-1-1024x597.jpg 1024w, https:\/\/projectes.xtec.cat\/origen\/wp-content\/uploads\/usu2451\/2022\/02\/Second-Languages-Around-the-World-Main-1-1-300x175.jpg 300w, https:\/\/projectes.xtec.cat\/origen\/wp-content\/uploads\/usu2451\/2022\/02\/Second-Languages-Around-the-World-Main-1-1-768x448.jpg 768w, https:\/\/projectes.xtec.cat\/origen\/wp-content\/uploads\/usu2451\/2022\/02\/Second-Languages-Around-the-World-Main-1-1.jpg 1200w\" alt=\"\" width=\"1101\" height=\"641\" \/><\/a><a href=\"https:\/\/projectes.xtec.cat\/origen\/wp-content\/uploads\/usu2451\/2022\/02\/Second-Languages-Around-the-World-Main-1-9.jpg\"><img loading=\"lazy\" decoding=\"async\" class=\"alignnone wp-image-9038\" src=\"https:\/\/projectes.xtec.cat\/origen\/wp-content\/uploads\/usu2451\/2022\/02\/Second-Languages-Around-the-World-Main-1-9-1024x896.jpg\" sizes=\"auto, (max-width: 1024px) 100vw, 1024px\" srcset=\"https:\/\/projectes.xtec.cat\/origen\/wp-content\/uploads\/usu2451\/2022\/02\/Second-Languages-Around-the-World-Main-1-9-1024x896.jpg 1024w, https:\/\/projectes.xtec.cat\/origen\/wp-content\/uploads\/usu2451\/2022\/02\/Second-Languages-Around-the-World-Main-1-9-300x263.jpg 300w, https:\/\/projectes.xtec.cat\/origen\/wp-content\/uploads\/usu2451\/2022\/02\/Second-Languages-Around-the-World-Main-1-9-768x672.jpg 768w, https:\/\/projectes.xtec.cat\/origen\/wp-content\/uploads\/usu2451\/2022\/02\/Second-Languages-Around-the-World-Main-1-9.jpg 1200w\" alt=\"\" width=\"1024\" height=\"896\" \/><\/a> <a href=\"https:\/\/projectes.xtec.cat\/origen\/wp-content\/uploads\/usu2451\/2022\/02\/Second-Languages-Around-the-World-Main-1-8.jpg\"><img loading=\"lazy\" decoding=\"async\" class=\"alignnone size-large wp-image-9039\" src=\"https:\/\/projectes.xtec.cat\/origen\/wp-content\/uploads\/usu2451\/2022\/02\/Second-Languages-Around-the-World-Main-1-8-1024x981.jpg\" sizes=\"auto, (max-width: 1024px) 100vw, 1024px\" srcset=\"https:\/\/projectes.xtec.cat\/origen\/wp-content\/uploads\/usu2451\/2022\/02\/Second-Languages-Around-the-World-Main-1-8-1024x981.jpg 1024w, https:\/\/projectes.xtec.cat\/origen\/wp-content\/uploads\/usu2451\/2022\/02\/Second-Languages-Around-the-World-Main-1-8-300x288.jpg 300w, https:\/\/projectes.xtec.cat\/origen\/wp-content\/uploads\/usu2451\/2022\/02\/Second-Languages-Around-the-World-Main-1-8-768x736.jpg 768w, https:\/\/projectes.xtec.cat\/origen\/wp-content\/uploads\/usu2451\/2022\/02\/Second-Languages-Around-the-World-Main-1-8.jpg 1200w\" alt=\"\" width=\"1024\" height=\"981\" \/><\/a> <a href=\"https:\/\/projectes.xtec.cat\/origen\/wp-content\/uploads\/usu2451\/2022\/02\/Second-Languages-Around-the-World-Main-1-7.jpg\"><img loading=\"lazy\" decoding=\"async\" class=\"alignnone wp-image-9040\" src=\"https:\/\/projectes.xtec.cat\/origen\/wp-content\/uploads\/usu2451\/2022\/02\/Second-Languages-Around-the-World-Main-1-7-1024x896.jpg\" alt=\"\" width=\"1114\" height=\"977\" \/><\/a> <a href=\"https:\/\/projectes.xtec.cat\/origen\/wp-content\/uploads\/usu2451\/2022\/02\/Second-Languages-Around-the-World-Main-1-6.jpg\"><img loading=\"lazy\" decoding=\"async\" class=\"alignnone wp-image-9041\" src=\"https:\/\/projectes.xtec.cat\/origen\/wp-content\/uploads\/usu2451\/2022\/02\/Second-Languages-Around-the-World-Main-1-6-1024x910.jpg\" sizes=\"auto, (max-width: 1097px) 100vw, 1097px\" srcset=\"https:\/\/projectes.xtec.cat\/origen\/wp-content\/uploads\/usu2451\/2022\/02\/Second-Languages-Around-the-World-Main-1-6-300x267.jpg 300w, https:\/\/projectes.xtec.cat\/origen\/wp-content\/uploads\/usu2451\/2022\/02\/Second-Languages-Around-the-World-Main-1-6-768x682.jpg 768w\" alt=\"\" width=\"1097\" height=\"973\" \/><\/a><a href=\"https:\/\/projectes.xtec.cat\/origen\/wp-content\/uploads\/usu2451\/2022\/02\/Second-Languages-Around-the-World-Main-1-3.jpg\"><img loading=\"lazy\" decoding=\"async\" class=\"alignnone wp-image-9044\" src=\"https:\/\/projectes.xtec.cat\/origen\/wp-content\/uploads\/usu2451\/2022\/02\/Second-Languages-Around-the-World-Main-1-3-1007x1024.jpg\" sizes=\"auto, (max-width: 1060px) 100vw, 1060px\" srcset=\"https:\/\/projectes.xtec.cat\/origen\/wp-content\/uploads\/usu2451\/2022\/02\/Second-Languages-Around-the-World-Main-1-3-1007x1024.jpg 1007w, https:\/\/projectes.xtec.cat\/origen\/wp-content\/uploads\/usu2451\/2022\/02\/Second-Languages-Around-the-World-Main-1-3-295x300.jpg 295w, https:\/\/projectes.xtec.cat\/origen\/wp-content\/uploads\/usu2451\/2022\/02\/Second-Languages-Around-the-World-Main-1-3-768x781.jpg 768w, https:\/\/projectes.xtec.cat\/origen\/wp-content\/uploads\/usu2451\/2022\/02\/Second-Languages-Around-the-World-Main-1-3.jpg 1200w\" alt=\"\" width=\"1060\" height=\"1077\" \/><\/a> <a href=\"https:\/\/projectes.xtec.cat\/origen\/wp-content\/uploads\/usu2451\/2022\/02\/Second-Languages-Around-the-World-Main-1-4.jpg\"><img loading=\"lazy\" decoding=\"async\" class=\"alignnone wp-image-9043\" src=\"https:\/\/projectes.xtec.cat\/origen\/wp-content\/uploads\/usu2451\/2022\/02\/Second-Languages-Around-the-World-Main-1-4-983x1024.jpg\" sizes=\"auto, (max-width: 1034px) 100vw, 1034px\" srcset=\"https:\/\/projectes.xtec.cat\/origen\/wp-content\/uploads\/usu2451\/2022\/02\/Second-Languages-Around-the-World-Main-1-4-983x1024.jpg 983w, https:\/\/projectes.xtec.cat\/origen\/wp-content\/uploads\/usu2451\/2022\/02\/Second-Languages-Around-the-World-Main-1-4-288x300.jpg 288w, https:\/\/projectes.xtec.cat\/origen\/wp-content\/uploads\/usu2451\/2022\/02\/Second-Languages-Around-the-World-Main-1-4-768x800.jpg 768w, https:\/\/projectes.xtec.cat\/origen\/wp-content\/uploads\/usu2451\/2022\/02\/Second-Languages-Around-the-World-Main-1-4.jpg 1200w\" alt=\"\" width=\"1034\" height=\"1078\" \/><\/a><\/p>\n<p>D\u2019altres:<\/p>\n<p><iframe loading=\"lazy\" class=\"wp-embedded-content\" title=\"\u201cRanked: The 100 Most Spoken Languages Around the World\u201d \u2014 Visual Capitalist\" src=\"https:\/\/www.visualcapitalist.com\/100-most-spoken-languages\/embed\/#?secret=un5Sufglu0\" width=\"500\" height=\"510\" frameborder=\"0\" marginwidth=\"0\" marginheight=\"0\" scrolling=\"no\" sandbox=\"allow-scripts\" data-secret=\"un5Sufglu0\" data-mce-fragment=\"1\"><\/iframe><\/p>\n<p><a href=\"https:\/\/www.visualcapitalist.com\/wp-content\/uploads\/2018\/05\/world-of-languages.html\">https:\/\/www.visualcapitalist.com\/wp-content\/uploads\/2018\/05\/world-of-languages.html<\/a><\/p>\n<p>&nbsp;<\/p>\n","protected":false},"excerpt":{"rendered":"<p>Avui dilluns 21 de febrer \u00e9s el Dia Internacional de la Llengua Materna i la idea de celebrar-ho va ser [&hellip;]<\/p>\n","protected":false},"author":1,"featured_media":17734,"comment_status":"closed","ping_status":"closed","sticky":false,"template":"","format":"standard","meta":{"_bbp_topic_count":0,"_bbp_reply_count":0,"_bbp_total_topic_count":0,"_bbp_total_reply_count":0,"_bbp_voice_count":0,"_bbp_anonymous_reply_count":0,"_bbp_topic_count_hidden":0,"_bbp_reply_count_hidden":0,"_bbp_forum_subforum_count":0,"site-sidebar-layout":"default","site-content-layout":"","ast-site-content-layout":"","site-content-style":"default","site-sidebar-style":"default","ast-global-header-display":"","ast-banner-title-visibility":"","ast-main-header-display":"","ast-hfb-above-header-display":"","ast-hfb-below-header-display":"","ast-hfb-mobile-header-display":"","site-post-title":"","ast-breadcrumbs-content":"","ast-featured-img":"","footer-sml-layout":"","theme-transparent-header-meta":"","adv-header-id-meta":"","stick-header-meta":"","header-above-stick-meta":"","header-main-stick-meta":"","header-below-stick-meta":"","astra-migrate-meta-layouts":"default","ast-page-background-enabled":"default","ast-page-background-meta":{"desktop":{"background-color":"var(--ast-global-color-4)","background-image":"","background-repeat":"repeat","background-position":"center center","background-size":"auto","background-attachment":"scroll","background-type":"","background-media":"","overlay-type":"","overlay-color":"","overlay-opacity":"","overlay-gradient":""},"tablet":{"background-color":"","background-image":"","background-repeat":"repeat","background-position":"center center","background-size":"auto","background-attachment":"scroll","background-type":"","background-media":"","overlay-type":"","overlay-color":"","overlay-opacity":"","overlay-gradient":""},"mobile":{"background-color":"","background-image":"","background-repeat":"repeat","background-position":"center center","background-size":"auto","background-attachment":"scroll","background-type":"","background-media":"","overlay-type":"","overlay-color":"","overlay-opacity":"","overlay-gradient":""}},"ast-content-background-meta":{"desktop":{"background-color":"var(--ast-global-color-5)","background-image":"","background-repeat":"repeat","background-position":"center center","background-size":"auto","background-attachment":"scroll","background-type":"","background-media":"","overlay-type":"","overlay-color":"","overlay-opacity":"","overlay-gradient":""},"tablet":{"background-color":"var(--ast-global-color-5)","background-image":"","background-repeat":"repeat","background-position":"center center","background-size":"auto","background-attachment":"scroll","background-type":"","background-media":"","overlay-type":"","overlay-color":"","overlay-opacity":"","overlay-gradient":""},"mobile":{"background-color":"var(--ast-global-color-5)","background-image":"","background-repeat":"repeat","background-position":"center center","background-size":"auto","background-attachment":"scroll","background-type":"","background-media":"","overlay-type":"","overlay-color":"","overlay-opacity":"","overlay-gradient":""}},"footnotes":""},"categories":[64,29,76],"tags":[1648,359,302],"class_list":["post-17733","post","type-post","status-publish","format-standard","has-post-thumbnail","hentry","category-comunitat","category-portada","category-recursos","tag-dia-internacional-de-la-llengua-materna","tag-llengua","tag-recursos"],"post_mailing_queue_ids":[],"_links":{"self":[{"href":"https:\/\/serveiseducatius.xtec.cat\/badalona\/wp-json\/wp\/v2\/posts\/17733","targetHints":{"allow":["GET"]}}],"collection":[{"href":"https:\/\/serveiseducatius.xtec.cat\/badalona\/wp-json\/wp\/v2\/posts"}],"about":[{"href":"https:\/\/serveiseducatius.xtec.cat\/badalona\/wp-json\/wp\/v2\/types\/post"}],"author":[{"embeddable":true,"href":"https:\/\/serveiseducatius.xtec.cat\/badalona\/wp-json\/wp\/v2\/users\/1"}],"replies":[{"embeddable":true,"href":"https:\/\/serveiseducatius.xtec.cat\/badalona\/wp-json\/wp\/v2\/comments?post=17733"}],"version-history":[{"count":1,"href":"https:\/\/serveiseducatius.xtec.cat\/badalona\/wp-json\/wp\/v2\/posts\/17733\/revisions"}],"predecessor-version":[{"id":17735,"href":"https:\/\/serveiseducatius.xtec.cat\/badalona\/wp-json\/wp\/v2\/posts\/17733\/revisions\/17735"}],"wp:featuredmedia":[{"embeddable":true,"href":"https:\/\/serveiseducatius.xtec.cat\/badalona\/wp-json\/wp\/v2\/media\/17734"}],"wp:attachment":[{"href":"https:\/\/serveiseducatius.xtec.cat\/badalona\/wp-json\/wp\/v2\/media?parent=17733"}],"wp:term":[{"taxonomy":"category","embeddable":true,"href":"https:\/\/serveiseducatius.xtec.cat\/badalona\/wp-json\/wp\/v2\/categories?post=17733"},{"taxonomy":"post_tag","embeddable":true,"href":"https:\/\/serveiseducatius.xtec.cat\/badalona\/wp-json\/wp\/v2\/tags?post=17733"}],"curies":[{"name":"wp","href":"https:\/\/api.w.org\/{rel}","templated":true}]}}