{"id":17704,"date":"2022-02-21T09:00:05","date_gmt":"2022-02-21T08:00:05","guid":{"rendered":"https:\/\/serveiseducatius.xtec.cat\/badalona\/?p=17704"},"modified":"2022-02-16T16:06:11","modified_gmt":"2022-02-16T15:06:11","slug":"xix-premis-educac","status":"publish","type":"post","link":"https:\/\/serveiseducatius.xtec.cat\/badalona\/portada\/xix-premis-educac\/","title":{"rendered":"XIX Premis eduCAC"},"content":{"rendered":"<p><a href=\"https:\/\/www.educac.cat\/premis-educac\/xix-premis-educac\" target=\"_blank\" rel=\"noopener\"><img loading=\"lazy\" decoding=\"async\" class=\"wp-image-17705 size-medium alignleft\" src=\"https:\/\/serveiseducatius.xtec.cat\/badalona\/wp-content\/uploads\/usu1088\/2022\/02\/Seccio_web_fons-blancitransparent-04-300x235.png\" alt=\"\" width=\"300\" height=\"235\" \/><\/a><\/p>\n<p class=\"text-align-justify\">Els 19ns Premis eduCAC ja estan convocats!\u00a0<\/p>\n<p class=\"text-align-justify\">El Consell de l&#8217;Audiovisual de Catalunya (CAC) en el marc del programa eduCAC, convoca aquests guardons amb l&#8217;objectiu de fomentar la compet\u00e8ncia en comunicaci\u00f3 audiovisual als centres escolars.\u00a0<\/p>\n<p class=\"text-align-justify\">Despr\u00e9s de divuit anys d&#8217;hist\u00f2ria, els abans coneguts com Premis el CAC a l&#8217;escola arriben a la seva dinovena edici\u00f3 amb aquest canvi de nom lligat amb l&#8217;eduCAC, el programa educatiu del Consell de l&#8217;Audiovisual de Catalunya que des del 2018 emmarca tota l&#8217;activitat de promoci\u00f3 d&#8217;alfabetitzaci\u00f3 medi\u00e0tica del Consell.\u00a0<\/p>\n<p class=\"text-align-justify\">Mateix esperit, mateixes categories i subcategories, i energies renovades per rebre totes les experi\u00e8ncies audiovisuals que es treballen als centres educatius de Catalunya. A les bases trobareu tota la informaci\u00f3 per participar, per\u00f2 no dubteu a escriure&#8217;ns si teniu cap dubte.\u00a0<\/p>\n<p>Us animem a presentar els vostres treballs!\u00a0<\/p>\n<p><a href=\"https:\/\/www.educac.cat\/premis-educac\/xix-premis-educac\" target=\"_blank\" rel=\"noopener\">Bases del concurs.<\/a><\/p>\n<p class=\"text-align-justify\">\u00a0<\/p>\n","protected":false},"excerpt":{"rendered":"<p>Els 19ns Premis eduCAC ja estan convocats!\u00a0 El Consell de l&#8217;Audiovisual de Catalunya (CAC) en el marc del programa eduCAC, [&hellip;]<\/p>\n","protected":false},"author":1,"featured_media":17705,"comment_status":"closed","ping_status":"closed","sticky":false,"template":"","format":"standard","meta":{"_bbp_topic_count":0,"_bbp_reply_count":0,"_bbp_total_topic_count":0,"_bbp_total_reply_count":0,"_bbp_voice_count":0,"_bbp_anonymous_reply_count":0,"_bbp_topic_count_hidden":0,"_bbp_reply_count_hidden":0,"_bbp_forum_subforum_count":0,"site-sidebar-layout":"default","site-content-layout":"","ast-site-content-layout":"","site-content-style":"default","site-sidebar-style":"default","ast-global-header-display":"","ast-banner-title-visibility":"","ast-main-header-display":"","ast-hfb-above-header-display":"","ast-hfb-below-header-display":"","ast-hfb-mobile-header-display":"","site-post-title":"","ast-breadcrumbs-content":"","ast-featured-img":"","footer-sml-layout":"","theme-transparent-header-meta":"","adv-header-id-meta":"","stick-header-meta":"","header-above-stick-meta":"","header-main-stick-meta":"","header-below-stick-meta":"","astra-migrate-meta-layouts":"default","ast-page-background-enabled":"default","ast-page-background-meta":{"desktop":{"background-color":"var(--ast-global-color-4)","background-image":"","background-repeat":"repeat","background-position":"center center","background-size":"auto","background-attachment":"scroll","background-type":"","background-media":"","overlay-type":"","overlay-color":"","overlay-opacity":"","overlay-gradient":""},"tablet":{"background-color":"","background-image":"","background-repeat":"repeat","background-position":"center center","background-size":"auto","background-attachment":"scroll","background-type":"","background-media":"","overlay-type":"","overlay-color":"","overlay-opacity":"","overlay-gradient":""},"mobile":{"background-color":"","background-image":"","background-repeat":"repeat","background-position":"center center","background-size":"auto","background-attachment":"scroll","background-type":"","background-media":"","overlay-type":"","overlay-color":"","overlay-opacity":"","overlay-gradient":""}},"ast-content-background-meta":{"desktop":{"background-color":"var(--ast-global-color-5)","background-image":"","background-repeat":"repeat","background-position":"center center","background-size":"auto","background-attachment":"scroll","background-type":"","background-media":"","overlay-type":"","overlay-color":"","overlay-opacity":"","overlay-gradient":""},"tablet":{"background-color":"var(--ast-global-color-5)","background-image":"","background-repeat":"repeat","background-position":"center center","background-size":"auto","background-attachment":"scroll","background-type":"","background-media":"","overlay-type":"","overlay-color":"","overlay-opacity":"","overlay-gradient":""},"mobile":{"background-color":"var(--ast-global-color-5)","background-image":"","background-repeat":"repeat","background-position":"center center","background-size":"auto","background-attachment":"scroll","background-type":"","background-media":"","overlay-type":"","overlay-color":"","overlay-opacity":"","overlay-gradient":""}},"footnotes":""},"categories":[78,66,29],"tags":[907,877],"class_list":["post-17704","post","type-post","status-publish","format-standard","has-post-thumbnail","hentry","category-culturadigital","category-dinamitzacio","category-portada","tag-educac","tag-educacio-audiovisual"],"post_mailing_queue_ids":[],"_links":{"self":[{"href":"https:\/\/serveiseducatius.xtec.cat\/badalona\/wp-json\/wp\/v2\/posts\/17704","targetHints":{"allow":["GET"]}}],"collection":[{"href":"https:\/\/serveiseducatius.xtec.cat\/badalona\/wp-json\/wp\/v2\/posts"}],"about":[{"href":"https:\/\/serveiseducatius.xtec.cat\/badalona\/wp-json\/wp\/v2\/types\/post"}],"author":[{"embeddable":true,"href":"https:\/\/serveiseducatius.xtec.cat\/badalona\/wp-json\/wp\/v2\/users\/1"}],"replies":[{"embeddable":true,"href":"https:\/\/serveiseducatius.xtec.cat\/badalona\/wp-json\/wp\/v2\/comments?post=17704"}],"version-history":[{"count":1,"href":"https:\/\/serveiseducatius.xtec.cat\/badalona\/wp-json\/wp\/v2\/posts\/17704\/revisions"}],"predecessor-version":[{"id":17706,"href":"https:\/\/serveiseducatius.xtec.cat\/badalona\/wp-json\/wp\/v2\/posts\/17704\/revisions\/17706"}],"wp:featuredmedia":[{"embeddable":true,"href":"https:\/\/serveiseducatius.xtec.cat\/badalona\/wp-json\/wp\/v2\/media\/17705"}],"wp:attachment":[{"href":"https:\/\/serveiseducatius.xtec.cat\/badalona\/wp-json\/wp\/v2\/media?parent=17704"}],"wp:term":[{"taxonomy":"category","embeddable":true,"href":"https:\/\/serveiseducatius.xtec.cat\/badalona\/wp-json\/wp\/v2\/categories?post=17704"},{"taxonomy":"post_tag","embeddable":true,"href":"https:\/\/serveiseducatius.xtec.cat\/badalona\/wp-json\/wp\/v2\/tags?post=17704"}],"curies":[{"name":"wp","href":"https:\/\/api.w.org\/{rel}","templated":true}]}}