{"id":17672,"date":"2022-02-15T09:30:54","date_gmt":"2022-02-15T08:30:54","guid":{"rendered":"https:\/\/serveiseducatius.xtec.cat\/badalona\/?p=17672"},"modified":"2022-02-15T09:30:54","modified_gmt":"2022-02-15T08:30:54","slug":"cursos-deteccio-i-prevencio-de-la-violencia-sexual-en-entorns-esportius-esportsegur","status":"publish","type":"post","link":"https:\/\/serveiseducatius.xtec.cat\/badalona\/portada\/cursos-deteccio-i-prevencio-de-la-violencia-sexual-en-entorns-esportius-esportsegur\/","title":{"rendered":"CURSOS &#8220;Detecci\u00f3 i prevenci\u00f3 de la viol\u00e8ncia sexual en entorns esportius&#8221; #esportsegur"},"content":{"rendered":"<p><img loading=\"lazy\" decoding=\"async\" class=\"size-full wp-image-17673 alignleft\" src=\"https:\/\/serveiseducatius.xtec.cat\/badalona\/wp-content\/uploads\/usu1088\/2022\/02\/Captura-5-e1644913645116.png\" alt=\"\" width=\"300\" height=\"285\" \/><\/p>\n<p>Adjuntem la informaci\u00f3 de les noves formacions que organitzen des del Consell Catal\u00e0 de l\u2019Esport en prevenci\u00f3 de les viol\u00e8ncies sexuals adre\u00e7ades a persones que treballen al voltant de l\u2019esport i l\u2019activitat f\u00edsica als centres educatius.<\/p>\n<p><strong>CURSOS \u201cDetecci\u00f3 i prevenci\u00f3 de la viol\u00e8ncia sexual en entorns esportius\u201d\u00a0\u00a0 #esportsegur<\/strong><\/p>\n<p><strong>(6 jornades formatives territorials, mar\u00e7 i abril 2022)<\/strong><\/p>\n<p><em><a href=\"https:\/\/eur03.safelinks.protection.outlook.com\/?url=https%3A%2F%2Fesport.gencat.cat%2Fca%2Farees_dactuacio%2Fgenere%2Fart-cursos-RT-violencia-sexual-marcIabril-2022&amp;data=04%7C01%7Ceulalia.rodes%40gencat.cat%7C88794eea18c6457a17d208d9ec6d4726%7C3b9427dcd30e43bc8c06ff7253676fec%7C1%7C0%7C637800776363614712%7CUnknown%7CTWFpbGZsb3d8eyJWIjoiMC4wLjAwMDAiLCJQIjoiV2luMzIiLCJBTiI6Ik1haWwiLCJXVCI6Mn0%3D%7C3000&amp;sdata=KECwQsI9htG%2FpH5n7Nq8p8Ck7Fm%2BVZus%2FkQtxLbfIlc%3D&amp;reserved=0\" data-saferedirecturl=\"https:\/\/www.google.com\/url?q=https:\/\/eur03.safelinks.protection.outlook.com\/?url%3Dhttps%253A%252F%252Fesport.gencat.cat%252Fca%252Farees_dactuacio%252Fgenere%252Fart-cursos-RT-violencia-sexual-marcIabril-2022%26data%3D04%257C01%257Ceulalia.rodes%2540gencat.cat%257C88794eea18c6457a17d208d9ec6d4726%257C3b9427dcd30e43bc8c06ff7253676fec%257C1%257C0%257C637800776363614712%257CUnknown%257CTWFpbGZsb3d8eyJWIjoiMC4wLjAwMDAiLCJQIjoiV2luMzIiLCJBTiI6Ik1haWwiLCJXVCI6Mn0%253D%257C3000%26sdata%3DKECwQsI9htG%252FpH5n7Nq8p8Ck7Fm%252BVZus%252FkQtxLbfIlc%253D%26reserved%3D0&amp;source=gmail&amp;ust=1644652865553000&amp;usg=AOvVaw2eKKfA8tlQ7cJY3KpmhJfn\">https:\/\/esport.gencat.cat\/ca\/arees_dactuacio\/genere\/art-cursos-RT-violencia-sexual-marcIabril-2022<\/a><\/em><\/p>\n<p><strong>Organitza:\u00a0<\/strong>Consell Catal\u00e0 de l\u2019Esport, de la Generalitat de Catalunya<strong>,\u00a0<\/strong>de forma coordinada amb les Representacions Territorials de l\u2019Esport de la Secretaria General de l\u2019Esport i de l\u2019Activitat F\u00edsica a les comarques.<\/p>\n<p><strong>Format\u00a0i c\u00e0rrega lectiva de cada curs:\u00a0<\/strong>format mixt (1a sessi\u00f3\u00a0<strong>virtual<\/strong>\u00a0i 2a sessi\u00f3\u00a0<strong>presencial<\/strong>). 8 hores lectives, cada curs.<\/p>\n<p><strong>Dates i hores:<\/strong><\/p>\n<ul>\n<li><strong>Lleida:\u00a0<\/strong><strong>dimarts 01\/03\/22<\/strong>\u00a0(16.00 a 18.00 h + 2h treball aut\u00f2nom)\u00a0<strong>i dijous 03\/03\/22<\/strong>\u00a0(16.00 a 20.00 h).<\/li>\n<li><strong>Barcelona<\/strong>:\u00a0<strong>dimarts 15\/03\/22<\/strong>(16.00 a 18.00 h + 2h treball aut\u00f2nom)\u00a0<strong>i dijous 17\/03\/22<\/strong>\u00a0\u00a0(16.00 a 20.00 h).<\/li>\n<li><strong>Tarragona<\/strong>:\u00a0<strong>dimarts 22\/03\/22<\/strong>(16.00 a 18.00 h + 2h treball aut\u00f2nom)\u00a0<strong>i dijous 24\/03\/22<\/strong>\u00a0(16.00 a 20.00 h).<\/li>\n<li><strong>Girona (Salt)<\/strong>:\u00a0<strong>dimarts 29\/03\/22<\/strong>(16.00 a 18.00 h + 2h treball aut\u00f2nom)<strong>\u00a0i dijous 31\/03\/22<\/strong>\u00a0(16.00 a 20.00 h).<\/li>\n<li><strong>Terres de l\u2019Ebre (Tortosa)<\/strong>:\u00a0<strong>dimarts 19\/04\/22<\/strong>(16.00 a 18.00 h + 2h treball aut\u00f2nom)\u00a0<strong>i dijous 21\/04\/22\u00a0<\/strong>(16.00 a 20.00 h).<\/li>\n<li><strong>Lleida (La Seu d\u2019Urgell)<\/strong>:\u00a0<strong>dimarts 26\/04\/22<\/strong>(16.00 a 18.00 h + 2h treball aut\u00f2nom)\u00a0<strong>i dijous 28\/04\/22<\/strong>\u00a0(16.00 a 20.00 h).<\/li>\n<\/ul>\n<p><strong>Persones destinat\u00e0ries:\u00a0<\/strong>professionals i persones que treballen al voltant de l\u2019esport i l\u2019activitat f\u00edsica en centres educatius, associacions esportives escolars i entitats esportives, personal t\u00e8cnic esportiu, inscrit al ROPEC, professorat d\u2019Educaci\u00f3 F\u00edsica i directius i directives d\u2019entitats.<\/p>\n<p>Els Cursos tenen com a objectiu formar professionals que desenvolupen tasques educatives i de gesti\u00f3 i posar al seu abast eines que els permetin con\u00e8ixer i recon\u00e8ixer l\u2019exist\u00e8ncia de la viol\u00e8ncia sexual a l\u2019esport, identificar-la, parlar-ne i actuar per la prevenci\u00f3 dels abusos, l\u2019assetjament sexual, les discriminacions, les desigualtats i els estereotips.<\/p>\n<p>Els\u00a0Cursos s\u00f3n gratu\u00efts i\u00a0formen\u00a0part del\u00a0<strong>Pla de Formaci\u00f3 Continuada\u00a02022\u00a0de l\u2019Escola Catalana de l\u2019Esport<\/strong>.\u00a0Les places s\u00f3n limitades i es respectar\u00e0 l\u2019ordre d\u2019inscripci\u00f3. \u00c9s necessari tramitar la\u00a0<strong>inscripci\u00f3 m\u00e0xim TRES dies abans de l\u2019inici de cada curs<\/strong>, en el seg\u00fcent enlla\u00e7:\u00a0<strong><a href=\"https:\/\/eur03.safelinks.protection.outlook.com\/?url=https%3A%2F%2Fesport.gencat.cat%2Fcursos-RT&amp;data=04%7C01%7Ceulalia.rodes%40gencat.cat%7C88794eea18c6457a17d208d9ec6d4726%7C3b9427dcd30e43bc8c06ff7253676fec%7C1%7C0%7C637800776363614712%7CUnknown%7CTWFpbGZsb3d8eyJWIjoiMC4wLjAwMDAiLCJQIjoiV2luMzIiLCJBTiI6Ik1haWwiLCJXVCI6Mn0%3D%7C3000&amp;sdata=hvbj9l2UKlBZXTA2UccynibtMDq5WYcbxyTF0RZ9D60%3D&amp;reserved=0\" data-saferedirecturl=\"https:\/\/www.google.com\/url?q=https:\/\/eur03.safelinks.protection.outlook.com\/?url%3Dhttps%253A%252F%252Fesport.gencat.cat%252Fcursos-RT%26data%3D04%257C01%257Ceulalia.rodes%2540gencat.cat%257C88794eea18c6457a17d208d9ec6d4726%257C3b9427dcd30e43bc8c06ff7253676fec%257C1%257C0%257C637800776363614712%257CUnknown%257CTWFpbGZsb3d8eyJWIjoiMC4wLjAwMDAiLCJQIjoiV2luMzIiLCJBTiI6Ik1haWwiLCJXVCI6Mn0%253D%257C3000%26sdata%3Dhvbj9l2UKlBZXTA2UccynibtMDq5WYcbxyTF0RZ9D60%253D%26reserved%3D0&amp;source=gmail&amp;ust=1644652865553000&amp;usg=AOvVaw13xjTrazU-wqmC92xmyteX\">https:\/\/esport.gencat.cat\/cursos-RT<\/a><\/strong><strong>.<\/strong><\/p>\n<p>Podeu consultar el\u00a0<a href=\"https:\/\/eur03.safelinks.protection.outlook.com\/?url=https%3A%2F%2Fesport.gencat.cat%2Fweb%2F.content%2Fhome%2Farees_dactuacio%2Fesport_i_genere%2Factivitats%2Factivitats_2022%2Fcursos-RT-violencia-sexual-marcIabril-2022%2Fcursos-RT-violencia-sexual-marcIabril-2022-programa.pdf&amp;data=04%7C01%7Ceulalia.rodes%40gencat.cat%7C88794eea18c6457a17d208d9ec6d4726%7C3b9427dcd30e43bc8c06ff7253676fec%7C1%7C0%7C637800776363614712%7CUnknown%7CTWFpbGZsb3d8eyJWIjoiMC4wLjAwMDAiLCJQIjoiV2luMzIiLCJBTiI6Ik1haWwiLCJXVCI6Mn0%3D%7C3000&amp;sdata=utItTel3T89WrKT%2Bxxh2q6ASKMs7HJa1QUr6GrYClAc%3D&amp;reserved=0\" data-saferedirecturl=\"https:\/\/www.google.com\/url?q=https:\/\/eur03.safelinks.protection.outlook.com\/?url%3Dhttps%253A%252F%252Fesport.gencat.cat%252Fweb%252F.content%252Fhome%252Farees_dactuacio%252Fesport_i_genere%252Factivitats%252Factivitats_2022%252Fcursos-RT-violencia-sexual-marcIabril-2022%252Fcursos-RT-violencia-sexual-marcIabril-2022-programa.pdf%26data%3D04%257C01%257Ceulalia.rodes%2540gencat.cat%257C88794eea18c6457a17d208d9ec6d4726%257C3b9427dcd30e43bc8c06ff7253676fec%257C1%257C0%257C637800776363614712%257CUnknown%257CTWFpbGZsb3d8eyJWIjoiMC4wLjAwMDAiLCJQIjoiV2luMzIiLCJBTiI6Ik1haWwiLCJXVCI6Mn0%253D%257C3000%26sdata%3DutItTel3T89WrKT%252Bxxh2q6ASKMs7HJa1QUr6GrYClAc%253D%26reserved%3D0&amp;source=gmail&amp;ust=1644652865553000&amp;usg=AOvVaw11xcsDBcUpxlUhcn6sJxmn\"><strong>programa complet<\/strong><\/a>\u00a0al web del\u00a0<strong>Consell Catal\u00e0 de l\u2019Esport<\/strong>. Per qualsevol dubte podeu contactar amb la Representaci\u00f3 Territorial de l\u2019Esport de la Secretaria General de l\u2019Esport i de l\u2019Activitat F\u00edsica, que us correspongui (al programa trobareu les dades de contacte).<\/p>\n<p><strong>#esportsegur<\/strong><\/p>\n<p>&nbsp;<\/p>\n","protected":false},"excerpt":{"rendered":"<p>Adjuntem la informaci\u00f3 de les noves formacions que organitzen des del Consell Catal\u00e0 de l\u2019Esport en prevenci\u00f3 de les viol\u00e8ncies [&hellip;]<\/p>\n","protected":false},"author":15,"featured_media":17673,"comment_status":"closed","ping_status":"closed","sticky":false,"template":"","format":"standard","meta":{"_bbp_topic_count":0,"_bbp_reply_count":0,"_bbp_total_topic_count":0,"_bbp_total_reply_count":0,"_bbp_voice_count":0,"_bbp_anonymous_reply_count":0,"_bbp_topic_count_hidden":0,"_bbp_reply_count_hidden":0,"_bbp_forum_subforum_count":0,"site-sidebar-layout":"default","site-content-layout":"","ast-site-content-layout":"","site-content-style":"default","site-sidebar-style":"default","ast-global-header-display":"","ast-banner-title-visibility":"","ast-main-header-display":"","ast-hfb-above-header-display":"","ast-hfb-below-header-display":"","ast-hfb-mobile-header-display":"","site-post-title":"","ast-breadcrumbs-content":"","ast-featured-img":"","footer-sml-layout":"","theme-transparent-header-meta":"","adv-header-id-meta":"","stick-header-meta":"","header-above-stick-meta":"","header-main-stick-meta":"","header-below-stick-meta":"","astra-migrate-meta-layouts":"default","ast-page-background-enabled":"default","ast-page-background-meta":{"desktop":{"background-color":"var(--ast-global-color-4)","background-image":"","background-repeat":"repeat","background-position":"center center","background-size":"auto","background-attachment":"scroll","background-type":"","background-media":"","overlay-type":"","overlay-color":"","overlay-opacity":"","overlay-gradient":""},"tablet":{"background-color":"","background-image":"","background-repeat":"repeat","background-position":"center center","background-size":"auto","background-attachment":"scroll","background-type":"","background-media":"","overlay-type":"","overlay-color":"","overlay-opacity":"","overlay-gradient":""},"mobile":{"background-color":"","background-image":"","background-repeat":"repeat","background-position":"center center","background-size":"auto","background-attachment":"scroll","background-type":"","background-media":"","overlay-type":"","overlay-color":"","overlay-opacity":"","overlay-gradient":""}},"ast-content-background-meta":{"desktop":{"background-color":"var(--ast-global-color-5)","background-image":"","background-repeat":"repeat","background-position":"center center","background-size":"auto","background-attachment":"scroll","background-type":"","background-media":"","overlay-type":"","overlay-color":"","overlay-opacity":"","overlay-gradient":""},"tablet":{"background-color":"var(--ast-global-color-5)","background-image":"","background-repeat":"repeat","background-position":"center center","background-size":"auto","background-attachment":"scroll","background-type":"","background-media":"","overlay-type":"","overlay-color":"","overlay-opacity":"","overlay-gradient":""},"mobile":{"background-color":"var(--ast-global-color-5)","background-image":"","background-repeat":"repeat","background-position":"center center","background-size":"auto","background-attachment":"scroll","background-type":"","background-media":"","overlay-type":"","overlay-color":"","overlay-opacity":"","overlay-gradient":""}},"footnotes":""},"categories":[1450,1540,29],"tags":[645,355,166],"class_list":["post-17672","post","type-post","status-publish","format-standard","has-post-thumbnail","hentry","category-coeducacio-perspectiva-de-genere-i-educacio-afectiva-sexual","category-oferta-daltres-institucions","category-portada","tag-coeducacio","tag-educacio-fisica","tag-formacio"],"post_mailing_queue_ids":[],"_links":{"self":[{"href":"https:\/\/serveiseducatius.xtec.cat\/badalona\/wp-json\/wp\/v2\/posts\/17672","targetHints":{"allow":["GET"]}}],"collection":[{"href":"https:\/\/serveiseducatius.xtec.cat\/badalona\/wp-json\/wp\/v2\/posts"}],"about":[{"href":"https:\/\/serveiseducatius.xtec.cat\/badalona\/wp-json\/wp\/v2\/types\/post"}],"author":[{"embeddable":true,"href":"https:\/\/serveiseducatius.xtec.cat\/badalona\/wp-json\/wp\/v2\/users\/15"}],"replies":[{"embeddable":true,"href":"https:\/\/serveiseducatius.xtec.cat\/badalona\/wp-json\/wp\/v2\/comments?post=17672"}],"version-history":[{"count":1,"href":"https:\/\/serveiseducatius.xtec.cat\/badalona\/wp-json\/wp\/v2\/posts\/17672\/revisions"}],"predecessor-version":[{"id":17674,"href":"https:\/\/serveiseducatius.xtec.cat\/badalona\/wp-json\/wp\/v2\/posts\/17672\/revisions\/17674"}],"wp:featuredmedia":[{"embeddable":true,"href":"https:\/\/serveiseducatius.xtec.cat\/badalona\/wp-json\/wp\/v2\/media\/17673"}],"wp:attachment":[{"href":"https:\/\/serveiseducatius.xtec.cat\/badalona\/wp-json\/wp\/v2\/media?parent=17672"}],"wp:term":[{"taxonomy":"category","embeddable":true,"href":"https:\/\/serveiseducatius.xtec.cat\/badalona\/wp-json\/wp\/v2\/categories?post=17672"},{"taxonomy":"post_tag","embeddable":true,"href":"https:\/\/serveiseducatius.xtec.cat\/badalona\/wp-json\/wp\/v2\/tags?post=17672"}],"curies":[{"name":"wp","href":"https:\/\/api.w.org\/{rel}","templated":true}]}}