{"id":17560,"date":"2022-01-27T10:02:04","date_gmt":"2022-01-27T09:02:04","guid":{"rendered":"https:\/\/serveiseducatius.xtec.cat\/badalona\/?p=17560"},"modified":"2022-01-27T10:02:04","modified_gmt":"2022-01-27T09:02:04","slug":"ii-concurs-jo-tinc-la-paraula","status":"publish","type":"post","link":"https:\/\/serveiseducatius.xtec.cat\/badalona\/portada\/ii-concurs-jo-tinc-la-paraula\/","title":{"rendered":"II Concurs Jo tinc la paraula"},"content":{"rendered":"<p dir=\"ltr\"><img loading=\"lazy\" decoding=\"async\" class=\"alignnone  wp-image-17359\" src=\"https:\/\/serveiseducatius.xtec.cat\/badalona\/wp-content\/uploads\/usu1088\/2021\/12\/tenimLaParaula.jpeg\" alt=\"\" width=\"200\" height=\"200\" srcset=\"https:\/\/serveiseducatius.xtec.cat\/badalona\/wp-content\/uploads\/usu1088\/2021\/12\/tenimLaParaula.jpeg 225w, https:\/\/serveiseducatius.xtec.cat\/badalona\/wp-content\/uploads\/usu1088\/2021\/12\/tenimLaParaula-150x150.jpeg 150w\" sizes=\"auto, (max-width: 200px) 100vw, 200px\" \/><\/p>\n<p dir=\"ltr\">Us recordem que aviat finalitzar\u00e0 el termini per participar en el <a href=\"http:\/\/xtec.gencat.cat\/ca\/projectes\/llengua-oral\/tenim-la-paraula\/concurs-jo-tinc-la-paraula\/\" target=\"_blank\" rel=\"noopener\" data-saferedirecturl=\"https:\/\/www.google.com\/url?q=http:\/\/xtec.gencat.cat\/ca\/projectes\/llengua-oral\/tenim-la-paraula\/concurs-jo-tinc-la-paraula\/&amp;source=gmail&amp;ust=1643356314286000&amp;usg=AOvVaw2zzIiDLnLAtS35FtOPLqdM\">II Concurs Jo tinc la paraula<\/a>. Encara teniu temps d\u2019inscriure-us-hi i lliurar els v\u00eddeos fins el proper \u00a0<strong>18 de febrer de 2022.<\/strong> Trobareu el full d\u2019inscripci\u00f3 a la p\u00e0gina web d\u2019xtec, dins de l\u2019apartat \u201cLliurament de v\u00eddeos\u201d.<\/p>\n<p dir=\"ltr\">Per participar al concurs s\u2019ha de triar un dels cinc tutorials de la campanya publicit\u00e0ria. Tenim la paraula, que es poden veure als <a href=\"https:\/\/www.youtube.com\/channel\/UCi54GZKZn3evP4dHenUgakQ\/playlists\" target=\"_blank\" rel=\"noopener\" data-saferedirecturl=\"https:\/\/www.google.com\/url?q=https:\/\/www.youtube.com\/channel\/UCi54GZKZn3evP4dHenUgakQ\/playlists&amp;source=gmail&amp;ust=1643356314286000&amp;usg=AOvVaw2i-TrsqVytd-ZcYuvAWQtX\">canals de la plataforma YouTube<\/a> i d<a href=\"https:\/\/www.instagram.com\/jotinclaparaula\/\" target=\"_blank\" rel=\"noopener\" data-saferedirecturl=\"https:\/\/www.google.com\/url?q=https:\/\/www.instagram.com\/jotinclaparaula\/&amp;source=gmail&amp;ust=1643356314286000&amp;usg=AOvVaw1ExeGOKeXGP92llgyvdlRV\">\u2019Instagram<\/a> del Departament d\u2019Educaci\u00f3. S\u2019estableixen quatre categories (A, B, C i D), corresponents a nivells educatius diferents o a moments diferents pel que fa a l\u2019aprenentatge de la llengua.\u00a0<\/p>\n<p dir=\"ltr\">L\u2019objectiu principal \u00e9s provocar la reflexi\u00f3 per part de l\u2019alumnat de secund\u00e0ria i batxillerat sobre els components que fan que la comunicaci\u00f3 oral sigui efica\u00e7. Amb l\u2019enregistrament d\u2019un v\u00eddeo, a la manera d\u2019un youtuber, podran expressar-se i comunicar les seves idees, opinions, dubtes, experi\u00e8ncies, etc.<\/p>\n<p dir=\"ltr\">Us enllacem dos documents. Es tracta de dos p\u00f2sters que recullen la informaci\u00f3 essencial sobre l\u2019edici\u00f3 del concurs d\u2019enguany de forma m\u00e9s visual:\u00a0 <a href=\"https:\/\/drive.google.com\/file\/d\/1y3scssBFQl8lNBZHneGuQJxGDWqrdAHE\/view?usp=sharing\">un per al professorat<\/a> i <a href=\"https:\/\/drive.google.com\/file\/d\/1JXUozqJc2-1U3wHLfWWow9oqjgoQGduH\/view?usp=sharing\">un altre per imprimir\u00a0 i penjar a l\u2019aula per a l\u2019alumnat.<\/a><\/p>\n<p dir=\"ltr\">Aquest concurs \u00e9s una de les actuacions previstes pel Departament d\u2019Educaci\u00f3 que, en el context\u00a0 del <a href=\"http:\/\/xtec.gencat.cat\/ca\/projectes\/llengua-oral\/tenim-la-paraula\/\" target=\"_blank\" rel=\"noopener\" data-saferedirecturl=\"https:\/\/www.google.com\/url?q=http:\/\/xtec.gencat.cat\/ca\/projectes\/llengua-oral\/tenim-la-paraula\/&amp;source=gmail&amp;ust=1643356314286000&amp;usg=AOvVaw0emKtQHllexQyO9097ufnh\">programa Tenim la paraula<\/a>, per impulsar l\u2019\u00fas i la millora de la comunicaci\u00f3 oral entre l\u2019alumnat de secund\u00e0ria i batxillerat tant a l\u2019aula com en altres contextos d\u2019interacci\u00f3.<\/p>\n","protected":false},"excerpt":{"rendered":"<p>Us recordem que aviat finalitzar\u00e0 el termini per participar en el II Concurs Jo tinc la paraula. Encara teniu temps [&hellip;]<\/p>\n","protected":false},"author":1,"featured_media":17359,"comment_status":"closed","ping_status":"closed","sticky":false,"template":"","format":"standard","meta":{"_bbp_topic_count":0,"_bbp_reply_count":0,"_bbp_total_topic_count":0,"_bbp_total_reply_count":0,"_bbp_voice_count":0,"_bbp_anonymous_reply_count":0,"_bbp_topic_count_hidden":0,"_bbp_reply_count_hidden":0,"_bbp_forum_subforum_count":0,"site-sidebar-layout":"default","site-content-layout":"","ast-site-content-layout":"","site-content-style":"default","site-sidebar-style":"default","ast-global-header-display":"","ast-banner-title-visibility":"","ast-main-header-display":"","ast-hfb-above-header-display":"","ast-hfb-below-header-display":"","ast-hfb-mobile-header-display":"","site-post-title":"","ast-breadcrumbs-content":"","ast-featured-img":"","footer-sml-layout":"","theme-transparent-header-meta":"","adv-header-id-meta":"","stick-header-meta":"","header-above-stick-meta":"","header-main-stick-meta":"","header-below-stick-meta":"","astra-migrate-meta-layouts":"default","ast-page-background-enabled":"default","ast-page-background-meta":{"desktop":{"background-color":"var(--ast-global-color-4)","background-image":"","background-repeat":"repeat","background-position":"center center","background-size":"auto","background-attachment":"scroll","background-type":"","background-media":"","overlay-type":"","overlay-color":"","overlay-opacity":"","overlay-gradient":""},"tablet":{"background-color":"","background-image":"","background-repeat":"repeat","background-position":"center center","background-size":"auto","background-attachment":"scroll","background-type":"","background-media":"","overlay-type":"","overlay-color":"","overlay-opacity":"","overlay-gradient":""},"mobile":{"background-color":"","background-image":"","background-repeat":"repeat","background-position":"center center","background-size":"auto","background-attachment":"scroll","background-type":"","background-media":"","overlay-type":"","overlay-color":"","overlay-opacity":"","overlay-gradient":""}},"ast-content-background-meta":{"desktop":{"background-color":"var(--ast-global-color-5)","background-image":"","background-repeat":"repeat","background-position":"center center","background-size":"auto","background-attachment":"scroll","background-type":"","background-media":"","overlay-type":"","overlay-color":"","overlay-opacity":"","overlay-gradient":""},"tablet":{"background-color":"var(--ast-global-color-5)","background-image":"","background-repeat":"repeat","background-position":"center center","background-size":"auto","background-attachment":"scroll","background-type":"","background-media":"","overlay-type":"","overlay-color":"","overlay-opacity":"","overlay-gradient":""},"mobile":{"background-color":"var(--ast-global-color-5)","background-image":"","background-repeat":"repeat","background-position":"center center","background-size":"auto","background-attachment":"scroll","background-type":"","background-media":"","overlay-type":"","overlay-color":"","overlay-opacity":"","overlay-gradient":""}},"footnotes":""},"categories":[66,29],"tags":[1635,368,1634],"class_list":["post-17560","post","type-post","status-publish","format-standard","has-post-thumbnail","hentry","category-dinamitzacio","category-portada","tag-catala","tag-concurs","tag-jo-tinc-la-paraula"],"post_mailing_queue_ids":[],"_links":{"self":[{"href":"https:\/\/serveiseducatius.xtec.cat\/badalona\/wp-json\/wp\/v2\/posts\/17560","targetHints":{"allow":["GET"]}}],"collection":[{"href":"https:\/\/serveiseducatius.xtec.cat\/badalona\/wp-json\/wp\/v2\/posts"}],"about":[{"href":"https:\/\/serveiseducatius.xtec.cat\/badalona\/wp-json\/wp\/v2\/types\/post"}],"author":[{"embeddable":true,"href":"https:\/\/serveiseducatius.xtec.cat\/badalona\/wp-json\/wp\/v2\/users\/1"}],"replies":[{"embeddable":true,"href":"https:\/\/serveiseducatius.xtec.cat\/badalona\/wp-json\/wp\/v2\/comments?post=17560"}],"version-history":[{"count":2,"href":"https:\/\/serveiseducatius.xtec.cat\/badalona\/wp-json\/wp\/v2\/posts\/17560\/revisions"}],"predecessor-version":[{"id":17562,"href":"https:\/\/serveiseducatius.xtec.cat\/badalona\/wp-json\/wp\/v2\/posts\/17560\/revisions\/17562"}],"wp:featuredmedia":[{"embeddable":true,"href":"https:\/\/serveiseducatius.xtec.cat\/badalona\/wp-json\/wp\/v2\/media\/17359"}],"wp:attachment":[{"href":"https:\/\/serveiseducatius.xtec.cat\/badalona\/wp-json\/wp\/v2\/media?parent=17560"}],"wp:term":[{"taxonomy":"category","embeddable":true,"href":"https:\/\/serveiseducatius.xtec.cat\/badalona\/wp-json\/wp\/v2\/categories?post=17560"},{"taxonomy":"post_tag","embeddable":true,"href":"https:\/\/serveiseducatius.xtec.cat\/badalona\/wp-json\/wp\/v2\/tags?post=17560"}],"curies":[{"name":"wp","href":"https:\/\/api.w.org\/{rel}","templated":true}]}}