{"id":17519,"date":"2022-01-26T12:04:06","date_gmt":"2022-01-26T11:04:06","guid":{"rendered":"https:\/\/serveiseducatius.xtec.cat\/badalona\/?p=17519"},"modified":"2022-01-26T12:06:32","modified_gmt":"2022-01-26T11:06:32","slug":"dia-mundial-de-leducacio-ambiental-26-de-gener","status":"publish","type":"post","link":"https:\/\/serveiseducatius.xtec.cat\/badalona\/portada\/dia-mundial-de-leducacio-ambiental-26-de-gener\/","title":{"rendered":"Dia Mundial de l\u2019Educaci\u00f3 Ambiental. 26 de gener"},"content":{"rendered":"<p>Avui es celebra el Dia Mundial de l&#8217;Educci\u00f3 Ambiental. Un motiu m\u00e9s per millorar la sensibilitzaci\u00f3 pel medi ambient als centres educatius.\u00a0<\/p>\n<p><a href=\"https:\/\/www.cnea.cat\/_files\/ugd\/35f2f9_9b28f1e315dc47a1baa13d6ad0cea46c.pdf\" target=\"_blank\" rel=\"noopener\">Declaraci\u00f3 del II Congr\u00e9s Nacional d\u2019Educaci\u00f3 Ambiental per transitar de l\u2019acci\u00f3 individual a la transformaci\u00f3 col\u00b7lectiva<\/a><\/p>\n<p>Trobareu recursos per treballar a l\u2019aula clicant a cada ODS\ud83d\udc47\ud83d\udc47\ud83d\udc47<\/p>\n<p><a href=\"https:\/\/projectes.xtec.cat\/steamcat\/tag\/ods6\/\" target=\"_blank\" rel=\"noopener\"><img loading=\"lazy\" decoding=\"async\" class=\"size-full wp-image-17524 alignleft\" src=\"https:\/\/serveiseducatius.xtec.cat\/badalona\/wp-content\/uploads\/usu1088\/2022\/01\/ODS6-e1643194296854.jpg\" alt=\"\" width=\"143\" height=\"141\" \/><\/a><\/p>\n<p><a href=\"https:\/\/projectes.xtec.cat\/steamcat\/tag\/ods7\/\" target=\"_blank\" rel=\"noopener\"><img loading=\"lazy\" decoding=\"async\" class=\"size-full wp-image-17525 alignleft\" src=\"https:\/\/serveiseducatius.xtec.cat\/badalona\/wp-content\/uploads\/usu1088\/2022\/01\/ODS7-e1643194264380.jpg\" alt=\"\" width=\"143\" height=\"143\" \/><\/a><\/p>\n<p><a href=\"https:\/\/projectes.xtec.cat\/steamcat\/tag\/ods13\/\" target=\"_blank\" rel=\"noopener\"><img loading=\"lazy\" decoding=\"async\" class=\"size-full wp-image-17522 alignleft\" src=\"https:\/\/serveiseducatius.xtec.cat\/badalona\/wp-content\/uploads\/usu1088\/2022\/01\/ods13-e1643194385330.jpg\" alt=\"\" width=\"143\" height=\"141\" \/><\/a><a href=\"https:\/\/projectes.xtec.cat\/steamcat\/tag\/ods15\/\" target=\"_blank\" rel=\"noopener\"><img loading=\"lazy\" decoding=\"async\" class=\"size-full wp-image-17523 alignleft\" src=\"https:\/\/serveiseducatius.xtec.cat\/badalona\/wp-content\/uploads\/usu1088\/2022\/01\/ods14-e1643194373289.jpg\" alt=\"\" width=\"143\" height=\"144\" \/><img loading=\"lazy\" decoding=\"async\" class=\"size-full wp-image-17527 alignleft\" src=\"https:\/\/serveiseducatius.xtec.cat\/badalona\/wp-content\/uploads\/usu1088\/2022\/01\/ods15.jpg\" alt=\"\" width=\"143\" height=\"145\" \/><\/a><\/p>\n","protected":false},"excerpt":{"rendered":"<p>Avui es celebra el Dia Mundial de l&#8217;Educci\u00f3 Ambiental. Un motiu m\u00e9s per millorar la sensibilitzaci\u00f3 pel medi ambient als [&hellip;]<\/p>\n","protected":false},"author":1,"featured_media":17533,"comment_status":"closed","ping_status":"closed","sticky":false,"template":"","format":"standard","meta":{"_bbp_topic_count":0,"_bbp_reply_count":0,"_bbp_total_topic_count":0,"_bbp_total_reply_count":0,"_bbp_voice_count":0,"_bbp_anonymous_reply_count":0,"_bbp_topic_count_hidden":0,"_bbp_reply_count_hidden":0,"_bbp_forum_subforum_count":0,"site-sidebar-layout":"default","site-content-layout":"","ast-site-content-layout":"","site-content-style":"default","site-sidebar-style":"default","ast-global-header-display":"","ast-banner-title-visibility":"","ast-main-header-display":"","ast-hfb-above-header-display":"","ast-hfb-below-header-display":"","ast-hfb-mobile-header-display":"","site-post-title":"","ast-breadcrumbs-content":"","ast-featured-img":"","footer-sml-layout":"","theme-transparent-header-meta":"","adv-header-id-meta":"","stick-header-meta":"","header-above-stick-meta":"","header-main-stick-meta":"","header-below-stick-meta":"","astra-migrate-meta-layouts":"default","ast-page-background-enabled":"default","ast-page-background-meta":{"desktop":{"background-color":"var(--ast-global-color-4)","background-image":"","background-repeat":"repeat","background-position":"center center","background-size":"auto","background-attachment":"scroll","background-type":"","background-media":"","overlay-type":"","overlay-color":"","overlay-opacity":"","overlay-gradient":""},"tablet":{"background-color":"","background-image":"","background-repeat":"repeat","background-position":"center center","background-size":"auto","background-attachment":"scroll","background-type":"","background-media":"","overlay-type":"","overlay-color":"","overlay-opacity":"","overlay-gradient":""},"mobile":{"background-color":"","background-image":"","background-repeat":"repeat","background-position":"center center","background-size":"auto","background-attachment":"scroll","background-type":"","background-media":"","overlay-type":"","overlay-color":"","overlay-opacity":"","overlay-gradient":""}},"ast-content-background-meta":{"desktop":{"background-color":"var(--ast-global-color-5)","background-image":"","background-repeat":"repeat","background-position":"center center","background-size":"auto","background-attachment":"scroll","background-type":"","background-media":"","overlay-type":"","overlay-color":"","overlay-opacity":"","overlay-gradient":""},"tablet":{"background-color":"var(--ast-global-color-5)","background-image":"","background-repeat":"repeat","background-position":"center center","background-size":"auto","background-attachment":"scroll","background-type":"","background-media":"","overlay-type":"","overlay-color":"","overlay-opacity":"","overlay-gradient":""},"mobile":{"background-color":"var(--ast-global-color-5)","background-image":"","background-repeat":"repeat","background-position":"center center","background-size":"auto","background-attachment":"scroll","background-type":"","background-media":"","overlay-type":"","overlay-color":"","overlay-opacity":"","overlay-gradient":""}},"footnotes":""},"categories":[29,76,1410],"tags":[306,1507,1321],"class_list":["post-17519","post","type-post","status-publish","format-standard","has-post-thumbnail","hentry","category-portada","category-recursos","category-steam","tag-medi-ambient","tag-ods","tag-steamcat"],"post_mailing_queue_ids":[],"_links":{"self":[{"href":"https:\/\/serveiseducatius.xtec.cat\/badalona\/wp-json\/wp\/v2\/posts\/17519","targetHints":{"allow":["GET"]}}],"collection":[{"href":"https:\/\/serveiseducatius.xtec.cat\/badalona\/wp-json\/wp\/v2\/posts"}],"about":[{"href":"https:\/\/serveiseducatius.xtec.cat\/badalona\/wp-json\/wp\/v2\/types\/post"}],"author":[{"embeddable":true,"href":"https:\/\/serveiseducatius.xtec.cat\/badalona\/wp-json\/wp\/v2\/users\/1"}],"replies":[{"embeddable":true,"href":"https:\/\/serveiseducatius.xtec.cat\/badalona\/wp-json\/wp\/v2\/comments?post=17519"}],"version-history":[{"count":3,"href":"https:\/\/serveiseducatius.xtec.cat\/badalona\/wp-json\/wp\/v2\/posts\/17519\/revisions"}],"predecessor-version":[{"id":17532,"href":"https:\/\/serveiseducatius.xtec.cat\/badalona\/wp-json\/wp\/v2\/posts\/17519\/revisions\/17532"}],"wp:featuredmedia":[{"embeddable":true,"href":"https:\/\/serveiseducatius.xtec.cat\/badalona\/wp-json\/wp\/v2\/media\/17533"}],"wp:attachment":[{"href":"https:\/\/serveiseducatius.xtec.cat\/badalona\/wp-json\/wp\/v2\/media?parent=17519"}],"wp:term":[{"taxonomy":"category","embeddable":true,"href":"https:\/\/serveiseducatius.xtec.cat\/badalona\/wp-json\/wp\/v2\/categories?post=17519"},{"taxonomy":"post_tag","embeddable":true,"href":"https:\/\/serveiseducatius.xtec.cat\/badalona\/wp-json\/wp\/v2\/tags?post=17519"}],"curies":[{"name":"wp","href":"https:\/\/api.w.org\/{rel}","templated":true}]}}