{"id":17347,"date":"2021-11-30T08:34:58","date_gmt":"2021-11-30T07:34:58","guid":{"rendered":"https:\/\/serveiseducatius.xtec.cat\/badalona\/?p=17347"},"modified":"2021-11-30T08:35:45","modified_gmt":"2021-11-30T07:35:45","slug":"seminari-web-informatiu-sobre-projecte-opencohesion-school-servei-comunitari","status":"publish","type":"post","link":"https:\/\/serveiseducatius.xtec.cat\/badalona\/general\/seminari-web-informatiu-sobre-projecte-opencohesion-school-servei-comunitari\/","title":{"rendered":"Seminari web informatiu sobre projecte OpenCohesion School. Servei Comunitari."},"content":{"rendered":"<p style=\"font-weight: 400;\"><img loading=\"lazy\" decoding=\"async\" class=\"aligncenter size-full wp-image-17348\" src=\"https:\/\/serveiseducatius.xtec.cat\/badalona\/wp-content\/uploads\/usu1088\/2021\/11\/image005.jpg\" alt=\"\" width=\"757\" height=\"785\" srcset=\"https:\/\/serveiseducatius.xtec.cat\/badalona\/wp-content\/uploads\/usu1088\/2021\/11\/image005.jpg 757w, https:\/\/serveiseducatius.xtec.cat\/badalona\/wp-content\/uploads\/usu1088\/2021\/11\/image005-289x300.jpg 289w\" sizes=\"auto, (max-width: 757px) 100vw, 757px\" \/>Seminari web de presentaci\u00f3 del programa\u00a0<strong><a href=\"https:\/\/governobert.gencat.cat\/ca\/dades_obertes\/open-data-school\/\" data-saferedirecturl=\"https:\/\/www.google.com\/url?q=https:\/\/governobert.gencat.cat\/ca\/dades_obertes\/open-data-school\/&amp;source=gmail&amp;ust=1638343637161000&amp;usg=AOvVaw3prVlxSceEullHgWgphDp4\">Open Cohesion School<\/a><\/strong>\u00a0que coordina el Departament d&#8217;Acci\u00f3 Exterior i Govern Obert a trav\u00e9s de la Direcci\u00f3 General de Participaci\u00f3, Processos Electorals i Qualitat Democr\u00e0tica.<\/p>\n<p><strong>Seminari web presentaci\u00f3 Programa\u00a0<a href=\"https:\/\/eur03.safelinks.protection.outlook.com\/?url=https%3A%2F%2Fgovernobert.gencat.cat%2Fca%2Fdades_obertes%2Fopen-data-school%2F&amp;data=04%7C01%7Cevalmaseda%40gencat.cat%7Caf2839fd531e4acb2e7308d9b2bc32ad%7C3b9427dcd30e43bc8c06ff7253676fec%7C1%7C0%7C637737343672138411%7CUnknown%7CTWFpbGZsb3d8eyJWIjoiMC4wLjAwMDAiLCJQIjoiV2luMzIiLCJBTiI6Ik1haWwiLCJXVCI6Mn0%3D%7C3000&amp;sdata=lMpwGNOLcD9pI1MDLtJBYz39BX6QkmjFRYPNM2qiQK0%3D&amp;reserved=0\" data-saferedirecturl=\"https:\/\/www.google.com\/url?q=https:\/\/eur03.safelinks.protection.outlook.com\/?url%3Dhttps%253A%252F%252Fgovernobert.gencat.cat%252Fca%252Fdades_obertes%252Fopen-data-school%252F%26data%3D04%257C01%257Cevalmaseda%2540gencat.cat%257Caf2839fd531e4acb2e7308d9b2bc32ad%257C3b9427dcd30e43bc8c06ff7253676fec%257C1%257C0%257C637737343672138411%257CUnknown%257CTWFpbGZsb3d8eyJWIjoiMC4wLjAwMDAiLCJQIjoiV2luMzIiLCJBTiI6Ik1haWwiLCJXVCI6Mn0%253D%257C3000%26sdata%3DlMpwGNOLcD9pI1MDLtJBYz39BX6QkmjFRYPNM2qiQK0%253D%26reserved%3D0&amp;source=gmail&amp;ust=1638343637161000&amp;usg=AOvVaw3WA7Z9mu3_4oUahu-kzHCT\">OpenCohesion School\u00a0<\/a><\/strong><\/p>\n<p><strong>Dia:<\/strong>\u00a0dijous\u00a02 de desembre\u00a0\u00a0\u00a0\u00a0\u00a0<\/p>\n<p><strong>Hora:<\/strong>\u00a010:30-11:15 h<\/p>\n<p><strong>Destinataris:<\/strong>\u00a0Docents de centres educatius de secund\u00e0ria\u00a0<\/p>\n<p><strong>Enlla\u00e7 a\u00a0<a href=\"https:\/\/eur03.safelinks.protection.outlook.com\/?url=https%3A%2F%2Fforms.office.com%2FPages%2FResponsePage.aspx%3Fid%3D3CeUOw7TvEOMBv9yU2dv7BGeRd1gDkhOvaiKb2-2OFNUQlJCNEIyN1BBWlcyM1ZSQzNQV1hCTU1TQy4u&amp;data=04%7C01%7Cevalmaseda%40gencat.cat%7Caf2839fd531e4acb2e7308d9b2bc32ad%7C3b9427dcd30e43bc8c06ff7253676fec%7C1%7C0%7C637737343672148369%7CUnknown%7CTWFpbGZsb3d8eyJWIjoiMC4wLjAwMDAiLCJQIjoiV2luMzIiLCJBTiI6Ik1haWwiLCJXVCI6Mn0%3D%7C3000&amp;sdata=Z23E8AlI4TVBlWMh8hHhHOZx3yY9zdswsbAlTJ4ibtU%3D&amp;reserved=0\" data-saferedirecturl=\"https:\/\/www.google.com\/url?q=https:\/\/eur03.safelinks.protection.outlook.com\/?url%3Dhttps%253A%252F%252Fforms.office.com%252FPages%252FResponsePage.aspx%253Fid%253D3CeUOw7TvEOMBv9yU2dv7BGeRd1gDkhOvaiKb2-2OFNUQlJCNEIyN1BBWlcyM1ZSQzNQV1hCTU1TQy4u%26data%3D04%257C01%257Cevalmaseda%2540gencat.cat%257Caf2839fd531e4acb2e7308d9b2bc32ad%257C3b9427dcd30e43bc8c06ff7253676fec%257C1%257C0%257C637737343672148369%257CUnknown%257CTWFpbGZsb3d8eyJWIjoiMC4wLjAwMDAiLCJQIjoiV2luMzIiLCJBTiI6Ik1haWwiLCJXVCI6Mn0%253D%257C3000%26sdata%3DZ23E8AlI4TVBlWMh8hHhHOZx3yY9zdswsbAlTJ4ibtU%253D%26reserved%3D0&amp;source=gmail&amp;ust=1638343637161000&amp;usg=AOvVaw3w1K_hPMID8ubB2YEQZ1Cc\">INSCRIPCIONS<\/a><\/strong><\/p>\n","protected":false},"excerpt":{"rendered":"<p>Seminari web de presentaci\u00f3 del programa\u00a0Open Cohesion School\u00a0que coordina el Departament d&#8217;Acci\u00f3 Exterior i Govern Obert a trav\u00e9s de la [&hellip;]<\/p>\n","protected":false},"author":1,"featured_media":17348,"comment_status":"closed","ping_status":"closed","sticky":false,"template":"","format":"standard","meta":{"_bbp_topic_count":0,"_bbp_reply_count":0,"_bbp_total_topic_count":0,"_bbp_total_reply_count":0,"_bbp_voice_count":0,"_bbp_anonymous_reply_count":0,"_bbp_topic_count_hidden":0,"_bbp_reply_count_hidden":0,"_bbp_forum_subforum_count":0,"site-sidebar-layout":"default","site-content-layout":"","ast-site-content-layout":"","site-content-style":"default","site-sidebar-style":"default","ast-global-header-display":"","ast-banner-title-visibility":"","ast-main-header-display":"","ast-hfb-above-header-display":"","ast-hfb-below-header-display":"","ast-hfb-mobile-header-display":"","site-post-title":"","ast-breadcrumbs-content":"","ast-featured-img":"","footer-sml-layout":"","theme-transparent-header-meta":"","adv-header-id-meta":"","stick-header-meta":"","header-above-stick-meta":"","header-main-stick-meta":"","header-below-stick-meta":"","astra-migrate-meta-layouts":"default","ast-page-background-enabled":"default","ast-page-background-meta":{"desktop":{"background-color":"var(--ast-global-color-4)","background-image":"","background-repeat":"repeat","background-position":"center center","background-size":"auto","background-attachment":"scroll","background-type":"","background-media":"","overlay-type":"","overlay-color":"","overlay-opacity":"","overlay-gradient":""},"tablet":{"background-color":"","background-image":"","background-repeat":"repeat","background-position":"center center","background-size":"auto","background-attachment":"scroll","background-type":"","background-media":"","overlay-type":"","overlay-color":"","overlay-opacity":"","overlay-gradient":""},"mobile":{"background-color":"","background-image":"","background-repeat":"repeat","background-position":"center center","background-size":"auto","background-attachment":"scroll","background-type":"","background-media":"","overlay-type":"","overlay-color":"","overlay-opacity":"","overlay-gradient":""}},"ast-content-background-meta":{"desktop":{"background-color":"var(--ast-global-color-5)","background-image":"","background-repeat":"repeat","background-position":"center center","background-size":"auto","background-attachment":"scroll","background-type":"","background-media":"","overlay-type":"","overlay-color":"","overlay-opacity":"","overlay-gradient":""},"tablet":{"background-color":"var(--ast-global-color-5)","background-image":"","background-repeat":"repeat","background-position":"center center","background-size":"auto","background-attachment":"scroll","background-type":"","background-media":"","overlay-type":"","overlay-color":"","overlay-opacity":"","overlay-gradient":""},"mobile":{"background-color":"var(--ast-global-color-5)","background-image":"","background-repeat":"repeat","background-position":"center center","background-size":"auto","background-attachment":"scroll","background-type":"","background-media":"","overlay-type":"","overlay-color":"","overlay-opacity":"","overlay-gradient":""}},"footnotes":""},"categories":[64,1,29,77],"tags":[111],"class_list":["post-17347","post","type-post","status-publish","format-standard","has-post-thumbnail","hentry","category-comunitat","category-general","category-portada","category-servei-comunitari","tag-servei-comunitari"],"post_mailing_queue_ids":[],"_links":{"self":[{"href":"https:\/\/serveiseducatius.xtec.cat\/badalona\/wp-json\/wp\/v2\/posts\/17347","targetHints":{"allow":["GET"]}}],"collection":[{"href":"https:\/\/serveiseducatius.xtec.cat\/badalona\/wp-json\/wp\/v2\/posts"}],"about":[{"href":"https:\/\/serveiseducatius.xtec.cat\/badalona\/wp-json\/wp\/v2\/types\/post"}],"author":[{"embeddable":true,"href":"https:\/\/serveiseducatius.xtec.cat\/badalona\/wp-json\/wp\/v2\/users\/1"}],"replies":[{"embeddable":true,"href":"https:\/\/serveiseducatius.xtec.cat\/badalona\/wp-json\/wp\/v2\/comments?post=17347"}],"version-history":[{"count":1,"href":"https:\/\/serveiseducatius.xtec.cat\/badalona\/wp-json\/wp\/v2\/posts\/17347\/revisions"}],"predecessor-version":[{"id":17349,"href":"https:\/\/serveiseducatius.xtec.cat\/badalona\/wp-json\/wp\/v2\/posts\/17347\/revisions\/17349"}],"wp:featuredmedia":[{"embeddable":true,"href":"https:\/\/serveiseducatius.xtec.cat\/badalona\/wp-json\/wp\/v2\/media\/17348"}],"wp:attachment":[{"href":"https:\/\/serveiseducatius.xtec.cat\/badalona\/wp-json\/wp\/v2\/media?parent=17347"}],"wp:term":[{"taxonomy":"category","embeddable":true,"href":"https:\/\/serveiseducatius.xtec.cat\/badalona\/wp-json\/wp\/v2\/categories?post=17347"},{"taxonomy":"post_tag","embeddable":true,"href":"https:\/\/serveiseducatius.xtec.cat\/badalona\/wp-json\/wp\/v2\/tags?post=17347"}],"curies":[{"name":"wp","href":"https:\/\/api.w.org\/{rel}","templated":true}]}}