{"id":17284,"date":"2021-11-17T08:30:25","date_gmt":"2021-11-17T07:30:25","guid":{"rendered":"https:\/\/serveiseducatius.xtec.cat\/badalona\/?p=17284"},"modified":"2021-11-17T08:55:18","modified_gmt":"2021-11-17T07:55:18","slug":"xxix-jornada-de-reflexio-lus-del-catala-a-leducacio","status":"publish","type":"post","link":"https:\/\/serveiseducatius.xtec.cat\/badalona\/general\/xxix-jornada-de-reflexio-lus-del-catala-a-leducacio\/","title":{"rendered":"XXIX Jornada de Reflexi\u00f3 &#8220;L&#8217;\u00fas del catal\u00e0 a l&#8217;educaci\u00f3&#8221;"},"content":{"rendered":"<p><img loading=\"lazy\" decoding=\"async\" class=\"aligncenter size-full wp-image-17285\" src=\"https:\/\/serveiseducatius.xtec.cat\/badalona\/wp-content\/uploads\/usu1088\/2021\/11\/XXIX_logo_ilus-768x734-1.png\" alt=\"\" width=\"768\" height=\"734\" srcset=\"https:\/\/serveiseducatius.xtec.cat\/badalona\/wp-content\/uploads\/usu1088\/2021\/11\/XXIX_logo_ilus-768x734-1.png 768w, https:\/\/serveiseducatius.xtec.cat\/badalona\/wp-content\/uploads\/usu1088\/2021\/11\/XXIX_logo_ilus-768x734-1-300x287.png 300w\" sizes=\"auto, (max-width: 768px) 100vw, 768px\" \/>El Consell Escolar de Catalunya us complau convidar-vos a la XXIX Jornada de Reflexi\u00f3 \u201c<strong>L\u2019\u00fas del catal\u00e0 a l\u2019educaci\u00f3<\/strong>\u201d que es celebrar\u00e0 el dijous 2 de desembre a les 17.00, en l\u00ednia i que es podr\u00e0 seguir per la p\u00e0gina\u00a0<a href=\"http:\/\/secure-web.cisco.com\/15KOqgQaWqlT0yt5ZC14fVpJUzzkBQWcFLO1N_8ULWptWa1F-k5pdURnWwLa-MFE033U_pMHl2MVJJ_m8ABrgWd--MMSB-QhlUGcV5GTs8UQwMujfJfnwXrN0uPAFo3VezcswhxjTiA6HlmzOuMJoWyOVvwsirHHc9EX4ysrl48mpEK0Igsde7G0d5X6H-sKQry6nyWr4aRiKJJeT1rnpguYYrPsgWtC9FHEOeTZb21SP2To5SaMlT3tNWyF1dF4X9YOE3wN5nubeB_hLi-TmhrQ7BoMZNhneJgz7ljZKuyqpWp_lWsxWi6lGXECiAcDXUsICaNWgOmwpeu3LEbPeAIbRM7QHHuBM-eTBPFlK6iDhinYApXhsS5Enx9QeAnSn2dpHLmiTkHDuQ1CbulSP2q0Hn7NgLJBpByelSMNxUH7jf8Za_vl0I5FihsHqPuWiqf2j5NPksGDXlcVESZOG3mOfTo0XnVrAHivlVqBx1ppCLypdSDnxtoNVKoh191ZM\/http%3A%2F%2Fwww.consescat.cat\" target=\"_blank\" rel=\"noopener\">www.consescat.cat<\/a>.<\/p>\n<p><a href=\"https:\/\/projectes.xtec.cat\/consescat\/xxix-jornada-de-reflexio-lus-de-la-llengua-catalana-als-ambits-educatius\/programa\/\" target=\"_blank\" rel=\"noopener\">Programa de la jornada<\/a><\/p>\n<p>Us podeu inscriure a la jornada a trav\u00e9s de la p\u00e0gina del Consescat que \u00e9s l\u2019entorn de participaci\u00f3 del Consell Escolar de Catalunya, en aquest <a href=\"https:\/\/projectes.xtec.cat\/consescat\/xxix-jornada-de-reflexio-lus-de-la-llengua-catalana-als-ambits-educatius\/inscripcions\/\" target=\"_blank\" rel=\"noopener\">enlla\u00e7<\/a> \u00a0. Tamb\u00e9 ho podeu fer per mitj\u00e0 de l\u2019aplicaci\u00f3 de formaci\u00f3 del professorat:\u00a0 <a href=\"https:\/\/aplicacions.gestioeducativa.gencat.cat\/pls\/gtaf\/pk_for_mod_ins.p_for_detall_activitat?p_codi=9000018888&amp;p_curs=2021-2022&amp;p_es_inscr=S\" target=\"_blank\" rel=\"noopener\">9000018888 XXIX Jornada de reflexi\u00f3 del CEC. L\u2019\u00fas del catal\u00e0 a l\u2019educaci\u00f3<\/a><\/p>\n<p>L\u2019enlla\u00e7 a la jornada s\u2019enviar\u00e0 uns dies abans a les persones inscrites.<\/p>\n<p>Us animem a assistir-hi !!<\/p>\n<p>&nbsp;<\/p>\n","protected":false},"excerpt":{"rendered":"<p>El Consell Escolar de Catalunya us complau convidar-vos a la XXIX Jornada de Reflexi\u00f3 \u201cL\u2019\u00fas del catal\u00e0 a l\u2019educaci\u00f3\u201d que [&hellip;]<\/p>\n","protected":false},"author":1,"featured_media":17285,"comment_status":"closed","ping_status":"closed","sticky":false,"template":"","format":"standard","meta":{"_bbp_topic_count":0,"_bbp_reply_count":0,"_bbp_total_topic_count":0,"_bbp_total_reply_count":0,"_bbp_voice_count":0,"_bbp_anonymous_reply_count":0,"_bbp_topic_count_hidden":0,"_bbp_reply_count_hidden":0,"_bbp_forum_subforum_count":0,"site-sidebar-layout":"default","site-content-layout":"","ast-site-content-layout":"","site-content-style":"default","site-sidebar-style":"default","ast-global-header-display":"","ast-banner-title-visibility":"","ast-main-header-display":"","ast-hfb-above-header-display":"","ast-hfb-below-header-display":"","ast-hfb-mobile-header-display":"","site-post-title":"","ast-breadcrumbs-content":"","ast-featured-img":"","footer-sml-layout":"","theme-transparent-header-meta":"","adv-header-id-meta":"","stick-header-meta":"","header-above-stick-meta":"","header-main-stick-meta":"","header-below-stick-meta":"","astra-migrate-meta-layouts":"default","ast-page-background-enabled":"default","ast-page-background-meta":{"desktop":{"background-color":"var(--ast-global-color-4)","background-image":"","background-repeat":"repeat","background-position":"center center","background-size":"auto","background-attachment":"scroll","background-type":"","background-media":"","overlay-type":"","overlay-color":"","overlay-opacity":"","overlay-gradient":""},"tablet":{"background-color":"","background-image":"","background-repeat":"repeat","background-position":"center center","background-size":"auto","background-attachment":"scroll","background-type":"","background-media":"","overlay-type":"","overlay-color":"","overlay-opacity":"","overlay-gradient":""},"mobile":{"background-color":"","background-image":"","background-repeat":"repeat","background-position":"center center","background-size":"auto","background-attachment":"scroll","background-type":"","background-media":"","overlay-type":"","overlay-color":"","overlay-opacity":"","overlay-gradient":""}},"ast-content-background-meta":{"desktop":{"background-color":"var(--ast-global-color-5)","background-image":"","background-repeat":"repeat","background-position":"center center","background-size":"auto","background-attachment":"scroll","background-type":"","background-media":"","overlay-type":"","overlay-color":"","overlay-opacity":"","overlay-gradient":""},"tablet":{"background-color":"var(--ast-global-color-5)","background-image":"","background-repeat":"repeat","background-position":"center center","background-size":"auto","background-attachment":"scroll","background-type":"","background-media":"","overlay-type":"","overlay-color":"","overlay-opacity":"","overlay-gradient":""},"mobile":{"background-color":"var(--ast-global-color-5)","background-image":"","background-repeat":"repeat","background-position":"center center","background-size":"auto","background-attachment":"scroll","background-type":"","background-media":"","overlay-type":"","overlay-color":"","overlay-opacity":"","overlay-gradient":""}},"footnotes":""},"categories":[64,1],"tags":[180,1611],"class_list":["post-17284","post","type-post","status-publish","format-standard","has-post-thumbnail","hentry","category-comunitat","category-general","tag-jornada","tag-llengua-catalana"],"post_mailing_queue_ids":[],"_links":{"self":[{"href":"https:\/\/serveiseducatius.xtec.cat\/badalona\/wp-json\/wp\/v2\/posts\/17284","targetHints":{"allow":["GET"]}}],"collection":[{"href":"https:\/\/serveiseducatius.xtec.cat\/badalona\/wp-json\/wp\/v2\/posts"}],"about":[{"href":"https:\/\/serveiseducatius.xtec.cat\/badalona\/wp-json\/wp\/v2\/types\/post"}],"author":[{"embeddable":true,"href":"https:\/\/serveiseducatius.xtec.cat\/badalona\/wp-json\/wp\/v2\/users\/1"}],"replies":[{"embeddable":true,"href":"https:\/\/serveiseducatius.xtec.cat\/badalona\/wp-json\/wp\/v2\/comments?post=17284"}],"version-history":[{"count":2,"href":"https:\/\/serveiseducatius.xtec.cat\/badalona\/wp-json\/wp\/v2\/posts\/17284\/revisions"}],"predecessor-version":[{"id":17287,"href":"https:\/\/serveiseducatius.xtec.cat\/badalona\/wp-json\/wp\/v2\/posts\/17284\/revisions\/17287"}],"wp:featuredmedia":[{"embeddable":true,"href":"https:\/\/serveiseducatius.xtec.cat\/badalona\/wp-json\/wp\/v2\/media\/17285"}],"wp:attachment":[{"href":"https:\/\/serveiseducatius.xtec.cat\/badalona\/wp-json\/wp\/v2\/media?parent=17284"}],"wp:term":[{"taxonomy":"category","embeddable":true,"href":"https:\/\/serveiseducatius.xtec.cat\/badalona\/wp-json\/wp\/v2\/categories?post=17284"},{"taxonomy":"post_tag","embeddable":true,"href":"https:\/\/serveiseducatius.xtec.cat\/badalona\/wp-json\/wp\/v2\/tags?post=17284"}],"curies":[{"name":"wp","href":"https:\/\/api.w.org\/{rel}","templated":true}]}}