{"id":17202,"date":"2021-11-04T09:00:51","date_gmt":"2021-11-04T08:00:51","guid":{"rendered":"https:\/\/serveiseducatius.xtec.cat\/badalona\/?p=17202"},"modified":"2022-03-02T16:16:07","modified_gmt":"2022-03-02T15:16:07","slug":"1a-edicio-premi-europa-jove-per-treballs-de-recerca-de-batxillerat-de-tematica-europea","status":"publish","type":"post","link":"https:\/\/serveiseducatius.xtec.cat\/badalona\/portada\/1a-edicio-premi-europa-jove-per-treballs-de-recerca-de-batxillerat-de-tematica-europea\/","title":{"rendered":"1\u00aa edici\u00f3 &#8220;Premi Europa Jove\u201d per\u00a0treballs de recerca de batxillerat de tem\u00e0tica europea\u00a0"},"content":{"rendered":"<p><img loading=\"lazy\" decoding=\"async\" class=\"size-full wp-image-17203 alignleft\" src=\"https:\/\/serveiseducatius.xtec.cat\/badalona\/wp-content\/uploads\/usu1088\/2021\/11\/Captura-de-pantalla-2021-11-03-115740.png\" alt=\"\" width=\"297\" height=\"173\" \/>La Representaci\u00f3 de la Comissi\u00f3 Europea a Barcelona i la Fundaci\u00f3 Catalunya Europa convoquen la primera edici\u00f3 del \u201cPremi Europa Jove\u201d que reconeix\u00a0<strong>treballs de recerca de batxillerat de tem\u00e0tica europea<\/strong>\u00a0amb l\u2019objectiu de promoure el coneixement,\u00a0la recerca i l\u2019inter\u00e8s dels joves per la realitat de la UE.<\/p>\n<p>El premi est\u00e0 obert a tot l\u2019alumnat de batxillerat de centres de Catalunya que hagi portat a terme un treball de recerca sobre algun dels temes de\u00a0<strong>l\u2019agenda estrat\u00e8gica de la Uni\u00f3 i totes aquelles recerques de temes pol\u00edtics, econ\u00f2mics, cient\u00edfics o socials que s\u2019abordin des d\u2019una perspectiva europea<\/strong>.<\/p>\n<p>La dotaci\u00f3, de <strong style=\"font-family: inherit; font-size: 1em;\">700\u20ac<\/strong><span style=\"font-family: inherit; font-size: 1em;\">,\u00a0s\u2019entregar\u00e0 a un \u00fanic treball guanyador. El premi, a m\u00e9s, inclou una visita de formaci\u00f3 a les institucions europees a Brussel\u00b7les.<\/span><\/p>\n<p>El termini de presentaci\u00f3 de treballs finalitza el\u00a0<strong>2 de maig de 2022<\/strong>\u00a0(incl\u00f2s).<\/p>\n<p>Trobareu m\u00e9s informaci\u00f3, les bases del concurs i el formulari de sol\u00b7licitud en aquest enlla\u00e7:\u00a0<a href=\"https:\/\/secure-web.cisco.com\/1B2ShXtUOY2VS5xJsmCfh7c-RiLDBxVauTtQWdT-V3I_xxopBZZPmstQY7-vEGziWA8-PhS3redt89FQmLYtMbqxI1fJ4kKGPv46Qv4mYfbfuKkY7drxkNT7XBzTGGSP8WDj6BHLUTHvuSPMqGBZpvUnl8UPwpxLbP9FcI70gwlAae62CWpUEkCN03O-DAWbcNQA28GKS5OPArJsjhTv6oEbrvTCKRv0QR1E8wXyjvzTM1umlLxi-wljYe90FENTxk14ocrNq6cDvgNRCpiXNACzYZLvPyT05gpF-csLSH5jGM3S1JKsxhHgnaqgVbuk-EIRJI0rrVUimFtT6_Fr6uD9xTjV3HOwAbbNCLHnYvj_4MHae3zmkjP9nO16vkaBjWIu2guAbZ52zgyO7MYUWZA\/https%3A%2F%2Fwww.catalunyaeuropa.net%2Fca%2Ffundacio%2Farticles%2F104%2Fpremi-europa-jove.html\" data-saferedirecturl=\"https:\/\/www.google.com\/url?q=https:\/\/secure-web.cisco.com\/1B2ShXtUOY2VS5xJsmCfh7c-RiLDBxVauTtQWdT-V3I_xxopBZZPmstQY7-vEGziWA8-PhS3redt89FQmLYtMbqxI1fJ4kKGPv46Qv4mYfbfuKkY7drxkNT7XBzTGGSP8WDj6BHLUTHvuSPMqGBZpvUnl8UPwpxLbP9FcI70gwlAae62CWpUEkCN03O-DAWbcNQA28GKS5OPArJsjhTv6oEbrvTCKRv0QR1E8wXyjvzTM1umlLxi-wljYe90FENTxk14ocrNq6cDvgNRCpiXNACzYZLvPyT05gpF-csLSH5jGM3S1JKsxhHgnaqgVbuk-EIRJI0rrVUimFtT6_Fr6uD9xTjV3HOwAbbNCLHnYvj_4MHae3zmkjP9nO16vkaBjWIu2guAbZ52zgyO7MYUWZA\/https%253A%252F%252Fwww.catalunyaeuropa.net%252Fca%252Ffundacio%252Farticles%252F104%252Fpremi-europa-jove.html&amp;source=gmail&amp;ust=1636008192412000&amp;usg=AFQjCNHUxkvVJ4ofEgoljG08NIN0ERbpbw\">Fundaci\u00f3 Catalunya Europa<\/a><\/p>\n<p>&nbsp;<\/p>\n<div class=\"addtoany_share_save_container addtoany_content addtoany_content_bottom\">\n<div class=\"a2a_kit a2a_kit_size_24 addtoany_list\" data-a2a-url=\"https:\/\/projectes.xtec.cat\/internacional\/general\/premi-europa-jove\/\" data-a2a-title=\"Premi Europa Jove\">\u00a0<\/div>\n<\/div>\n","protected":false},"excerpt":{"rendered":"<p>La Representaci\u00f3 de la Comissi\u00f3 Europea a Barcelona i la Fundaci\u00f3 Catalunya Europa convoquen la primera edici\u00f3 del \u201cPremi Europa [&hellip;]<\/p>\n","protected":false},"author":15,"featured_media":17203,"comment_status":"closed","ping_status":"closed","sticky":false,"template":"","format":"standard","meta":{"_bbp_topic_count":0,"_bbp_reply_count":0,"_bbp_total_topic_count":0,"_bbp_total_reply_count":0,"_bbp_voice_count":0,"_bbp_anonymous_reply_count":0,"_bbp_topic_count_hidden":0,"_bbp_reply_count_hidden":0,"_bbp_forum_subforum_count":0,"site-sidebar-layout":"default","site-content-layout":"","ast-site-content-layout":"","site-content-style":"default","site-sidebar-style":"default","ast-global-header-display":"","ast-banner-title-visibility":"","ast-main-header-display":"","ast-hfb-above-header-display":"","ast-hfb-below-header-display":"","ast-hfb-mobile-header-display":"","site-post-title":"","ast-breadcrumbs-content":"","ast-featured-img":"","footer-sml-layout":"","theme-transparent-header-meta":"","adv-header-id-meta":"","stick-header-meta":"","header-above-stick-meta":"","header-main-stick-meta":"","header-below-stick-meta":"","astra-migrate-meta-layouts":"default","ast-page-background-enabled":"default","ast-page-background-meta":{"desktop":{"background-color":"var(--ast-global-color-4)","background-image":"","background-repeat":"repeat","background-position":"center center","background-size":"auto","background-attachment":"scroll","background-type":"","background-media":"","overlay-type":"","overlay-color":"","overlay-opacity":"","overlay-gradient":""},"tablet":{"background-color":"","background-image":"","background-repeat":"repeat","background-position":"center center","background-size":"auto","background-attachment":"scroll","background-type":"","background-media":"","overlay-type":"","overlay-color":"","overlay-opacity":"","overlay-gradient":""},"mobile":{"background-color":"","background-image":"","background-repeat":"repeat","background-position":"center center","background-size":"auto","background-attachment":"scroll","background-type":"","background-media":"","overlay-type":"","overlay-color":"","overlay-opacity":"","overlay-gradient":""}},"ast-content-background-meta":{"desktop":{"background-color":"var(--ast-global-color-5)","background-image":"","background-repeat":"repeat","background-position":"center center","background-size":"auto","background-attachment":"scroll","background-type":"","background-media":"","overlay-type":"","overlay-color":"","overlay-opacity":"","overlay-gradient":""},"tablet":{"background-color":"var(--ast-global-color-5)","background-image":"","background-repeat":"repeat","background-position":"center center","background-size":"auto","background-attachment":"scroll","background-type":"","background-media":"","overlay-type":"","overlay-color":"","overlay-opacity":"","overlay-gradient":""},"mobile":{"background-color":"var(--ast-global-color-5)","background-image":"","background-repeat":"repeat","background-position":"center center","background-size":"auto","background-attachment":"scroll","background-type":"","background-media":"","overlay-type":"","overlay-color":"","overlay-opacity":"","overlay-gradient":""}},"footnotes":""},"categories":[299,29],"tags":[505,1047],"class_list":["post-17202","post","type-post","status-publish","format-standard","has-post-thumbnail","hentry","category-jornades-cientifiques","category-portada","tag-premis","tag-treballs-de-recerca"],"post_mailing_queue_ids":[],"_links":{"self":[{"href":"https:\/\/serveiseducatius.xtec.cat\/badalona\/wp-json\/wp\/v2\/posts\/17202","targetHints":{"allow":["GET"]}}],"collection":[{"href":"https:\/\/serveiseducatius.xtec.cat\/badalona\/wp-json\/wp\/v2\/posts"}],"about":[{"href":"https:\/\/serveiseducatius.xtec.cat\/badalona\/wp-json\/wp\/v2\/types\/post"}],"author":[{"embeddable":true,"href":"https:\/\/serveiseducatius.xtec.cat\/badalona\/wp-json\/wp\/v2\/users\/15"}],"replies":[{"embeddable":true,"href":"https:\/\/serveiseducatius.xtec.cat\/badalona\/wp-json\/wp\/v2\/comments?post=17202"}],"version-history":[{"count":2,"href":"https:\/\/serveiseducatius.xtec.cat\/badalona\/wp-json\/wp\/v2\/posts\/17202\/revisions"}],"predecessor-version":[{"id":17205,"href":"https:\/\/serveiseducatius.xtec.cat\/badalona\/wp-json\/wp\/v2\/posts\/17202\/revisions\/17205"}],"wp:featuredmedia":[{"embeddable":true,"href":"https:\/\/serveiseducatius.xtec.cat\/badalona\/wp-json\/wp\/v2\/media\/17203"}],"wp:attachment":[{"href":"https:\/\/serveiseducatius.xtec.cat\/badalona\/wp-json\/wp\/v2\/media?parent=17202"}],"wp:term":[{"taxonomy":"category","embeddable":true,"href":"https:\/\/serveiseducatius.xtec.cat\/badalona\/wp-json\/wp\/v2\/categories?post=17202"},{"taxonomy":"post_tag","embeddable":true,"href":"https:\/\/serveiseducatius.xtec.cat\/badalona\/wp-json\/wp\/v2\/tags?post=17202"}],"curies":[{"name":"wp","href":"https:\/\/api.w.org\/{rel}","templated":true}]}}