{"id":16665,"date":"2021-09-03T08:30:07","date_gmt":"2021-09-03T06:30:07","guid":{"rendered":"http:\/\/serveiseducatius.xtec.cat\/badalona\/?p=16665"},"modified":"2021-09-14T10:05:51","modified_gmt":"2021-09-14T08:05:51","slug":"conferencia-dinici-de-curs-2021-2022-amb-aina-tarabini-el-rol-dels-centres-educatius-en-la-creacio-de-lexit-i-el-fracas-escolar","status":"publish","type":"post","link":"https:\/\/serveiseducatius.xtec.cat\/badalona\/general\/conferencia-dinici-de-curs-2021-2022-amb-aina-tarabini-el-rol-dels-centres-educatius-en-la-creacio-de-lexit-i-el-fracas-escolar\/","title":{"rendered":"Confer\u00e8ncia d&#8217;inici de curs 2021-2022 amb Aina Tarabini: El rol dels centres educatius en la creaci\u00f3 de l&#8217;\u00e8xit i el frac\u00e0s escolar 8 de setembre"},"content":{"rendered":"<p><img loading=\"lazy\" decoding=\"async\" class=\" wp-image-16666 alignleft\" src=\"https:\/\/serveiseducatius.xtec.cat\/badalona\/wp-content\/uploads\/usu1088\/2021\/06\/s200_aina.tarabini.jpg\" alt=\"\" width=\"220\" height=\"220\" srcset=\"https:\/\/serveiseducatius.xtec.cat\/badalona\/wp-content\/uploads\/usu1088\/2021\/06\/s200_aina.tarabini.jpg 200w, https:\/\/serveiseducatius.xtec.cat\/badalona\/wp-content\/uploads\/usu1088\/2021\/06\/s200_aina.tarabini-150x150.jpg 150w\" sizes=\"auto, (max-width: 220px) 100vw, 220px\" \/>El <strong>dimecres 8 de setembre, a les 12 h<\/strong>, es far\u00e0 l&#8217;acte d&#8217;inauguraci\u00f3 del curs 2021-22, en format virtual, adre\u00e7at al professorat i equips directius de centres de tots els nivells educatius, entitats i t\u00e8cnics de l\u2019\u00e0mbit de l\u2019educaci\u00f3.<\/p>\n<p><a href=\"https:\/\/aplicacions.gestioeducativa.gencat.cat\/pls\/soloas\/pk_for_mod_ins.p_for_detall_activitat?p_header=Llista%20d%27activitats^pk_for_mod_ins.p_for_cons_activitats?p_crp=204%26p_any=2021-2022%26p_totes=s%26p_inici=31%26p_excloure_crp_rec=F&amp;p_codi=2043001204&amp;p_curs=2021-2022&amp;p_excloure_crp_rec=F\" target=\"_blank\" rel=\"noopener\"><span style=\"font-size: 14pt;\"><strong>INSCRIPCI\u00d3<\/strong><\/span><\/a><\/p>\n<p>L\u2019acte, organitzat pel CRP de la Generalitat de Catalunya i el Servei d\u2019Educaci\u00f3 de l\u2019Ajuntament de Badalona, s\u2019iniciar\u00e0 amb una confer\u00e8ncia d\u2019<a href=\"https:\/\/ca.wikipedia.org\/wiki\/Aina_Tarabini\" target=\"_blank\" rel=\"noopener noreferrer\"><strong>Aina Tarabini<\/strong><\/a>, professora del departament de Sociologia de la UAB.<\/p>\n<p>La confer\u00e8ncia porta per t\u00edtol &#8220;<strong>El rol dels centres educatius en la creaci\u00f3 de l&#8217;\u00e8xit i el frac\u00e0s escolar<\/strong>&#8220;: L\u2019abandonament escolar, lluny de ser un fenomen natural o basat purament en decisions i eleccions individuals, est\u00e0 constru\u00eft socialment i escolarment; l\u2019alumnat no decideix a partir del no-res, sin\u00f3 que est\u00e0 influenciat pels seus contextos de refer\u00e8ncia, i els centres educatius tenen un paper clau en aquest sentit. Els contextos educatius poden actuar com a poderosos agents d\u2019inclusi\u00f3 educativa, per\u00f2 tamb\u00e9 poden actuar en sentit contrari i excloure nombrosos joves de les oportunitats d\u2019\u00e8xit escolar.<\/p>\n<p>S&#8217;iniciar\u00e0 l&#8217;activitat donant pas a la presentaci\u00f3 del Pla de Formaci\u00f3 del Professorat i de la Guia d&#8217;Activitats Educatives 2021\/22, i finalitzar\u00e0 amb la confer\u00e8ncia que inaugurar\u00e0 el curs 2021\/22.<\/p>\n<p><a href=\"https:\/\/serveiseducatius.xtec.cat\/badalona\/wp-content\/uploads\/usu1088\/2021\/07\/Acte-inici-curs-BDN-21-22-A3.pdf\">Cartell de l&#8217;acte inici curs BDN 21-22 A3<\/a><\/p>\n","protected":false},"excerpt":{"rendered":"<p>El dimecres 8 de setembre, a les 12 h, es far\u00e0 l&#8217;acte d&#8217;inauguraci\u00f3 del curs 2021-22, en format virtual, adre\u00e7at [&hellip;]<\/p>\n","protected":false},"author":9,"featured_media":16672,"comment_status":"closed","ping_status":"closed","sticky":false,"template":"","format":"standard","meta":{"_bbp_topic_count":0,"_bbp_reply_count":0,"_bbp_total_topic_count":0,"_bbp_total_reply_count":0,"_bbp_voice_count":0,"_bbp_anonymous_reply_count":0,"_bbp_topic_count_hidden":0,"_bbp_reply_count_hidden":0,"_bbp_forum_subforum_count":0,"site-sidebar-layout":"default","site-content-layout":"","ast-site-content-layout":"","site-content-style":"default","site-sidebar-style":"default","ast-global-header-display":"","ast-banner-title-visibility":"","ast-main-header-display":"","ast-hfb-above-header-display":"","ast-hfb-below-header-display":"","ast-hfb-mobile-header-display":"","site-post-title":"","ast-breadcrumbs-content":"","ast-featured-img":"","footer-sml-layout":"","theme-transparent-header-meta":"","adv-header-id-meta":"","stick-header-meta":"","header-above-stick-meta":"","header-main-stick-meta":"","header-below-stick-meta":"","astra-migrate-meta-layouts":"default","ast-page-background-enabled":"default","ast-page-background-meta":{"desktop":{"background-color":"var(--ast-global-color-4)","background-image":"","background-repeat":"repeat","background-position":"center center","background-size":"auto","background-attachment":"scroll","background-type":"","background-media":"","overlay-type":"","overlay-color":"","overlay-opacity":"","overlay-gradient":""},"tablet":{"background-color":"","background-image":"","background-repeat":"repeat","background-position":"center center","background-size":"auto","background-attachment":"scroll","background-type":"","background-media":"","overlay-type":"","overlay-color":"","overlay-opacity":"","overlay-gradient":""},"mobile":{"background-color":"","background-image":"","background-repeat":"repeat","background-position":"center center","background-size":"auto","background-attachment":"scroll","background-type":"","background-media":"","overlay-type":"","overlay-color":"","overlay-opacity":"","overlay-gradient":""}},"ast-content-background-meta":{"desktop":{"background-color":"var(--ast-global-color-5)","background-image":"","background-repeat":"repeat","background-position":"center center","background-size":"auto","background-attachment":"scroll","background-type":"","background-media":"","overlay-type":"","overlay-color":"","overlay-opacity":"","overlay-gradient":""},"tablet":{"background-color":"var(--ast-global-color-5)","background-image":"","background-repeat":"repeat","background-position":"center center","background-size":"auto","background-attachment":"scroll","background-type":"","background-media":"","overlay-type":"","overlay-color":"","overlay-opacity":"","overlay-gradient":""},"mobile":{"background-color":"var(--ast-global-color-5)","background-image":"","background-repeat":"repeat","background-position":"center center","background-size":"auto","background-attachment":"scroll","background-type":"","background-media":"","overlay-type":"","overlay-color":"","overlay-opacity":"","overlay-gradient":""}},"footnotes":""},"categories":[165,1,872,29],"tags":[1531,457,970,1024],"class_list":["post-16665","post","type-post","status-publish","format-standard","has-post-thumbnail","hentry","category-formacio","category-general","category-missatgeria","category-portada","tag-aina-tarabini","tag-conferencia","tag-inici-de-curs","tag-videoconferencia"],"post_mailing_queue_ids":[],"_links":{"self":[{"href":"https:\/\/serveiseducatius.xtec.cat\/badalona\/wp-json\/wp\/v2\/posts\/16665","targetHints":{"allow":["GET"]}}],"collection":[{"href":"https:\/\/serveiseducatius.xtec.cat\/badalona\/wp-json\/wp\/v2\/posts"}],"about":[{"href":"https:\/\/serveiseducatius.xtec.cat\/badalona\/wp-json\/wp\/v2\/types\/post"}],"author":[{"embeddable":true,"href":"https:\/\/serveiseducatius.xtec.cat\/badalona\/wp-json\/wp\/v2\/users\/9"}],"replies":[{"embeddable":true,"href":"https:\/\/serveiseducatius.xtec.cat\/badalona\/wp-json\/wp\/v2\/comments?post=16665"}],"version-history":[{"count":4,"href":"https:\/\/serveiseducatius.xtec.cat\/badalona\/wp-json\/wp\/v2\/posts\/16665\/revisions"}],"predecessor-version":[{"id":16765,"href":"https:\/\/serveiseducatius.xtec.cat\/badalona\/wp-json\/wp\/v2\/posts\/16665\/revisions\/16765"}],"wp:featuredmedia":[{"embeddable":true,"href":"https:\/\/serveiseducatius.xtec.cat\/badalona\/wp-json\/wp\/v2\/media\/16672"}],"wp:attachment":[{"href":"https:\/\/serveiseducatius.xtec.cat\/badalona\/wp-json\/wp\/v2\/media?parent=16665"}],"wp:term":[{"taxonomy":"category","embeddable":true,"href":"https:\/\/serveiseducatius.xtec.cat\/badalona\/wp-json\/wp\/v2\/categories?post=16665"},{"taxonomy":"post_tag","embeddable":true,"href":"https:\/\/serveiseducatius.xtec.cat\/badalona\/wp-json\/wp\/v2\/tags?post=16665"}],"curies":[{"name":"wp","href":"https:\/\/api.w.org\/{rel}","templated":true}]}}