{"id":16394,"date":"2021-05-17T08:49:39","date_gmt":"2021-05-17T06:49:39","guid":{"rendered":"http:\/\/serveiseducatius.xtec.cat\/badalona\/?p=16394"},"modified":"2021-05-17T08:49:39","modified_gmt":"2021-05-17T06:49:39","slug":"dia-internacional-contra-lhomofobia-transfobia-i-bifobia-17-de-maig","status":"publish","type":"post","link":"https:\/\/serveiseducatius.xtec.cat\/badalona\/portada\/dia-internacional-contra-lhomofobia-transfobia-i-bifobia-17-de-maig\/","title":{"rendered":"Dia Internacional Contra l&#8217;Homof\u00f2bia, Transf\u00f2bia i Bif\u00f2bia 17 de maig"},"content":{"rendered":"<p><img loading=\"lazy\" decoding=\"async\" class=\"size-full wp-image-16396 alignleft\" src=\"https:\/\/serveiseducatius.xtec.cat\/badalona\/wp-content\/uploads\/usu1088\/2021\/05\/Captura-1.png\" alt=\"\" width=\"330\" height=\"329\" srcset=\"https:\/\/serveiseducatius.xtec.cat\/badalona\/wp-content\/uploads\/usu1088\/2021\/05\/Captura-1.png 330w, https:\/\/serveiseducatius.xtec.cat\/badalona\/wp-content\/uploads\/usu1088\/2021\/05\/Captura-1-150x150.png 150w, https:\/\/serveiseducatius.xtec.cat\/badalona\/wp-content\/uploads\/usu1088\/2021\/05\/Captura-1-300x300.png 300w\" sizes=\"auto, (max-width: 330px) 100vw, 330px\" \/><\/p>\n<p style=\"font-weight: 400;\">Cada <strong>17 de maig<\/strong>\u00a0es commemora la lluita contra l&#8217;homof\u00f2bia (lesbof\u00f2bia i gaif\u00f2bia), la bif\u00f2bia, la transf\u00f2bia i la f\u00f2bia a la intersexualitat. Des del sistema educatiu, recordem que cal treballar per garantir els drets de les persones LGBTI a fi que la viv\u00e8ncia del g\u00e8nere sigui una viv\u00e8ncia saludable i empoderadora de totes les persones.<\/p>\n<p style=\"font-weight: 400;\">Els centres educatius s\u00f3n espais de socialitzaci\u00f3 i, per tant, s\u00f3n un marc idoni per fomentar un esperit cr\u00edtic envers el sexisme, valorar el m\u00f3n de la cura i comprometre\u2019s amb els eixos de diversitat.<\/p>\n<p style=\"font-weight: 400;\">Us suggerim propostes d&#8217;actuaci\u00f3 i recursos espec\u00edfics a fi de promoure la conscienciaci\u00f3 de la diversitat de g\u00e8nere i la prevenci\u00f3 i l\u2019abordatge de l&#8217;assetjament LGBTI.<\/p>\n<p style=\"font-weight: 400;\">Un cop realitzada l&#8217;activitat podeu fer la difusi\u00f3 amb fotografies, v\u00eddeos o enlla\u00e7os (a la vostra p\u00e0gina web o bloc), \u00a0al Twitter o Instagram amb les etiquetes\u00a0<strong>#stoplgbtifobia<\/strong>\u00a0<strong>#coeducat<\/strong>\u00a0<strong>#lesescoleslliuresdeviolencies<\/strong>\u00a0i amb menci\u00f3 a\u00a0@xtec<\/p>\n<p style=\"font-weight: 400;\">Podeu trobar m\u00e9s informaci\u00f3 a:\u00a0<a href=\"http:\/\/xtec.gencat.cat\/ca\/centres\/celebracions\/2021\/dia-internacional-contra-lhomofobia-la-transfobia-i-la-bifobia\/\" data-saferedirecturl=\"https:\/\/www.google.com\/url?q=http:\/\/xtec.gencat.cat\/ca\/centres\/celebracions\/2021\/dia-internacional-contra-lhomofobia-la-transfobia-i-la-bifobia\/&amp;source=gmail&amp;ust=1621317883188000&amp;usg=AFQjCNF8whVSbCvg2QgZq2mwcN3cRXCwHQ\">http:\/\/xtec.gencat.cat\/ca\/centres\/celebracions\/2021\/dia-internacional-contra-lhomofobia-la-transfobia-i-la-bifobia\/<\/a><\/p>\n","protected":false},"excerpt":{"rendered":"<p>Cada 17 de maig\u00a0es commemora la lluita contra l&#8217;homof\u00f2bia (lesbof\u00f2bia i gaif\u00f2bia), la bif\u00f2bia, la transf\u00f2bia i la f\u00f2bia a [&hellip;]<\/p>\n","protected":false},"author":15,"featured_media":16395,"comment_status":"closed","ping_status":"closed","sticky":false,"template":"","format":"standard","meta":{"_bbp_topic_count":0,"_bbp_reply_count":0,"_bbp_total_topic_count":0,"_bbp_total_reply_count":0,"_bbp_voice_count":0,"_bbp_anonymous_reply_count":0,"_bbp_topic_count_hidden":0,"_bbp_reply_count_hidden":0,"_bbp_forum_subforum_count":0,"site-sidebar-layout":"default","site-content-layout":"","ast-site-content-layout":"","site-content-style":"default","site-sidebar-style":"default","ast-global-header-display":"","ast-banner-title-visibility":"","ast-main-header-display":"","ast-hfb-above-header-display":"","ast-hfb-below-header-display":"","ast-hfb-mobile-header-display":"","site-post-title":"","ast-breadcrumbs-content":"","ast-featured-img":"","footer-sml-layout":"","theme-transparent-header-meta":"","adv-header-id-meta":"","stick-header-meta":"","header-above-stick-meta":"","header-main-stick-meta":"","header-below-stick-meta":"","astra-migrate-meta-layouts":"default","ast-page-background-enabled":"default","ast-page-background-meta":{"desktop":{"background-color":"var(--ast-global-color-4)","background-image":"","background-repeat":"repeat","background-position":"center center","background-size":"auto","background-attachment":"scroll","background-type":"","background-media":"","overlay-type":"","overlay-color":"","overlay-opacity":"","overlay-gradient":""},"tablet":{"background-color":"","background-image":"","background-repeat":"repeat","background-position":"center center","background-size":"auto","background-attachment":"scroll","background-type":"","background-media":"","overlay-type":"","overlay-color":"","overlay-opacity":"","overlay-gradient":""},"mobile":{"background-color":"","background-image":"","background-repeat":"repeat","background-position":"center center","background-size":"auto","background-attachment":"scroll","background-type":"","background-media":"","overlay-type":"","overlay-color":"","overlay-opacity":"","overlay-gradient":""}},"ast-content-background-meta":{"desktop":{"background-color":"var(--ast-global-color-5)","background-image":"","background-repeat":"repeat","background-position":"center center","background-size":"auto","background-attachment":"scroll","background-type":"","background-media":"","overlay-type":"","overlay-color":"","overlay-opacity":"","overlay-gradient":""},"tablet":{"background-color":"var(--ast-global-color-5)","background-image":"","background-repeat":"repeat","background-position":"center center","background-size":"auto","background-attachment":"scroll","background-type":"","background-media":"","overlay-type":"","overlay-color":"","overlay-opacity":"","overlay-gradient":""},"mobile":{"background-color":"var(--ast-global-color-5)","background-image":"","background-repeat":"repeat","background-position":"center center","background-size":"auto","background-attachment":"scroll","background-type":"","background-media":"","overlay-type":"","overlay-color":"","overlay-opacity":"","overlay-gradient":""}},"footnotes":""},"categories":[1450,29],"tags":[645],"class_list":["post-16394","post","type-post","status-publish","format-standard","has-post-thumbnail","hentry","category-coeducacio-perspectiva-de-genere-i-educacio-afectiva-sexual","category-portada","tag-coeducacio"],"post_mailing_queue_ids":[],"_links":{"self":[{"href":"https:\/\/serveiseducatius.xtec.cat\/badalona\/wp-json\/wp\/v2\/posts\/16394","targetHints":{"allow":["GET"]}}],"collection":[{"href":"https:\/\/serveiseducatius.xtec.cat\/badalona\/wp-json\/wp\/v2\/posts"}],"about":[{"href":"https:\/\/serveiseducatius.xtec.cat\/badalona\/wp-json\/wp\/v2\/types\/post"}],"author":[{"embeddable":true,"href":"https:\/\/serveiseducatius.xtec.cat\/badalona\/wp-json\/wp\/v2\/users\/15"}],"replies":[{"embeddable":true,"href":"https:\/\/serveiseducatius.xtec.cat\/badalona\/wp-json\/wp\/v2\/comments?post=16394"}],"version-history":[{"count":1,"href":"https:\/\/serveiseducatius.xtec.cat\/badalona\/wp-json\/wp\/v2\/posts\/16394\/revisions"}],"predecessor-version":[{"id":16397,"href":"https:\/\/serveiseducatius.xtec.cat\/badalona\/wp-json\/wp\/v2\/posts\/16394\/revisions\/16397"}],"wp:featuredmedia":[{"embeddable":true,"href":"https:\/\/serveiseducatius.xtec.cat\/badalona\/wp-json\/wp\/v2\/media\/16395"}],"wp:attachment":[{"href":"https:\/\/serveiseducatius.xtec.cat\/badalona\/wp-json\/wp\/v2\/media?parent=16394"}],"wp:term":[{"taxonomy":"category","embeddable":true,"href":"https:\/\/serveiseducatius.xtec.cat\/badalona\/wp-json\/wp\/v2\/categories?post=16394"},{"taxonomy":"post_tag","embeddable":true,"href":"https:\/\/serveiseducatius.xtec.cat\/badalona\/wp-json\/wp\/v2\/tags?post=16394"}],"curies":[{"name":"wp","href":"https:\/\/api.w.org\/{rel}","templated":true}]}}