{"id":16344,"date":"2021-05-12T08:30:22","date_gmt":"2021-05-12T06:30:22","guid":{"rendered":"http:\/\/serveiseducatius.xtec.cat\/badalona\/?p=16344"},"modified":"2021-05-13T09:29:46","modified_gmt":"2021-05-13T07:29:46","slug":"viii-jocs-florals-de-catalunya-treballs-seleccionats-1a-fase","status":"publish","type":"post","link":"https:\/\/serveiseducatius.xtec.cat\/badalona\/portada\/viii-jocs-florals-de-catalunya-treballs-seleccionats-1a-fase\/","title":{"rendered":"VIII Jocs Florals de Catalunya. Treballs seleccionats 1a fase"},"content":{"rendered":"<p><img loading=\"lazy\" decoding=\"async\" class=\"aligncenter wp-image-16348 size-full\" src=\"https:\/\/serveiseducatius.xtec.cat\/badalona\/wp-content\/uploads\/usu1088\/2021\/05\/CRP_logo_gran1JF.jpg\" alt=\"\" width=\"654\" height=\"336\" srcset=\"https:\/\/serveiseducatius.xtec.cat\/badalona\/wp-content\/uploads\/usu1088\/2021\/05\/CRP_logo_gran1JF.jpg 654w, https:\/\/serveiseducatius.xtec.cat\/badalona\/wp-content\/uploads\/usu1088\/2021\/05\/CRP_logo_gran1JF-300x154.jpg 300w\" sizes=\"auto, (max-width: 654px) 100vw, 654px\" \/>El divendres 7 de maig de 2021 es va reunir virtualment el jurat del Servei Educatiu de Badalona per seleccionar els treballs de la 1a fase dels <strong>VIII Jocs Florals Escolars de Catalunya<\/strong>.<\/p>\n<p>El jurat format per:<\/p>\n<p>\u00b7 Carme Carbonell, membre del servei educatiu, equip LIC<br \/>\n\u00b7 Rut Alba, mestra d\u2019educaci\u00f3 prim\u00e0ria<br \/>\n\u00b7 Montserrat Vilarrubla, professora d\u2019educaci\u00f3 secund\u00e0ria<br \/>\n\u00b7 Imma Casals, directora de la biblioteca de Can Casacuberta<br \/>\n\u00b7 Marta Folguera, membre del servei educatiu, equip CRP<\/p>\n<p>Ha seleccionat els seg\u00fcents treballs, un per a cada categoria presentada:<\/p>\n<ul>\n<li><strong>A1<\/strong>. Alumnat del cicle inicial d\u2019educaci\u00f3 prim\u00e0ria\u00a0<strong>prosa\u00a0<\/strong>L\u2019escrit titulat <strong>Jordi i la ca\u00e7adora de dinosaures<\/strong> <b>\u00a0<\/b>del grup d\u2019alumnes de Cicle Inicial de l\u2019escola Mare de D\u00e9u de l&#8217;Assumpci\u00f3.<\/li>\n<li><strong>B1<\/strong>. Alumnat del cicle mitj\u00e0 d\u2019educaci\u00f3 prim\u00e0ria\u00a0<strong>prosa <\/strong>L\u2019escrit titulat\u00a0<strong>Solidaritat<\/strong> del grup d\u2019alumnes de 3r D de l\u2019escola Arrels Blanquerna.<\/li>\n<li><strong>C1<\/strong>. Alumnat del cicle superior d\u2019educaci\u00f3 prim\u00e0ria\u00a0<strong>prosa\u00a0<\/strong>L\u2019escrit titulat\u00a0<strong>Tot anir\u00e0 b\u00e9 <\/strong>\u00a0del grup d\u2019alumnes de 6\u00e8 E de l\u2019escola Arrels Esperan\u00e7a.<\/li>\n<li><strong>F1<\/strong>. Alumnat de 1r i 2n d\u2019educaci\u00f3 secund\u00e0ria obligat\u00f2ria\u00a0<strong>prosa\u00a0<\/strong>L\u2019escrit titulat\u00a0<strong>El viatge<\/strong> de l\u2019alumna Erika Matyash Kuga de l&#8217;escola Arrels Esperan\u00e7a.<\/li>\n<li><strong>F2<\/strong>. Alumnat de 1r i 2n d\u2019educaci\u00f3 secund\u00e0ria obligat\u00f2ria\u00a0<strong>poesia\u00a0<\/strong>L\u2019escrit titulat\u00a0<strong>El ratol\u00ed<\/strong> de l\u2019alumne Poleth Abigail Ferrera Salgado de l\u2019Institut Escola Badalona.\u00a0<\/li>\n<li><strong>G1<\/strong>. Alumnat de 3r i 4t d\u2019educaci\u00f3 secund\u00e0ria obligat\u00f2ria\u00a0<strong>prosa\u00a0<\/strong>L\u2019escrit titulat\u00a0<strong>Dansa i mem\u00f2ria<\/strong> de l\u2019alumna Mireia Gim\u00e9nez Izquierdo \u00a0del centre Badalon\u00e8s.<\/li>\n<li><strong>G2<\/strong>. Alumnat de 3r i 4t d\u2019educaci\u00f3 secund\u00e0ria obligat\u00f2ria\u00a0<strong>poesia\u00a0<\/strong>L\u2019escrit titulat<strong> Nivi Somni<\/strong> de l\u2019alumna Aina Ortega Segovia del centre Salesians.<\/li>\n<li><strong>H<\/strong>. El\u00a0<strong>conte audiovisual i il\u00b7lustrat<\/strong> <strong>Un conte sota el mar<\/strong> del grup d\u2019alumnes de 5\u00e8 A de l&#8217;escola Josep Boada.<\/li>\n<\/ul>\n<p>No s\u2019ha presentat cap treball de les categories A2, B2, C2, D1 i D2 de prim\u00e0ria i E1 i E2 de secund\u00e0ria.<\/p>\n<p>D\u2019entre tots els treballs seleccionats el jurat constitu\u00eft a Serveis Territorials Barcelona Comarques escollir\u00e0 els que passaran a la tercera fase.<\/p>\n<p><strong>Moltes gr\u00e0cies a tots els participants. Felicitats als seleccionats i molta sort en la seg\u00fcent fase!<\/strong><\/p>\n<p>Podeu trobar tota la informaci\u00f3 a l\u2019adre\u00e7a oficial dels Jocs Florals:\u00a0<a href=\"http:\/\/xtec.gencat.cat\/ca\/centres\/alscentres\/premis\/jocsflorals\" target=\"_blank\" rel=\"noopener noreferrer\">http:\/\/xtec.gencat.cat\/ca\/centres\/alscentres\/premis\/jocsflorals<\/a><\/p>\n","protected":false},"excerpt":{"rendered":"<p>El divendres 7 de maig de 2021 es va reunir virtualment el jurat del Servei Educatiu de Badalona per seleccionar [&hellip;]<\/p>\n","protected":false},"author":1,"featured_media":16348,"comment_status":"closed","ping_status":"closed","sticky":false,"template":"","format":"standard","meta":{"_bbp_topic_count":0,"_bbp_reply_count":0,"_bbp_total_topic_count":0,"_bbp_total_reply_count":0,"_bbp_voice_count":0,"_bbp_anonymous_reply_count":0,"_bbp_topic_count_hidden":0,"_bbp_reply_count_hidden":0,"_bbp_forum_subforum_count":0,"site-sidebar-layout":"default","site-content-layout":"","ast-site-content-layout":"","site-content-style":"default","site-sidebar-style":"default","ast-global-header-display":"","ast-banner-title-visibility":"","ast-main-header-display":"","ast-hfb-above-header-display":"","ast-hfb-below-header-display":"","ast-hfb-mobile-header-display":"","site-post-title":"","ast-breadcrumbs-content":"","ast-featured-img":"","footer-sml-layout":"","theme-transparent-header-meta":"","adv-header-id-meta":"","stick-header-meta":"","header-above-stick-meta":"","header-main-stick-meta":"","header-below-stick-meta":"","astra-migrate-meta-layouts":"default","ast-page-background-enabled":"default","ast-page-background-meta":{"desktop":{"background-color":"var(--ast-global-color-4)","background-image":"","background-repeat":"repeat","background-position":"center center","background-size":"auto","background-attachment":"scroll","background-type":"","background-media":"","overlay-type":"","overlay-color":"","overlay-opacity":"","overlay-gradient":""},"tablet":{"background-color":"","background-image":"","background-repeat":"repeat","background-position":"center center","background-size":"auto","background-attachment":"scroll","background-type":"","background-media":"","overlay-type":"","overlay-color":"","overlay-opacity":"","overlay-gradient":""},"mobile":{"background-color":"","background-image":"","background-repeat":"repeat","background-position":"center center","background-size":"auto","background-attachment":"scroll","background-type":"","background-media":"","overlay-type":"","overlay-color":"","overlay-opacity":"","overlay-gradient":""}},"ast-content-background-meta":{"desktop":{"background-color":"var(--ast-global-color-5)","background-image":"","background-repeat":"repeat","background-position":"center center","background-size":"auto","background-attachment":"scroll","background-type":"","background-media":"","overlay-type":"","overlay-color":"","overlay-opacity":"","overlay-gradient":""},"tablet":{"background-color":"var(--ast-global-color-5)","background-image":"","background-repeat":"repeat","background-position":"center center","background-size":"auto","background-attachment":"scroll","background-type":"","background-media":"","overlay-type":"","overlay-color":"","overlay-opacity":"","overlay-gradient":""},"mobile":{"background-color":"var(--ast-global-color-5)","background-image":"","background-repeat":"repeat","background-position":"center center","background-size":"auto","background-attachment":"scroll","background-type":"","background-media":"","overlay-type":"","overlay-color":"","overlay-opacity":"","overlay-gradient":""}},"footnotes":""},"categories":[66,81,29],"tags":[333],"class_list":["post-16344","post","type-post","status-publish","format-standard","has-post-thumbnail","hentry","category-dinamitzacio","category-biblioteca-escolar","category-portada","tag-jocs-florals"],"post_mailing_queue_ids":[],"_links":{"self":[{"href":"https:\/\/serveiseducatius.xtec.cat\/badalona\/wp-json\/wp\/v2\/posts\/16344","targetHints":{"allow":["GET"]}}],"collection":[{"href":"https:\/\/serveiseducatius.xtec.cat\/badalona\/wp-json\/wp\/v2\/posts"}],"about":[{"href":"https:\/\/serveiseducatius.xtec.cat\/badalona\/wp-json\/wp\/v2\/types\/post"}],"author":[{"embeddable":true,"href":"https:\/\/serveiseducatius.xtec.cat\/badalona\/wp-json\/wp\/v2\/users\/1"}],"replies":[{"embeddable":true,"href":"https:\/\/serveiseducatius.xtec.cat\/badalona\/wp-json\/wp\/v2\/comments?post=16344"}],"version-history":[{"count":4,"href":"https:\/\/serveiseducatius.xtec.cat\/badalona\/wp-json\/wp\/v2\/posts\/16344\/revisions"}],"predecessor-version":[{"id":16365,"href":"https:\/\/serveiseducatius.xtec.cat\/badalona\/wp-json\/wp\/v2\/posts\/16344\/revisions\/16365"}],"wp:featuredmedia":[{"embeddable":true,"href":"https:\/\/serveiseducatius.xtec.cat\/badalona\/wp-json\/wp\/v2\/media\/16348"}],"wp:attachment":[{"href":"https:\/\/serveiseducatius.xtec.cat\/badalona\/wp-json\/wp\/v2\/media?parent=16344"}],"wp:term":[{"taxonomy":"category","embeddable":true,"href":"https:\/\/serveiseducatius.xtec.cat\/badalona\/wp-json\/wp\/v2\/categories?post=16344"},{"taxonomy":"post_tag","embeddable":true,"href":"https:\/\/serveiseducatius.xtec.cat\/badalona\/wp-json\/wp\/v2\/tags?post=16344"}],"curies":[{"name":"wp","href":"https:\/\/api.w.org\/{rel}","templated":true}]}}