{"id":16233,"date":"2021-04-28T08:42:47","date_gmt":"2021-04-28T06:42:47","guid":{"rendered":"http:\/\/serveiseducatius.xtec.cat\/badalona\/?p=16233"},"modified":"2021-04-26T07:45:18","modified_gmt":"2021-04-26T05:45:18","slug":"concurs-portavoz","status":"publish","type":"post","link":"https:\/\/serveiseducatius.xtec.cat\/badalona\/portada\/concurs-portavoz\/","title":{"rendered":"Concurs Portavoz"},"content":{"rendered":"<p><img loading=\"lazy\" decoding=\"async\" class=\"size-full wp-image-16234 alignnone\" src=\"https:\/\/serveiseducatius.xtec.cat\/badalona\/wp-content\/uploads\/usu1088\/2021\/04\/Captura-9.png\" alt=\"\" width=\"424\" height=\"142\" srcset=\"https:\/\/serveiseducatius.xtec.cat\/badalona\/wp-content\/uploads\/usu1088\/2021\/04\/Captura-9.png 424w, https:\/\/serveiseducatius.xtec.cat\/badalona\/wp-content\/uploads\/usu1088\/2021\/04\/Captura-9-300x100.png 300w\" sizes=\"auto, (max-width: 424px) 100vw, 424px\" \/><\/p>\n<div>\n<p dir=\"ltr\">L&#8217;ambaixada francesa organitza la 2a edici\u00f3 del concurs de fotografia PORTAVOZ amb el lema\u00a0 &#8220;Un planeta (en) viu&#8221;. Les bases del concurs s\u00f3n les seg\u00fcents:<\/p>\n<p><span style=\"font-family: arial, sans-serif;\"><br \/>\n<\/span><\/p>\n<p dir=\"ltr\"><img decoding=\"async\" class=\"CToWUd\" src=\"https:\/\/mail.google.com\/mail\/e\/1f3af\" alt=\"\ud83c\udfaf\" data-goomoji=\"1f3af\" data-image-whitelisted=\"\" \/> <b>Destinataris:<\/b> alumnat de franc\u00e8s de 4t d\u2019ESO, 1r, 2n de Batxillerat i de Cicles Formatius de Grau Mig.<\/p>\n<p dir=\"ltr\"><img decoding=\"async\" class=\"CToWUd\" src=\"https:\/\/mail.google.com\/mail\/e\/1f449\" alt=\"\ud83d\udc49\" data-goomoji=\"1f449\" data-image-whitelisted=\"\" \/> <b>Objectiu:<\/b> promoure el pluriling\u00fcisme, parant especial atenci\u00f3 als aspectes de car\u00e0cter mediambiental.\u00a0\u00a0<\/p>\n<p dir=\"ltr\"><img decoding=\"async\" class=\"CToWUd\" src=\"https:\/\/mail.google.com\/mail\/e\/1f31f\" alt=\"\ud83c\udf1f\" data-goomoji=\"1f31f\" data-image-whitelisted=\"\" \/> <b>Premi:<\/b> estades ling\u00fc\u00edstiques a Fran\u00e7a, llibres i jocs en franc\u00e8s.<\/p>\n<p dir=\"ltr\"><img decoding=\"async\" class=\"CToWUd\" src=\"https:\/\/mail.google.com\/mail\/e\/1f4c4\" alt=\"\ud83d\udcc4\" data-goomoji=\"1f4c4\" data-image-whitelisted=\"\" \/> <b>Bases:<\/b> presentaci\u00f3 abans de l\u20191 de juny de 2021 d&#8217;una fotografia feta amb tel\u00e8fon m\u00f2bil (els selfies no s\u2019accepten) amb un peu de foto en 5 idiomes. Els projectes es publicaran en l\u00ednia.\u00a0<\/p>\n<p><span id=\"m_-2141486222293058139gmail-docs-internal-guid-fddf2418-7fff-610e-c763-5e4fc901e2ff\"><span style=\"font-family: arial, sans-serif;\"><br \/>\nM\u00e9s informaci\u00f3 a <a href=\"https:\/\/concursoportavoz.org\/\" target=\"_blank\" rel=\"noopener noreferrer\" data-saferedirecturl=\"https:\/\/www.google.com\/url?q=https:\/\/concursoportavoz.org\/&amp;source=gmail&amp;ust=1619501592737000&amp;usg=AFQjCNEedrFuxALyYGAArG7ZE7LStpm2DQ\">https:\/\/concursoportavoz.org\/<\/a> <\/span><\/span>\u00a0<\/div>\n<div>\u00a0<\/div>\n","protected":false},"excerpt":{"rendered":"<p>L&#8217;ambaixada francesa organitza la 2a edici\u00f3 del concurs de fotografia PORTAVOZ amb el lema\u00a0 &#8220;Un planeta (en) viu&#8221;. Les bases [&hellip;]<\/p>\n","protected":false},"author":15,"featured_media":16234,"comment_status":"closed","ping_status":"closed","sticky":false,"template":"","format":"standard","meta":{"_bbp_topic_count":0,"_bbp_reply_count":0,"_bbp_total_topic_count":0,"_bbp_total_reply_count":0,"_bbp_voice_count":0,"_bbp_anonymous_reply_count":0,"_bbp_topic_count_hidden":0,"_bbp_reply_count_hidden":0,"_bbp_forum_subforum_count":0,"site-sidebar-layout":"default","site-content-layout":"","ast-site-content-layout":"","site-content-style":"default","site-sidebar-style":"default","ast-global-header-display":"","ast-banner-title-visibility":"","ast-main-header-display":"","ast-hfb-above-header-display":"","ast-hfb-below-header-display":"","ast-hfb-mobile-header-display":"","site-post-title":"","ast-breadcrumbs-content":"","ast-featured-img":"","footer-sml-layout":"","theme-transparent-header-meta":"","adv-header-id-meta":"","stick-header-meta":"","header-above-stick-meta":"","header-main-stick-meta":"","header-below-stick-meta":"","astra-migrate-meta-layouts":"default","ast-page-background-enabled":"default","ast-page-background-meta":{"desktop":{"background-color":"var(--ast-global-color-4)","background-image":"","background-repeat":"repeat","background-position":"center center","background-size":"auto","background-attachment":"scroll","background-type":"","background-media":"","overlay-type":"","overlay-color":"","overlay-opacity":"","overlay-gradient":""},"tablet":{"background-color":"","background-image":"","background-repeat":"repeat","background-position":"center center","background-size":"auto","background-attachment":"scroll","background-type":"","background-media":"","overlay-type":"","overlay-color":"","overlay-opacity":"","overlay-gradient":""},"mobile":{"background-color":"","background-image":"","background-repeat":"repeat","background-position":"center center","background-size":"auto","background-attachment":"scroll","background-type":"","background-media":"","overlay-type":"","overlay-color":"","overlay-opacity":"","overlay-gradient":""}},"ast-content-background-meta":{"desktop":{"background-color":"var(--ast-global-color-5)","background-image":"","background-repeat":"repeat","background-position":"center center","background-size":"auto","background-attachment":"scroll","background-type":"","background-media":"","overlay-type":"","overlay-color":"","overlay-opacity":"","overlay-gradient":""},"tablet":{"background-color":"var(--ast-global-color-5)","background-image":"","background-repeat":"repeat","background-position":"center center","background-size":"auto","background-attachment":"scroll","background-type":"","background-media":"","overlay-type":"","overlay-color":"","overlay-opacity":"","overlay-gradient":""},"mobile":{"background-color":"var(--ast-global-color-5)","background-image":"","background-repeat":"repeat","background-position":"center center","background-size":"auto","background-attachment":"scroll","background-type":"","background-media":"","overlay-type":"","overlay-color":"","overlay-opacity":"","overlay-gradient":""}},"footnotes":""},"categories":[29],"tags":[202],"class_list":["post-16233","post","type-post","status-publish","format-standard","has-post-thumbnail","hentry","category-portada","tag-llengues-estrangeres"],"post_mailing_queue_ids":[],"_links":{"self":[{"href":"https:\/\/serveiseducatius.xtec.cat\/badalona\/wp-json\/wp\/v2\/posts\/16233","targetHints":{"allow":["GET"]}}],"collection":[{"href":"https:\/\/serveiseducatius.xtec.cat\/badalona\/wp-json\/wp\/v2\/posts"}],"about":[{"href":"https:\/\/serveiseducatius.xtec.cat\/badalona\/wp-json\/wp\/v2\/types\/post"}],"author":[{"embeddable":true,"href":"https:\/\/serveiseducatius.xtec.cat\/badalona\/wp-json\/wp\/v2\/users\/15"}],"replies":[{"embeddable":true,"href":"https:\/\/serveiseducatius.xtec.cat\/badalona\/wp-json\/wp\/v2\/comments?post=16233"}],"version-history":[{"count":2,"href":"https:\/\/serveiseducatius.xtec.cat\/badalona\/wp-json\/wp\/v2\/posts\/16233\/revisions"}],"predecessor-version":[{"id":16236,"href":"https:\/\/serveiseducatius.xtec.cat\/badalona\/wp-json\/wp\/v2\/posts\/16233\/revisions\/16236"}],"wp:featuredmedia":[{"embeddable":true,"href":"https:\/\/serveiseducatius.xtec.cat\/badalona\/wp-json\/wp\/v2\/media\/16234"}],"wp:attachment":[{"href":"https:\/\/serveiseducatius.xtec.cat\/badalona\/wp-json\/wp\/v2\/media?parent=16233"}],"wp:term":[{"taxonomy":"category","embeddable":true,"href":"https:\/\/serveiseducatius.xtec.cat\/badalona\/wp-json\/wp\/v2\/categories?post=16233"},{"taxonomy":"post_tag","embeddable":true,"href":"https:\/\/serveiseducatius.xtec.cat\/badalona\/wp-json\/wp\/v2\/tags?post=16233"}],"curies":[{"name":"wp","href":"https:\/\/api.w.org\/{rel}","templated":true}]}}