{"id":16164,"date":"2021-04-22T11:00:42","date_gmt":"2021-04-22T09:00:42","guid":{"rendered":"http:\/\/serveiseducatius.xtec.cat\/badalona\/?p=16164"},"modified":"2021-06-08T12:25:58","modified_gmt":"2021-06-08T10:25:58","slug":"premi-grans-iniciatives","status":"publish","type":"post","link":"https:\/\/serveiseducatius.xtec.cat\/badalona\/portada\/premi-grans-iniciatives\/","title":{"rendered":"Premi Grans Iniciatives"},"content":{"rendered":"<p><img loading=\"lazy\" decoding=\"async\" class=\"n3VNCb\" src=\"https:\/\/fotografias-fundacion.atresmedia.com\/clipping\/cmsimages02\/2019\/10\/22\/8D86052A-58B0-471E-8B21-D63C543635C3\/69.jpg\" alt=\"En qu\u00e9 consisten los premios educativos Grandes Iniciativas? | GRANDES  INICIATIVAS\" width=\"318\" height=\"179\" data-noaft=\"1\" \/><\/p>\n<p style=\"text-align: justify;\">Us informem que la Conselleria d\u2019Educaci\u00f3 de Catalunya s\u00f3n conscients de la situaci\u00f3 tan delicada que vivim i de l&#8217;esfor\u00e7 extraordinari que estan fent els docents i no volen deixar de visibilitzar aquest gran treball. Per aquest motiu,\u00a0<strong>amplia el termini d&#8217;inscripci\u00f3 als premis<\/strong>\u00a0<a href=\"https:\/\/www.grandesiniciativas.org\/\" data-saferedirecturl=\"https:\/\/www.google.com\/url?q=https:\/\/www.grandesiniciativas.org\/&amp;source=gmail&amp;ust=1619162183602000&amp;usg=AFQjCNEBs_1iRSRwN1wnDWl2Z7rPFSVQdg\">&#8216;Grandes Iniciativas&#8217;<\/a>\u00a0<strong>fins al 30 d&#8217;abril<\/strong>\u00a0amb l&#8217;objectiu de donar m\u00e9s temps als docents perqu\u00e8 puguin presentar-se.<\/p>\n<p style=\"text-align: justify;\">Aquests premis pretenen impulsar la qualitat educativa mitjan\u00e7ant el reconeixement i la difusi\u00f3 d&#8217;iniciatives inspiradores, innovadores i de gran impacte dutes\u00a0 terme per professors de centres eudcatius i que tinguin com a objectiu la millora dels processos escolars i els resultats educatius dels alumnes.<\/p>\n<p style=\"text-align: justify;\">M\u00e9s informaci\u00f3 i inscripcions al web:\u00a0<a href=\"http:\/\/www.grandesiniciativas.org\/\" data-saferedirecturl=\"https:\/\/www.google.com\/url?q=http:\/\/www.grandesiniciativas.org\/&amp;source=gmail&amp;ust=1619162183602000&amp;usg=AFQjCNHeP-YksQhG2mcZOQ15hjsuejDjTQ\">www.grandesiniciativas.org<\/a><\/p>\n","protected":false},"excerpt":{"rendered":"<p>Us informem que la Conselleria d\u2019Educaci\u00f3 de Catalunya s\u00f3n conscients de la situaci\u00f3 tan delicada que vivim i de l&#8217;esfor\u00e7 [&hellip;]<\/p>\n","protected":false},"author":1,"featured_media":16167,"comment_status":"closed","ping_status":"closed","sticky":false,"template":"","format":"standard","meta":{"_bbp_topic_count":0,"_bbp_reply_count":0,"_bbp_total_topic_count":0,"_bbp_total_reply_count":0,"_bbp_voice_count":0,"_bbp_anonymous_reply_count":0,"_bbp_topic_count_hidden":0,"_bbp_reply_count_hidden":0,"_bbp_forum_subforum_count":0,"site-sidebar-layout":"default","site-content-layout":"","ast-site-content-layout":"","site-content-style":"default","site-sidebar-style":"default","ast-global-header-display":"","ast-banner-title-visibility":"","ast-main-header-display":"","ast-hfb-above-header-display":"","ast-hfb-below-header-display":"","ast-hfb-mobile-header-display":"","site-post-title":"","ast-breadcrumbs-content":"","ast-featured-img":"","footer-sml-layout":"","theme-transparent-header-meta":"","adv-header-id-meta":"","stick-header-meta":"","header-above-stick-meta":"","header-main-stick-meta":"","header-below-stick-meta":"","astra-migrate-meta-layouts":"default","ast-page-background-enabled":"default","ast-page-background-meta":{"desktop":{"background-color":"var(--ast-global-color-4)","background-image":"","background-repeat":"repeat","background-position":"center center","background-size":"auto","background-attachment":"scroll","background-type":"","background-media":"","overlay-type":"","overlay-color":"","overlay-opacity":"","overlay-gradient":""},"tablet":{"background-color":"","background-image":"","background-repeat":"repeat","background-position":"center center","background-size":"auto","background-attachment":"scroll","background-type":"","background-media":"","overlay-type":"","overlay-color":"","overlay-opacity":"","overlay-gradient":""},"mobile":{"background-color":"","background-image":"","background-repeat":"repeat","background-position":"center center","background-size":"auto","background-attachment":"scroll","background-type":"","background-media":"","overlay-type":"","overlay-color":"","overlay-opacity":"","overlay-gradient":""}},"ast-content-background-meta":{"desktop":{"background-color":"var(--ast-global-color-5)","background-image":"","background-repeat":"repeat","background-position":"center center","background-size":"auto","background-attachment":"scroll","background-type":"","background-media":"","overlay-type":"","overlay-color":"","overlay-opacity":"","overlay-gradient":""},"tablet":{"background-color":"var(--ast-global-color-5)","background-image":"","background-repeat":"repeat","background-position":"center center","background-size":"auto","background-attachment":"scroll","background-type":"","background-media":"","overlay-type":"","overlay-color":"","overlay-opacity":"","overlay-gradient":""},"mobile":{"background-color":"var(--ast-global-color-5)","background-image":"","background-repeat":"repeat","background-position":"center center","background-size":"auto","background-attachment":"scroll","background-type":"","background-media":"","overlay-type":"","overlay-color":"","overlay-opacity":"","overlay-gradient":""}},"footnotes":""},"categories":[64,29],"tags":[1491,505],"class_list":["post-16164","post","type-post","status-publish","format-standard","has-post-thumbnail","hentry","category-comunitat","category-portada","tag-grans-iniciatives","tag-premis"],"post_mailing_queue_ids":[],"_links":{"self":[{"href":"https:\/\/serveiseducatius.xtec.cat\/badalona\/wp-json\/wp\/v2\/posts\/16164","targetHints":{"allow":["GET"]}}],"collection":[{"href":"https:\/\/serveiseducatius.xtec.cat\/badalona\/wp-json\/wp\/v2\/posts"}],"about":[{"href":"https:\/\/serveiseducatius.xtec.cat\/badalona\/wp-json\/wp\/v2\/types\/post"}],"author":[{"embeddable":true,"href":"https:\/\/serveiseducatius.xtec.cat\/badalona\/wp-json\/wp\/v2\/users\/1"}],"replies":[{"embeddable":true,"href":"https:\/\/serveiseducatius.xtec.cat\/badalona\/wp-json\/wp\/v2\/comments?post=16164"}],"version-history":[{"count":2,"href":"https:\/\/serveiseducatius.xtec.cat\/badalona\/wp-json\/wp\/v2\/posts\/16164\/revisions"}],"predecessor-version":[{"id":16169,"href":"https:\/\/serveiseducatius.xtec.cat\/badalona\/wp-json\/wp\/v2\/posts\/16164\/revisions\/16169"}],"wp:featuredmedia":[{"embeddable":true,"href":"https:\/\/serveiseducatius.xtec.cat\/badalona\/wp-json\/wp\/v2\/media\/16167"}],"wp:attachment":[{"href":"https:\/\/serveiseducatius.xtec.cat\/badalona\/wp-json\/wp\/v2\/media?parent=16164"}],"wp:term":[{"taxonomy":"category","embeddable":true,"href":"https:\/\/serveiseducatius.xtec.cat\/badalona\/wp-json\/wp\/v2\/categories?post=16164"},{"taxonomy":"post_tag","embeddable":true,"href":"https:\/\/serveiseducatius.xtec.cat\/badalona\/wp-json\/wp\/v2\/tags?post=16164"}],"curies":[{"name":"wp","href":"https:\/\/api.w.org\/{rel}","templated":true}]}}