{"id":16080,"date":"2021-04-14T08:59:13","date_gmt":"2021-04-14T06:59:13","guid":{"rendered":"http:\/\/serveiseducatius.xtec.cat\/badalona\/?p=16080"},"modified":"2021-06-08T12:26:39","modified_gmt":"2021-06-08T10:26:39","slug":"convocatoria-erasmus-2021","status":"publish","type":"post","link":"https:\/\/serveiseducatius.xtec.cat\/badalona\/portada\/convocatoria-erasmus-2021\/","title":{"rendered":"Convocat\u00f2ria Erasmus+ 2021"},"content":{"rendered":"<p><img loading=\"lazy\" decoding=\"async\" class=\"wp-image-5964 alignright\" src=\"https:\/\/serveiseducatius.xtec.cat\/badalona\/wp-content\/uploads\/usu1088\/2017\/01\/Erasmus-MEC-Sepie-e1484821222601.jpg\" alt=\"\" width=\"311\" height=\"139\" \/>S\u2019ha publicat la nova convocat\u00f2ria d\u2019Erasmus+ pel 2021 (EAC\/A01\/2021). A continuaci\u00f3 us en fem un breu resum per si pot ser del vostre inter\u00e8s:<\/p>\n<ol>\n<li><span style=\"color: #000000;\">Accions previstes i les seves corresponents dates l\u00edmit:<\/span><\/li>\n<\/ol>\n<p><strong><u>Acci\u00f3 clau 1: Mobilitat de les persones per motius d\u2019aprenentatge<\/u><\/strong><u>\u00a0<\/u><\/p>\n<ul>\n<li style=\"list-style-type: none;\">\n<ul>\n<li>\u00a0Mobilitat de les persones en l\u2019\u00e0mbit de l\u2019educaci\u00f3 superior (Data l\u00edmit: 11 de maig de 2021)<\/li>\n<li>\u00a0Mobilitat de les persones en l\u2019\u00e0mbit de la joventut (Dates l\u00edmit: 11 de maig i 5 d\u2019octubre de 2021)<\/li>\n<li>\u00a0Mobilitat de les persones en l\u2019\u00e0mbit de la formaci\u00f3 professional, l\u2019educaci\u00f3 obligat\u00f2ria i l\u2019educaci\u00f3 d\u2019adults (Data l\u00edmit: 11 de maig de 2021)<\/li>\n<li>Acreditacions Erasmus en l\u2019\u00e0mbit de la formaci\u00f3 professional, l\u2019educaci\u00f3 obligat\u00f2ria i l\u2019educaci\u00f3 d\u2019adults (Data l\u00edmit: 19 d\u2019octubre de 2021)<\/li>\n<\/ul>\n<\/li>\n<\/ul>\n<p><strong>\u00a0<\/strong>\u00a0<strong><u>Acci\u00f3 clau 2: Cooperaci\u00f3 per a la innovaci\u00f3 i intercanvi de bones pr\u00e0ctiques<\/u><\/strong><u>\u00a0<\/u><\/p>\n<ul>\n<li style=\"list-style-type: none;\">\n<ul>\n<li>Associacions estrat\u00e8giques en l\u2019\u00e0mbit de l\u2019educaci\u00f3, la formaci\u00f3 i la joventut (Dates l\u00edmit: 20 de maig i 3 de novembre de 2021)<\/li>\n<li>Associacions a petita escala en l\u2019\u00e0mbit de l\u2019educaci\u00f3, la formaci\u00f3 i la joventut\u00a0(Dates l\u00edmit: 20 de maig i 3 de novembre de 2021)<\/li>\n<li>Desenvolupament de capacitats en l\u2019\u00e0mbit juvenil (Data l\u00edmit: 20 de maig de 2021)<\/li>\n<li>Centres d\u2019excel\u00b7l\u00e8ncia professional (Data l\u00edmit: 7 de setembre de 2021)<\/li>\n<li>Acad\u00e8mies de Professors Erasmus (Data l\u00edmit: 7 de setembre de 2021)<\/li>\n<li>Accions Eras mus\u00a0Mundus\u00a0(Data l\u00edmit: 26 de maig de 2021)<\/li>\n<li>Aliances per a la innovaci\u00f3 (Data l\u00edmit: 7 de setembre de 2021)<\/li>\n<li>Associacions de cooperaci\u00f3 en l\u2019\u00e0mbit de l\u2019esport (Data l\u00edmit: 20 de maig de 2021)<\/li>\n<li>Petites associacions en l\u2019\u00e0mbit de l\u2019esport (Data l\u00edmit: 20 de maig de 2021)<\/li>\n<li>Esdeveniments esportius sense \u00e0nim de lucre (Data l\u00edmit: 20 de maig de 2021)<\/li>\n<\/ul>\n<\/li>\n<\/ul>\n<p>\u00a0\u00a0<strong><u>Acci\u00f3 clau 3: Suport a la reforma de les pol\u00edtiques<\/u><\/strong><u>\u00a0<\/u><\/p>\n<ul>\n<li style=\"list-style-type: none;\">\n<ul>\n<li>Joventut Europea Unida (Data l\u00edmit: 24 de juny de 2021)<\/li>\n<\/ul>\n<\/li>\n<\/ul>\n<p>\u00a0\u00a0<strong><u>Accions Jean\u00a0Monnet\u00a0<\/u><\/strong><u>\u00a0<\/u><\/p>\n<ul>\n<li style=\"list-style-type: none;\">\n<ul>\n<li>Accions i xarxes Jean\u00a0Monnet\u00a0(Data l\u00edmit: 2 de juny de 2021)<\/li>\n<\/ul>\n<\/li>\n<\/ul>\n<p>&nbsp;<\/p>\n<p>2. Pressupost total: 2.453,5 milions d\u2019euros<\/p>\n<p><span style=\"font-family: inherit; font-size: 1em;\">3. Qui es pot presentar: Qualsevol entitat p\u00fablica o privada que treballi en l\u2019\u00e0mbit de l\u2019educaci\u00f3, la formaci\u00f3, la joventut i l\u2019esport pot sol\u00b7licitar finan\u00e7ament amb c\u00e0rrec a el programa Erasmus+.<\/span><\/p>\n<p>4. Enlla\u00e7 a la publicaci\u00f3 de la convocat\u00f2ria al DOUE (en castell\u00e0): <a style=\"font-family: inherit; font-size: 1em;\" href=\"https:\/\/eur-lex.europa.eu\/legal-content\/ES\/TXT\/HTML\/?uri=CELEX:C2021\/103\/11&amp;from=EN\" data-saferedirecturl=\"https:\/\/www.google.com\/url?q=https:\/\/eur-lex.europa.eu\/legal-content\/ES\/TXT\/HTML\/?uri%3DCELEX:C2021\/103\/11%26from%3DEN&amp;source=gmail&amp;ust=1618295741377000&amp;usg=AFQjCNF3NVIebHPMdKkYPDZmM1Lc7Qmgeg\">https:\/\/eur-lex.europa.eu\/legal-content\/ES\/TXT\/HTML\/?uri=CELEX:C2021\/103\/11&amp;from=EN<\/a><\/p>\n<p>5. Tots els detalls de la convocat\u00f2ria poden trobar-se a la guia del programa (en angl\u00e8s): <a style=\"font-family: inherit; font-size: 1em;\" href=\"http:\/\/ec.europa.eu\/programmes\/erasmus-plus\/resources\/programme-guide\" data-saferedirecturl=\"https:\/\/www.google.com\/url?q=http:\/\/ec.europa.eu\/programmes\/erasmus-plus\/resources\/programme-guide&amp;source=gmail&amp;ust=1618295741377000&amp;usg=AFQjCNEyqE_E9UXbrMz1qFenKxsGge6FyA\">http:\/\/ec.europa.eu\/programmes\/erasmus-plus\/resources\/programme-guide<\/a><\/p>\n","protected":false},"excerpt":{"rendered":"<p>S\u2019ha publicat la nova convocat\u00f2ria d\u2019Erasmus+ pel 2021 (EAC\/A01\/2021). A continuaci\u00f3 us en fem un breu resum per si pot [&hellip;]<\/p>\n","protected":false},"author":9,"featured_media":11403,"comment_status":"closed","ping_status":"closed","sticky":false,"template":"","format":"standard","meta":{"_bbp_topic_count":0,"_bbp_reply_count":0,"_bbp_total_topic_count":0,"_bbp_total_reply_count":0,"_bbp_voice_count":0,"_bbp_anonymous_reply_count":0,"_bbp_topic_count_hidden":0,"_bbp_reply_count_hidden":0,"_bbp_forum_subforum_count":0,"site-sidebar-layout":"default","site-content-layout":"","ast-site-content-layout":"","site-content-style":"default","site-sidebar-style":"default","ast-global-header-display":"","ast-banner-title-visibility":"","ast-main-header-display":"","ast-hfb-above-header-display":"","ast-hfb-below-header-display":"","ast-hfb-mobile-header-display":"","site-post-title":"","ast-breadcrumbs-content":"","ast-featured-img":"","footer-sml-layout":"","theme-transparent-header-meta":"","adv-header-id-meta":"","stick-header-meta":"","header-above-stick-meta":"","header-main-stick-meta":"","header-below-stick-meta":"","astra-migrate-meta-layouts":"default","ast-page-background-enabled":"default","ast-page-background-meta":{"desktop":{"background-color":"var(--ast-global-color-4)","background-image":"","background-repeat":"repeat","background-position":"center center","background-size":"auto","background-attachment":"scroll","background-type":"","background-media":"","overlay-type":"","overlay-color":"","overlay-opacity":"","overlay-gradient":""},"tablet":{"background-color":"","background-image":"","background-repeat":"repeat","background-position":"center center","background-size":"auto","background-attachment":"scroll","background-type":"","background-media":"","overlay-type":"","overlay-color":"","overlay-opacity":"","overlay-gradient":""},"mobile":{"background-color":"","background-image":"","background-repeat":"repeat","background-position":"center center","background-size":"auto","background-attachment":"scroll","background-type":"","background-media":"","overlay-type":"","overlay-color":"","overlay-opacity":"","overlay-gradient":""}},"ast-content-background-meta":{"desktop":{"background-color":"var(--ast-global-color-5)","background-image":"","background-repeat":"repeat","background-position":"center center","background-size":"auto","background-attachment":"scroll","background-type":"","background-media":"","overlay-type":"","overlay-color":"","overlay-opacity":"","overlay-gradient":""},"tablet":{"background-color":"var(--ast-global-color-5)","background-image":"","background-repeat":"repeat","background-position":"center center","background-size":"auto","background-attachment":"scroll","background-type":"","background-media":"","overlay-type":"","overlay-color":"","overlay-opacity":"","overlay-gradient":""},"mobile":{"background-color":"var(--ast-global-color-5)","background-image":"","background-repeat":"repeat","background-position":"center center","background-size":"auto","background-attachment":"scroll","background-type":"","background-media":"","overlay-type":"","overlay-color":"","overlay-opacity":"","overlay-gradient":""}},"footnotes":""},"categories":[64,66,29],"tags":[],"class_list":["post-16080","post","type-post","status-publish","format-standard","has-post-thumbnail","hentry","category-comunitat","category-dinamitzacio","category-portada"],"post_mailing_queue_ids":[],"_links":{"self":[{"href":"https:\/\/serveiseducatius.xtec.cat\/badalona\/wp-json\/wp\/v2\/posts\/16080","targetHints":{"allow":["GET"]}}],"collection":[{"href":"https:\/\/serveiseducatius.xtec.cat\/badalona\/wp-json\/wp\/v2\/posts"}],"about":[{"href":"https:\/\/serveiseducatius.xtec.cat\/badalona\/wp-json\/wp\/v2\/types\/post"}],"author":[{"embeddable":true,"href":"https:\/\/serveiseducatius.xtec.cat\/badalona\/wp-json\/wp\/v2\/users\/9"}],"replies":[{"embeddable":true,"href":"https:\/\/serveiseducatius.xtec.cat\/badalona\/wp-json\/wp\/v2\/comments?post=16080"}],"version-history":[{"count":1,"href":"https:\/\/serveiseducatius.xtec.cat\/badalona\/wp-json\/wp\/v2\/posts\/16080\/revisions"}],"predecessor-version":[{"id":16081,"href":"https:\/\/serveiseducatius.xtec.cat\/badalona\/wp-json\/wp\/v2\/posts\/16080\/revisions\/16081"}],"wp:featuredmedia":[{"embeddable":true,"href":"https:\/\/serveiseducatius.xtec.cat\/badalona\/wp-json\/wp\/v2\/media\/11403"}],"wp:attachment":[{"href":"https:\/\/serveiseducatius.xtec.cat\/badalona\/wp-json\/wp\/v2\/media?parent=16080"}],"wp:term":[{"taxonomy":"category","embeddable":true,"href":"https:\/\/serveiseducatius.xtec.cat\/badalona\/wp-json\/wp\/v2\/categories?post=16080"},{"taxonomy":"post_tag","embeddable":true,"href":"https:\/\/serveiseducatius.xtec.cat\/badalona\/wp-json\/wp\/v2\/tags?post=16080"}],"curies":[{"name":"wp","href":"https:\/\/api.w.org\/{rel}","templated":true}]}}