{"id":16057,"date":"2021-04-12T09:00:35","date_gmt":"2021-04-12T07:00:35","guid":{"rendered":"http:\/\/serveiseducatius.xtec.cat\/badalona\/?p=16057"},"modified":"2021-04-12T09:13:24","modified_gmt":"2021-04-12T07:13:24","slug":"cantata-audiovisual-llegenda-sant-jordi-en-igualtat-de-genere","status":"publish","type":"post","link":"https:\/\/serveiseducatius.xtec.cat\/badalona\/portada\/cantata-audiovisual-llegenda-sant-jordi-en-igualtat-de-genere\/","title":{"rendered":"Cantata audiovisual Llegenda Sant Jordi en igualtat de g\u00e8nere"},"content":{"rendered":"<p><strong><img loading=\"lazy\" decoding=\"async\" class=\"size-large wp-image-16058 alignleft\" src=\"https:\/\/serveiseducatius.xtec.cat\/badalona\/wp-content\/uploads\/usu1088\/2021\/04\/Cantata-audiovisual-St-Jordi-410x1024.jpeg\" alt=\"\" width=\"410\" height=\"1024\" srcset=\"https:\/\/serveiseducatius.xtec.cat\/badalona\/wp-content\/uploads\/usu1088\/2021\/04\/Cantata-audiovisual-St-Jordi-410x1024.jpeg 410w, https:\/\/serveiseducatius.xtec.cat\/badalona\/wp-content\/uploads\/usu1088\/2021\/04\/Cantata-audiovisual-St-Jordi-120x300.jpeg 120w, https:\/\/serveiseducatius.xtec.cat\/badalona\/wp-content\/uploads\/usu1088\/2021\/04\/Cantata-audiovisual-St-Jordi-768x1920.jpeg 768w, https:\/\/serveiseducatius.xtec.cat\/badalona\/wp-content\/uploads\/usu1088\/2021\/04\/Cantata-audiovisual-St-Jordi.jpeg 800w\" sizes=\"auto, (max-width: 410px) 100vw, 410px\" \/>La Factoria Bram i la Setmana Medieval de Montblanc<\/strong> us conviden, del 12 al 23 d\u2019abril, a seguir en l\u00ednia, \u2018La Cantata de la Llegenda de la Princesa i Sant Jordi\u2018 vista a trav\u00e9s dels ulls d\u2019una princesa que no vol que ning\u00fa la salvi i que reivindica poder ser ella mateixa.<\/p>\n<p><strong>Per fer-ho, han elaborat 6 episodis d\u2019uns 4 minuts de durada<\/strong> cadascun, els quals <strong>es publicaran al <a href=\"https:\/\/www.youtube.com\/channel\/UCXkZZrDdydsrVrPWesNc2eA\/playlists\" target=\"_blank\" rel=\"noopener noreferrer\">canal de Youtube de la Factoria Bram<\/a> a les 8 del mat\u00ed dels dies 12, 14, 16, 19, 21, 23 d\u2019abril<\/strong>. A cada cap\u00edtol s\u2019explica una part d\u2019aquesta hist\u00f2ria a partir del text teatral de la cantata original, per despr\u00e9s donar pas a cadascuna de les 6 can\u00e7ons que conformen l\u2019obra.<\/p>\n<p>En aquesta cantata hi podem trobar <strong>Sant Jordi i la Princesa anant junts a trobar el drac, dones i homes soldat<\/strong>, una princesa que vol decidir per ella mateixa i altres elements que <strong>trenquen els estereotips de g\u00e8nere<\/strong>. \u00c9s la <strong>llegenda de Sant Jordi del segle XXI<\/strong>, en format audiovisual i explicada a ritme de pop-rock amb les veus dels cantautors Joan Reig i Maria Jacobs.<\/p>\n<p><strong>El 8 de Mar\u00e7 d\u2019aquest 2021<\/strong>, ja es va publicar una de les 6 can\u00e7ons, \u2018<a href=\"https:\/\/www.youtube.com\/watch?v=IfnuL_EcScs&amp;feature=youtu.be\" target=\"_blank\" rel=\"noopener noreferrer\">Jo soc m\u00e9s que una princesa<\/a>\u2019 , la m\u00e9s reivindicativa.<\/p>\n<p><strong>Origen de la cantata<\/strong><br \/>\nDonada la situaci\u00f3 actual de pand\u00e8mia, la Factoria Bram i la Setmana Medieval de Montblanc han decidit portar el llibre CD de \u201cLa Cantata de la Llegenda de la Princesa i Sant Jordi\u201d al format audiovisual per assegurar la continu\u00eftat d\u2019aquesta versi\u00f3 del mite de Sant Jordi que 400 escolars de la Conca de Barber\u00e0 van estrenar el 3 de maig de 2019.<\/p>\n<p><strong>Enlla\u00e7 de l\u2019estrena:<\/strong> [<a href=\"https:\/\/www.youtube.com\/watch?v=BycAIS777LE&amp;feature=youtu.be\" target=\"_blank\" rel=\"noopener noreferrer\"> https:\/\/bit.ly\/3rspLK1<\/a> ]<\/p>\n<p>L\u2019any 2020 l\u2019havien d\u2019interpretar uns 1000 alumnes de 7 centres escolars de Vila-seca, amb el suport del Conservatori de M\u00fasica de Vila-seca, i tamb\u00e9 4 centres escolars de Vallirana. Tamb\u00e9 s\u2019estava preparant l\u2019obra en format de Teatre Musical dins dels actes de la Setmana Medieval de Montblanc. Per\u00f2 la Covid-19 ho va aturar tot.<\/p>\n<p>Principals Valors de la cantata<br \/>\nLa princesa Elionor es reivindica com a dona abans que princesa, com a persona que vol triar qu\u00e8 fer, com viure i amb qui vol viure enlloc que se li imposi una formaci\u00f3, activitats de lleure i futura parella segons els estereotips i rols de g\u00e8nere dels seus pares, els quals la fan del tot infeli\u00e7.<\/p>\n<p>Elionor \u00e9s una noia que es vol valdre per si mateixa i que reivindica que no necessita cap cavaller que la salvi, per\u00f2 s\u00ed que proposa a Sant Jordi anar junts, l\u2019un al costat de l\u2019altre, a veure qu\u00e8 passa amb la b\u00e8stia que t\u00e9 espantada tota la vila.<\/p>\n<p>Elionor i Jordi, quan coneguin el Drac, s\u2019enduran una bona sorpresa. S\u2019adonaran que tot all\u00f2 que ens diguin dels altres, de com s\u00f3n i qu\u00e8 fan, val m\u00e9s comprovar-ho per nosaltres mateixos.<\/p>\n<p><span lang=\"CA\">Per a m\u00e9s informaci\u00f3 podeu contactar:<\/span><b><span lang=\"CA\">\u00a0Jordi Carta\u00f1\u00e1 &#8211; 652634440<\/span><\/b><\/p>\n","protected":false},"excerpt":{"rendered":"<p>La Factoria Bram i la Setmana Medieval de Montblanc us conviden, del 12 al 23 d\u2019abril, a seguir en l\u00ednia, [&hellip;]<\/p>\n","protected":false},"author":1,"featured_media":16058,"comment_status":"closed","ping_status":"closed","sticky":false,"template":"","format":"standard","meta":{"_bbp_topic_count":0,"_bbp_reply_count":0,"_bbp_total_topic_count":0,"_bbp_total_reply_count":0,"_bbp_voice_count":0,"_bbp_anonymous_reply_count":0,"_bbp_topic_count_hidden":0,"_bbp_reply_count_hidden":0,"_bbp_forum_subforum_count":0,"site-sidebar-layout":"default","site-content-layout":"","ast-site-content-layout":"","site-content-style":"default","site-sidebar-style":"default","ast-global-header-display":"","ast-banner-title-visibility":"","ast-main-header-display":"","ast-hfb-above-header-display":"","ast-hfb-below-header-display":"","ast-hfb-mobile-header-display":"","site-post-title":"","ast-breadcrumbs-content":"","ast-featured-img":"","footer-sml-layout":"","theme-transparent-header-meta":"","adv-header-id-meta":"","stick-header-meta":"","header-above-stick-meta":"","header-main-stick-meta":"","header-below-stick-meta":"","astra-migrate-meta-layouts":"default","ast-page-background-enabled":"default","ast-page-background-meta":{"desktop":{"background-color":"var(--ast-global-color-4)","background-image":"","background-repeat":"repeat","background-position":"center center","background-size":"auto","background-attachment":"scroll","background-type":"","background-media":"","overlay-type":"","overlay-color":"","overlay-opacity":"","overlay-gradient":""},"tablet":{"background-color":"","background-image":"","background-repeat":"repeat","background-position":"center center","background-size":"auto","background-attachment":"scroll","background-type":"","background-media":"","overlay-type":"","overlay-color":"","overlay-opacity":"","overlay-gradient":""},"mobile":{"background-color":"","background-image":"","background-repeat":"repeat","background-position":"center center","background-size":"auto","background-attachment":"scroll","background-type":"","background-media":"","overlay-type":"","overlay-color":"","overlay-opacity":"","overlay-gradient":""}},"ast-content-background-meta":{"desktop":{"background-color":"var(--ast-global-color-5)","background-image":"","background-repeat":"repeat","background-position":"center center","background-size":"auto","background-attachment":"scroll","background-type":"","background-media":"","overlay-type":"","overlay-color":"","overlay-opacity":"","overlay-gradient":""},"tablet":{"background-color":"var(--ast-global-color-5)","background-image":"","background-repeat":"repeat","background-position":"center center","background-size":"auto","background-attachment":"scroll","background-type":"","background-media":"","overlay-type":"","overlay-color":"","overlay-opacity":"","overlay-gradient":""},"mobile":{"background-color":"var(--ast-global-color-5)","background-image":"","background-repeat":"repeat","background-position":"center center","background-size":"auto","background-attachment":"scroll","background-type":"","background-media":"","overlay-type":"","overlay-color":"","overlay-opacity":"","overlay-gradient":""}},"footnotes":""},"categories":[66,81,29],"tags":[37,859,38],"class_list":["post-16057","post","type-post","status-publish","format-standard","has-post-thumbnail","hentry","category-dinamitzacio","category-biblioteca-escolar","category-portada","tag-audiovisuals","tag-igualtat-de-genere","tag-sant-jordi"],"post_mailing_queue_ids":[],"_links":{"self":[{"href":"https:\/\/serveiseducatius.xtec.cat\/badalona\/wp-json\/wp\/v2\/posts\/16057","targetHints":{"allow":["GET"]}}],"collection":[{"href":"https:\/\/serveiseducatius.xtec.cat\/badalona\/wp-json\/wp\/v2\/posts"}],"about":[{"href":"https:\/\/serveiseducatius.xtec.cat\/badalona\/wp-json\/wp\/v2\/types\/post"}],"author":[{"embeddable":true,"href":"https:\/\/serveiseducatius.xtec.cat\/badalona\/wp-json\/wp\/v2\/users\/1"}],"replies":[{"embeddable":true,"href":"https:\/\/serveiseducatius.xtec.cat\/badalona\/wp-json\/wp\/v2\/comments?post=16057"}],"version-history":[{"count":1,"href":"https:\/\/serveiseducatius.xtec.cat\/badalona\/wp-json\/wp\/v2\/posts\/16057\/revisions"}],"predecessor-version":[{"id":16059,"href":"https:\/\/serveiseducatius.xtec.cat\/badalona\/wp-json\/wp\/v2\/posts\/16057\/revisions\/16059"}],"wp:featuredmedia":[{"embeddable":true,"href":"https:\/\/serveiseducatius.xtec.cat\/badalona\/wp-json\/wp\/v2\/media\/16058"}],"wp:attachment":[{"href":"https:\/\/serveiseducatius.xtec.cat\/badalona\/wp-json\/wp\/v2\/media?parent=16057"}],"wp:term":[{"taxonomy":"category","embeddable":true,"href":"https:\/\/serveiseducatius.xtec.cat\/badalona\/wp-json\/wp\/v2\/categories?post=16057"},{"taxonomy":"post_tag","embeddable":true,"href":"https:\/\/serveiseducatius.xtec.cat\/badalona\/wp-json\/wp\/v2\/tags?post=16057"}],"curies":[{"name":"wp","href":"https:\/\/api.w.org\/{rel}","templated":true}]}}