{"id":15950,"date":"2021-03-24T08:04:18","date_gmt":"2021-03-24T07:04:18","guid":{"rendered":"http:\/\/serveiseducatius.xtec.cat\/badalona\/?p=15950"},"modified":"2021-06-08T12:28:06","modified_gmt":"2021-06-08T10:28:06","slug":"rodant-per-badalona-el-concurs-familiar-de-fotografies-que-el-museu-de-badalona-proposa-per-a-setmana-santa","status":"publish","type":"post","link":"https:\/\/serveiseducatius.xtec.cat\/badalona\/portada\/rodant-per-badalona-el-concurs-familiar-de-fotografies-que-el-museu-de-badalona-proposa-per-a-setmana-santa\/","title":{"rendered":"Rodant per Badalona. El concurs familiar de fotografies que el Museu de Badalona proposa per a Setmana Santa"},"content":{"rendered":"<p style=\"font-weight: 400;\">Al Museu han tingut acc\u00e9s a un estudi del <a href=\"https:\/\/www.csic.es\/\" target=\"_blank\" rel=\"noopener noreferrer\">CSIC<\/a> que confirma que Badalona \u00e9s la ciutat del m\u00f3n on viuen els millors fot\u00f2grafs joves i menuts. La sorprenent not\u00edcia arriba pocs dies despr\u00e9s de con\u00e8ixer el resultat d\u2019una investigaci\u00f3 bioclim\u00e0tica que indica que, durant la setmana del 29 de mar\u00e7 al 5 d\u2019abril, Badalona gaudir\u00e0 d\u2019una llum especialment m\u00e0gica per fer fotos.<\/p>\n<p style=\"font-weight: 400;\">Per con\u00e8ixer el talent creatiu d\u2019aquests artistes, el <a href=\"https:\/\/www.museudebadalona.cat\/\" target=\"_blank\" rel=\"noopener noreferrer\">Museu de Badalona<\/a> ha organitzat un <strong>concurs de fotografia<\/strong> que permetr\u00e0 gaudir en fam\u00edlia de la descoberta de la ciutat a trav\u00e9s d\u2019un grapat de fotos antigues ben singulars que formen part de l\u2019exposici\u00f3\u00a0<strong><em>Badalona sobre rodes<\/em><\/strong>, una mostra sobre la hist\u00f2ria dels transports, des de finals del segle XIX fins al 1985, any en que el metro va arribar a la ciutat.<\/p>\n<p style=\"font-weight: 400;\">Els requisits imprescindibles per participar en el concurs s\u00f3n: anotar la cita a la vostra agenda de Setmana Santa, tenir a punt la c\u00e0mera fotogr\u00e0fica o dispositius m\u00f2bils i, \u00e9s clar, un pal de\u00a0selfie i estar disposat a sortir rodant per Badalona per disparar 4 fant\u00e0stiques fotos.<\/p>\n<p style=\"font-weight: 400;\"><strong>Divendres 26 de mar\u00e7<\/strong> ja estar\u00e0 tot a punt per comen\u00e7ar el gran repte que s\u2019inicia al Museu de Badalona, visitant l\u2019exposici\u00f3\u00a0<strong><em>Badalona sobre rodes<\/em><\/strong>. Superades les proves, les fam\u00edlies hauran de penjar les seves fotografies al perfil d\u2019Instagram amb les etiquetes:\u00a0#bdnsobrerodes #rodantperBadalona i @MuseuBdn.\u00a0No podran oblidar els requisits imprescindibles que recullen les bases del concurs i que estaran disponibles al web del Museu.<\/p>\n<p style=\"font-weight: 400;\">El concurs comptar\u00e0 amb un jurat que premiar\u00e0 les millors imatges d\u2019entre totes les publicades\u00a0<strong>des del<\/strong>\u00a0<strong>27 de mar\u00e7 fins al 5 d\u2019abril,<\/strong>\u00a0d\u2019acord amb les seg\u00fcents categories:\u00a0<strong>la imatge m\u00e9s art\u00edstica, la imatge m\u00e9s divertida i familiar, i la imatge m\u00e9s original.<\/strong><\/p>\n<div class=\"entry-content\">\n<p>Us hi esperem!<\/p>\n<p><strong><a href=\"https:\/\/www.museudebadalona.cat\/wp-content\/uploads\/Bases-concurs-per-enviar.pdf\" target=\"_blank\" rel=\"noopener noreferrer\">Consultar bases del concurs<\/a><\/strong><\/p>\n<p>Aqu\u00ed us deixem una fotografia de mostra, per\u00f2 estem conven\u00e7uts de que tindreu idees for\u00e7a m\u00e9s originals! Poseu en marxa la vostra imaginaci\u00f3 i segur que els resultats seran espectaculars!!<\/p>\n<p><img loading=\"lazy\" decoding=\"async\" class=\"alignnone size-full wp-image-15951\" src=\"https:\/\/serveiseducatius.xtec.cat\/badalona\/wp-content\/uploads\/usu1088\/2021\/03\/Foto-promo-1030x773.jpg\" alt=\"\" width=\"1030\" height=\"773\" \/><\/p>\n<\/div>\n<footer class=\"entry-footer\">\n<div class=\"av-share-box\"><span style=\"font-family: inherit; font-size: 1em;\">Per a m\u00e9s informaci\u00f3: <\/span><span style=\"font-family: inherit; font-size: 1em;\">Museu de Badalona.\u00a0<\/span><span style=\"font-family: inherit; font-size: 1em;\">Departament de difusi\u00f3<\/span><\/div>\n<\/footer>\n","protected":false},"excerpt":{"rendered":"<p>Al Museu han tingut acc\u00e9s a un estudi del CSIC que confirma que Badalona \u00e9s la ciutat del m\u00f3n on [&hellip;]<\/p>\n","protected":false},"author":9,"featured_media":15951,"comment_status":"closed","ping_status":"closed","sticky":false,"template":"","format":"standard","meta":{"_bbp_topic_count":0,"_bbp_reply_count":0,"_bbp_total_topic_count":0,"_bbp_total_reply_count":0,"_bbp_voice_count":0,"_bbp_anonymous_reply_count":0,"_bbp_topic_count_hidden":0,"_bbp_reply_count_hidden":0,"_bbp_forum_subforum_count":0,"site-sidebar-layout":"default","site-content-layout":"","ast-site-content-layout":"","site-content-style":"default","site-sidebar-style":"default","ast-global-header-display":"","ast-banner-title-visibility":"","ast-main-header-display":"","ast-hfb-above-header-display":"","ast-hfb-below-header-display":"","ast-hfb-mobile-header-display":"","site-post-title":"","ast-breadcrumbs-content":"","ast-featured-img":"","footer-sml-layout":"","theme-transparent-header-meta":"","adv-header-id-meta":"","stick-header-meta":"","header-above-stick-meta":"","header-main-stick-meta":"","header-below-stick-meta":"","astra-migrate-meta-layouts":"default","ast-page-background-enabled":"default","ast-page-background-meta":{"desktop":{"background-color":"var(--ast-global-color-4)","background-image":"","background-repeat":"repeat","background-position":"center center","background-size":"auto","background-attachment":"scroll","background-type":"","background-media":"","overlay-type":"","overlay-color":"","overlay-opacity":"","overlay-gradient":""},"tablet":{"background-color":"","background-image":"","background-repeat":"repeat","background-position":"center center","background-size":"auto","background-attachment":"scroll","background-type":"","background-media":"","overlay-type":"","overlay-color":"","overlay-opacity":"","overlay-gradient":""},"mobile":{"background-color":"","background-image":"","background-repeat":"repeat","background-position":"center center","background-size":"auto","background-attachment":"scroll","background-type":"","background-media":"","overlay-type":"","overlay-color":"","overlay-opacity":"","overlay-gradient":""}},"ast-content-background-meta":{"desktop":{"background-color":"var(--ast-global-color-5)","background-image":"","background-repeat":"repeat","background-position":"center center","background-size":"auto","background-attachment":"scroll","background-type":"","background-media":"","overlay-type":"","overlay-color":"","overlay-opacity":"","overlay-gradient":""},"tablet":{"background-color":"var(--ast-global-color-5)","background-image":"","background-repeat":"repeat","background-position":"center center","background-size":"auto","background-attachment":"scroll","background-type":"","background-media":"","overlay-type":"","overlay-color":"","overlay-opacity":"","overlay-gradient":""},"mobile":{"background-color":"var(--ast-global-color-5)","background-image":"","background-repeat":"repeat","background-position":"center center","background-size":"auto","background-attachment":"scroll","background-type":"","background-media":"","overlay-type":"","overlay-color":"","overlay-opacity":"","overlay-gradient":""}},"footnotes":""},"categories":[64,66,872,29],"tags":[357],"class_list":["post-15950","post","type-post","status-publish","format-standard","has-post-thumbnail","hentry","category-comunitat","category-dinamitzacio","category-missatgeria","category-portada","tag-museu-de-badalona"],"post_mailing_queue_ids":[],"_links":{"self":[{"href":"https:\/\/serveiseducatius.xtec.cat\/badalona\/wp-json\/wp\/v2\/posts\/15950","targetHints":{"allow":["GET"]}}],"collection":[{"href":"https:\/\/serveiseducatius.xtec.cat\/badalona\/wp-json\/wp\/v2\/posts"}],"about":[{"href":"https:\/\/serveiseducatius.xtec.cat\/badalona\/wp-json\/wp\/v2\/types\/post"}],"author":[{"embeddable":true,"href":"https:\/\/serveiseducatius.xtec.cat\/badalona\/wp-json\/wp\/v2\/users\/9"}],"replies":[{"embeddable":true,"href":"https:\/\/serveiseducatius.xtec.cat\/badalona\/wp-json\/wp\/v2\/comments?post=15950"}],"version-history":[{"count":1,"href":"https:\/\/serveiseducatius.xtec.cat\/badalona\/wp-json\/wp\/v2\/posts\/15950\/revisions"}],"predecessor-version":[{"id":15952,"href":"https:\/\/serveiseducatius.xtec.cat\/badalona\/wp-json\/wp\/v2\/posts\/15950\/revisions\/15952"}],"wp:featuredmedia":[{"embeddable":true,"href":"https:\/\/serveiseducatius.xtec.cat\/badalona\/wp-json\/wp\/v2\/media\/15951"}],"wp:attachment":[{"href":"https:\/\/serveiseducatius.xtec.cat\/badalona\/wp-json\/wp\/v2\/media?parent=15950"}],"wp:term":[{"taxonomy":"category","embeddable":true,"href":"https:\/\/serveiseducatius.xtec.cat\/badalona\/wp-json\/wp\/v2\/categories?post=15950"},{"taxonomy":"post_tag","embeddable":true,"href":"https:\/\/serveiseducatius.xtec.cat\/badalona\/wp-json\/wp\/v2\/tags?post=15950"}],"curies":[{"name":"wp","href":"https:\/\/api.w.org\/{rel}","templated":true}]}}