{"id":15863,"date":"2021-03-15T08:00:20","date_gmt":"2021-03-15T07:00:20","guid":{"rendered":"http:\/\/serveiseducatius.xtec.cat\/badalona\/?p=15863"},"modified":"2021-03-12T08:46:58","modified_gmt":"2021-03-12T07:46:58","slug":"9a-fira-de-lensenyament-a-badalona-del-15-al-21-de-marc-de-2021","status":"publish","type":"post","link":"https:\/\/serveiseducatius.xtec.cat\/badalona\/portada\/9a-fira-de-lensenyament-a-badalona-del-15-al-21-de-marc-de-2021\/","title":{"rendered":"9a Fira de l\u2019Ensenyament a Badalona del 15 al 21 de mar\u00e7 de 2021"},"content":{"rendered":"<p><img loading=\"lazy\" decoding=\"async\" class=\"size-full wp-image-15864 alignleft\" src=\"https:\/\/serveiseducatius.xtec.cat\/badalona\/wp-content\/uploads\/usu1088\/2021\/03\/cartell-fira-petit.jpg\" alt=\"\" width=\"426\" height=\"280\" srcset=\"https:\/\/serveiseducatius.xtec.cat\/badalona\/wp-content\/uploads\/usu1088\/2021\/03\/cartell-fira-petit.jpg 426w, https:\/\/serveiseducatius.xtec.cat\/badalona\/wp-content\/uploads\/usu1088\/2021\/03\/cartell-fira-petit-300x197.jpg 300w\" sizes=\"auto, (max-width: 426px) 100vw, 426px\" \/>Aquest any se celebra la 9a Fira de l\u2019Ensenyament de manera virtual, obligats per les circumst\u00e0ncies de pand\u00e8mia. Aquest nou format permet gaudir de m\u00e9s dies d\u2019obertura (del 15 al 21 de mar\u00e7) i que el web resti obert amb la tota informaci\u00f3 un cop acabada la fira.<\/p>\n<p>Com cada any, trobareu una llarga llista de centres-expositors, que us oferiran tota la informaci\u00f3 sobre la seva oferta formativa postobligat\u00f2ria. Hi inclou des del PFI fins a estudis universitaris, passant per cicles formatius de grau mitj\u00e0 i superior tant de les especialitats que oferim a Badalona com d\u2019algunes de fora de la ciutat.<\/p>\n<p>Aquesta edici\u00f3 compta amb una programaci\u00f3 de xerrades molt interessants (en format telem\u00e0tic) i amb l\u2019estrella de la Fira, la\u00a0<i>Human Library<\/i>, que us permetr\u00e0 interactuar amb professionals en actiu de diferents sectors productius. Tamb\u00e9 hem preparat alguna activitat adre\u00e7ada als pares que volen acompanyar els seus fills en aquest proc\u00e9s de tr\u00e0nsit cap a l\u2019etapa postobligat\u00f2ria.<\/p>\n<p>La Fira s\u2019emmarca dins el Pla per a l\u2019\u00c8xit Educatiu de l\u2019Ajuntament de Badalona, i t\u00e9 entre d\u2019altres objectius orientar i acompanyar els joves i les seves fam\u00edlies en el proc\u00e9s de transici\u00f3 entre etapes educatives, i tamb\u00e9 s\u2019inclou en el programa de Noves Oportunitats Educatives 4.10 de la Diputaci\u00f3 de Barcelona.<\/p>\n<p>L\u2019equip professional dels Departaments d\u2019Educaci\u00f3 i Joventut, amb la col\u00b7laboraci\u00f3 dels centres educatius, Serveis Eductius i altres entitats han fet possible aquesta fira.<\/p>\n<p>El web de la Fira estar\u00e0 obert a partir del 15 de mar\u00e7 d\u2019enguany.<\/p>\n<p><a href=\"http:\/\/badalona.cat\/portalWeb\/badalona.portal?_nfpb=true&amp;_pageLabel=contingut_estatic&amp;dCollectionID=3746#wlp_contingut_estatic\" target=\"_blank\" rel=\"noopener noreferrer\">M\u00e9s informaci\u00f3.<\/a><\/p>\n","protected":false},"excerpt":{"rendered":"<p>Aquest any se celebra la 9a Fira de l\u2019Ensenyament de manera virtual, obligats per les circumst\u00e0ncies de pand\u00e8mia. Aquest nou [&hellip;]<\/p>\n","protected":false},"author":1,"featured_media":15864,"comment_status":"closed","ping_status":"closed","sticky":false,"template":"","format":"standard","meta":{"_bbp_topic_count":0,"_bbp_reply_count":0,"_bbp_total_topic_count":0,"_bbp_total_reply_count":0,"_bbp_voice_count":0,"_bbp_anonymous_reply_count":0,"_bbp_topic_count_hidden":0,"_bbp_reply_count_hidden":0,"_bbp_forum_subforum_count":0,"site-sidebar-layout":"default","site-content-layout":"","ast-site-content-layout":"","site-content-style":"default","site-sidebar-style":"default","ast-global-header-display":"","ast-banner-title-visibility":"","ast-main-header-display":"","ast-hfb-above-header-display":"","ast-hfb-below-header-display":"","ast-hfb-mobile-header-display":"","site-post-title":"","ast-breadcrumbs-content":"","ast-featured-img":"","footer-sml-layout":"","theme-transparent-header-meta":"","adv-header-id-meta":"","stick-header-meta":"","header-above-stick-meta":"","header-main-stick-meta":"","header-below-stick-meta":"","astra-migrate-meta-layouts":"default","ast-page-background-enabled":"default","ast-page-background-meta":{"desktop":{"background-color":"var(--ast-global-color-4)","background-image":"","background-repeat":"repeat","background-position":"center center","background-size":"auto","background-attachment":"scroll","background-type":"","background-media":"","overlay-type":"","overlay-color":"","overlay-opacity":"","overlay-gradient":""},"tablet":{"background-color":"","background-image":"","background-repeat":"repeat","background-position":"center center","background-size":"auto","background-attachment":"scroll","background-type":"","background-media":"","overlay-type":"","overlay-color":"","overlay-opacity":"","overlay-gradient":""},"mobile":{"background-color":"","background-image":"","background-repeat":"repeat","background-position":"center center","background-size":"auto","background-attachment":"scroll","background-type":"","background-media":"","overlay-type":"","overlay-color":"","overlay-opacity":"","overlay-gradient":""}},"ast-content-background-meta":{"desktop":{"background-color":"var(--ast-global-color-5)","background-image":"","background-repeat":"repeat","background-position":"center center","background-size":"auto","background-attachment":"scroll","background-type":"","background-media":"","overlay-type":"","overlay-color":"","overlay-opacity":"","overlay-gradient":""},"tablet":{"background-color":"var(--ast-global-color-5)","background-image":"","background-repeat":"repeat","background-position":"center center","background-size":"auto","background-attachment":"scroll","background-type":"","background-media":"","overlay-type":"","overlay-color":"","overlay-opacity":"","overlay-gradient":""},"mobile":{"background-color":"var(--ast-global-color-5)","background-image":"","background-repeat":"repeat","background-position":"center center","background-size":"auto","background-attachment":"scroll","background-type":"","background-media":"","overlay-type":"","overlay-color":"","overlay-opacity":"","overlay-gradient":""}},"footnotes":""},"categories":[64,29],"tags":[878],"class_list":["post-15863","post","type-post","status-publish","format-standard","has-post-thumbnail","hentry","category-comunitat","category-portada","tag-fira-de-lensenyament"],"post_mailing_queue_ids":[],"_links":{"self":[{"href":"https:\/\/serveiseducatius.xtec.cat\/badalona\/wp-json\/wp\/v2\/posts\/15863","targetHints":{"allow":["GET"]}}],"collection":[{"href":"https:\/\/serveiseducatius.xtec.cat\/badalona\/wp-json\/wp\/v2\/posts"}],"about":[{"href":"https:\/\/serveiseducatius.xtec.cat\/badalona\/wp-json\/wp\/v2\/types\/post"}],"author":[{"embeddable":true,"href":"https:\/\/serveiseducatius.xtec.cat\/badalona\/wp-json\/wp\/v2\/users\/1"}],"replies":[{"embeddable":true,"href":"https:\/\/serveiseducatius.xtec.cat\/badalona\/wp-json\/wp\/v2\/comments?post=15863"}],"version-history":[{"count":1,"href":"https:\/\/serveiseducatius.xtec.cat\/badalona\/wp-json\/wp\/v2\/posts\/15863\/revisions"}],"predecessor-version":[{"id":15865,"href":"https:\/\/serveiseducatius.xtec.cat\/badalona\/wp-json\/wp\/v2\/posts\/15863\/revisions\/15865"}],"wp:featuredmedia":[{"embeddable":true,"href":"https:\/\/serveiseducatius.xtec.cat\/badalona\/wp-json\/wp\/v2\/media\/15864"}],"wp:attachment":[{"href":"https:\/\/serveiseducatius.xtec.cat\/badalona\/wp-json\/wp\/v2\/media?parent=15863"}],"wp:term":[{"taxonomy":"category","embeddable":true,"href":"https:\/\/serveiseducatius.xtec.cat\/badalona\/wp-json\/wp\/v2\/categories?post=15863"},{"taxonomy":"post_tag","embeddable":true,"href":"https:\/\/serveiseducatius.xtec.cat\/badalona\/wp-json\/wp\/v2\/tags?post=15863"}],"curies":[{"name":"wp","href":"https:\/\/api.w.org\/{rel}","templated":true}]}}