{"id":15781,"date":"2021-03-05T08:12:28","date_gmt":"2021-03-05T07:12:28","guid":{"rendered":"http:\/\/serveiseducatius.xtec.cat\/badalona\/?p=15781"},"modified":"2021-06-08T12:29:26","modified_gmt":"2021-06-08T10:29:26","slug":"torna-lefim-el-concurs-de-fotografia-i-patrimoni-per-a-joves","status":"publish","type":"post","link":"https:\/\/serveiseducatius.xtec.cat\/badalona\/portada\/torna-lefim-el-concurs-de-fotografia-i-patrimoni-per-a-joves\/","title":{"rendered":"Torna l&#8217;EFIM, el concurs de fotografia i patrimoni per a joves"},"content":{"rendered":"<p><img loading=\"lazy\" decoding=\"async\" class=\"wp-image-15782 alignleft\" src=\"https:\/\/serveiseducatius.xtec.cat\/badalona\/wp-content\/uploads\/usu1088\/2021\/03\/efim.jpg\" alt=\"\" width=\"306\" height=\"153\" \/>Amb la complicitat dels centres docents, l&#8217;<a href=\"http:\/\/patrimoni.gencat.cat\/efim?utm_source=Cultura+i+educaci%C3%B3&amp;utm_campaign=5cs3Sx6QhfMwR763wlb9rgFA-educaci%C3%B3_240221&amp;utm_medium=email\" target=\"_blank\" rel=\"noopener noreferrer\">Experi\u00e8ncia Fotogr\u00e0fica Internacional dels Monuments\u00a0(EFIM)<\/a> anima als i les alumnes de secund\u00e0ria,\u00a0batxillerat i cicles formatius\u00a0dels centres educatius de Catalunya a mirar el\u00a0patrimoni cultural monumental\u00a0i construir el seu propi relat a trav\u00e9s del\u00a0llenguatge fotogr\u00e0fic.\u00a0\u00a0<\/p>\n<p>Els museus i monuments segueixen oberts al p\u00fablic, complint amb totes les mesures de seguretat sanit\u00e0ries. Tanmateix, amb l&#8217;objectiu de\u00a0donar m\u00e9s opcions a la participaci\u00f3, hi ha\u00a0dues modalitats\u00a0diferents per a participar:\u00a0la\u00a0cl\u00e0ssica, que proposa fer\u00a0fotografies\u00a0in situ\u00a0al\u00a0patrimoni,\u00a0i la\u00a0nova, que proposa fer\u00a0fotomuntatges\u00a0amb fotografies del patrimoni cultural catal\u00e0 com a idea central.\u00a0<\/p>\n<p>L&#8217;alumnat que vulgui\u00a0participar s&#8217;ha\u00a0d&#8217;inscriure <strong>mitjan\u00e7ant el seu\u00a0centre educatiu<\/strong>. Les\u00a0fotografies,\u00a0que poden capturar-se amb el tel\u00e8fon m\u00f2bil o una c\u00e0mera de fotos, es compartiran a trav\u00e9s del perfil d&#8217;Instagram\u00a0<strong><a href=\"https:\/\/www.email-index.com\/click.php?L=UeHK4hszu31l6ZMi3k1V6w&amp;J=MhNptk3RzXqWXIXSaJyaVg&amp;C=dPPl169Toy1CvmfZ53SGAA&amp;F=HKFRcCbcnmxmc4f43DJP5g\" target=\"_blank\" rel=\"noopener noreferrer\">@efim.cat<\/a><\/strong>.<\/p>\n<ul>\n<li><a href=\"http:\/\/patrimoni.gencat.cat\/ca\/efim\/bases-del-concurs\" target=\"_blank\" rel=\"noopener noreferrer\">Bases del concurs<\/a><\/li>\n<li><a href=\"http:\/\/patrimoni.gencat.cat\/ca\/efim\/inscripcions\" target=\"_blank\" rel=\"noopener noreferrer\">INSCRIPCI\u00d3<\/a><\/li>\n<\/ul>\n<p>Quin \u00e9s el premi? Entre altres, els autors i les autores de les 10 millors fotografies\u00a0guanyaran un\u00a0viatge cultural\u00a0que tindr\u00e0 lloc al mes de desembre, acompanyats de responsables de l\u2019Ag\u00e8ncia Catalana del Patrimoni Cultural, a una\u00a0ciutat europea\u00a0per descobrir el seu\u00a0patrimoni cultural. Podeu\u00a0ser vosaltres!<\/p>\n","protected":false},"excerpt":{"rendered":"<p>Amb la complicitat dels centres docents, l&#8217;Experi\u00e8ncia Fotogr\u00e0fica Internacional dels Monuments\u00a0(EFIM) anima als i les alumnes de secund\u00e0ria,\u00a0batxillerat i cicles [&hellip;]<\/p>\n","protected":false},"author":9,"featured_media":15782,"comment_status":"closed","ping_status":"closed","sticky":false,"template":"","format":"standard","meta":{"_bbp_topic_count":0,"_bbp_reply_count":0,"_bbp_total_topic_count":0,"_bbp_total_reply_count":0,"_bbp_voice_count":0,"_bbp_anonymous_reply_count":0,"_bbp_topic_count_hidden":0,"_bbp_reply_count_hidden":0,"_bbp_forum_subforum_count":0,"site-sidebar-layout":"default","site-content-layout":"","ast-site-content-layout":"","site-content-style":"default","site-sidebar-style":"default","ast-global-header-display":"","ast-banner-title-visibility":"","ast-main-header-display":"","ast-hfb-above-header-display":"","ast-hfb-below-header-display":"","ast-hfb-mobile-header-display":"","site-post-title":"","ast-breadcrumbs-content":"","ast-featured-img":"","footer-sml-layout":"","theme-transparent-header-meta":"","adv-header-id-meta":"","stick-header-meta":"","header-above-stick-meta":"","header-main-stick-meta":"","header-below-stick-meta":"","astra-migrate-meta-layouts":"default","ast-page-background-enabled":"default","ast-page-background-meta":{"desktop":{"background-color":"var(--ast-global-color-4)","background-image":"","background-repeat":"repeat","background-position":"center center","background-size":"auto","background-attachment":"scroll","background-type":"","background-media":"","overlay-type":"","overlay-color":"","overlay-opacity":"","overlay-gradient":""},"tablet":{"background-color":"","background-image":"","background-repeat":"repeat","background-position":"center center","background-size":"auto","background-attachment":"scroll","background-type":"","background-media":"","overlay-type":"","overlay-color":"","overlay-opacity":"","overlay-gradient":""},"mobile":{"background-color":"","background-image":"","background-repeat":"repeat","background-position":"center center","background-size":"auto","background-attachment":"scroll","background-type":"","background-media":"","overlay-type":"","overlay-color":"","overlay-opacity":"","overlay-gradient":""}},"ast-content-background-meta":{"desktop":{"background-color":"var(--ast-global-color-5)","background-image":"","background-repeat":"repeat","background-position":"center center","background-size":"auto","background-attachment":"scroll","background-type":"","background-media":"","overlay-type":"","overlay-color":"","overlay-opacity":"","overlay-gradient":""},"tablet":{"background-color":"var(--ast-global-color-5)","background-image":"","background-repeat":"repeat","background-position":"center center","background-size":"auto","background-attachment":"scroll","background-type":"","background-media":"","overlay-type":"","overlay-color":"","overlay-opacity":"","overlay-gradient":""},"mobile":{"background-color":"var(--ast-global-color-5)","background-image":"","background-repeat":"repeat","background-position":"center center","background-size":"auto","background-attachment":"scroll","background-type":"","background-media":"","overlay-type":"","overlay-color":"","overlay-opacity":"","overlay-gradient":""}},"footnotes":""},"categories":[64,66,29],"tags":[1459,364],"class_list":["post-15781","post","type-post","status-publish","format-standard","has-post-thumbnail","hentry","category-comunitat","category-dinamitzacio","category-portada","tag-concurs-fotografic","tag-fotografia"],"post_mailing_queue_ids":[],"_links":{"self":[{"href":"https:\/\/serveiseducatius.xtec.cat\/badalona\/wp-json\/wp\/v2\/posts\/15781","targetHints":{"allow":["GET"]}}],"collection":[{"href":"https:\/\/serveiseducatius.xtec.cat\/badalona\/wp-json\/wp\/v2\/posts"}],"about":[{"href":"https:\/\/serveiseducatius.xtec.cat\/badalona\/wp-json\/wp\/v2\/types\/post"}],"author":[{"embeddable":true,"href":"https:\/\/serveiseducatius.xtec.cat\/badalona\/wp-json\/wp\/v2\/users\/9"}],"replies":[{"embeddable":true,"href":"https:\/\/serveiseducatius.xtec.cat\/badalona\/wp-json\/wp\/v2\/comments?post=15781"}],"version-history":[{"count":3,"href":"https:\/\/serveiseducatius.xtec.cat\/badalona\/wp-json\/wp\/v2\/posts\/15781\/revisions"}],"predecessor-version":[{"id":15785,"href":"https:\/\/serveiseducatius.xtec.cat\/badalona\/wp-json\/wp\/v2\/posts\/15781\/revisions\/15785"}],"wp:featuredmedia":[{"embeddable":true,"href":"https:\/\/serveiseducatius.xtec.cat\/badalona\/wp-json\/wp\/v2\/media\/15782"}],"wp:attachment":[{"href":"https:\/\/serveiseducatius.xtec.cat\/badalona\/wp-json\/wp\/v2\/media?parent=15781"}],"wp:term":[{"taxonomy":"category","embeddable":true,"href":"https:\/\/serveiseducatius.xtec.cat\/badalona\/wp-json\/wp\/v2\/categories?post=15781"},{"taxonomy":"post_tag","embeddable":true,"href":"https:\/\/serveiseducatius.xtec.cat\/badalona\/wp-json\/wp\/v2\/tags?post=15781"}],"curies":[{"name":"wp","href":"https:\/\/api.w.org\/{rel}","templated":true}]}}