{"id":15662,"date":"2021-02-15T14:44:33","date_gmt":"2021-02-15T13:44:33","guid":{"rendered":"http:\/\/serveiseducatius.xtec.cat\/badalona\/?p=15662"},"modified":"2021-06-08T12:30:15","modified_gmt":"2021-06-08T10:30:15","slug":"el-museu-de-badalona-inaugura-lexposicio-badalona-sobre-rodes","status":"publish","type":"post","link":"https:\/\/serveiseducatius.xtec.cat\/badalona\/portada\/el-museu-de-badalona-inaugura-lexposicio-badalona-sobre-rodes\/","title":{"rendered":"El Museu de Badalona inaugura l&#8217;exposici\u00f3 &#8220;Badalona sobre rodes&#8221;"},"content":{"rendered":"<p><img loading=\"lazy\" decoding=\"async\" class=\"wp-image-15663 alignleft\" src=\"https:\/\/serveiseducatius.xtec.cat\/badalona\/wp-content\/uploads\/usu1088\/2021\/02\/Expo-BdnRodes_1920_bo-1030x579.jpg\" alt=\"\" width=\"313\" height=\"176\" \/>Badalona va viure un gran creixement demogr\u00e0fic entre el final del segle XIX i els anys 1980. La ciutat es va transformar profundament, i l\u2019evoluci\u00f3 dels mitjans de transport en s\u00f3n un clar testimoni. Ho podreu veure en l&#8217;exposici\u00f3 que s&#8217;inaugura avui, dijous 18 de febrer, al Museu de Badalona, i en la publicaci\u00f3 del mateix t\u00edtol, dedicades al transport terrestre, el que va sobre rodes.<\/p>\n<p>Les fotografies presentades se centren sobretot en les d\u00e8cades de 1950 i 1960 i tenen com a punt final l\u2019arribada del metro el 1985. Es caracteritzen per la varietat de mitjans de transport que hi apareixen, pels forts contrastos que s\u2019hi observen i per l\u2019evoluci\u00f3 que mostren tant de la ciutat com dels seus habitants.<\/p>\n<p>La mostra s\u2019explica en tres apartats. El primer explora el m\u00f3n dels transports com a eina de treball, el segon posa el focus en els despla\u00e7aments personals, i el tercer se centra en els aspectes l\u00fadics, festius i religiosos.<\/p>\n<p>I, molt important: l\u2019exposici\u00f3 presenta una gran novetat, ja que el 25 de mar\u00e7, coincidint amb la presentaci\u00f3 del llibre (que publica l\u2019editorial Efad\u00f3s), es canviaran bona part de les fotografies per altres de la mateixa tem\u00e0tica. Ser\u00e0, doncs, una exposici\u00f3 viva i din\u00e0mica que caldr\u00e0 visitar m\u00e9s d\u2019una vegada.<\/p>\n<p><a class=\"lightbox-added\" href=\"https:\/\/www.museudebadalona.cat\/wp-content\/uploads\/Flyer-Bdn-sobre-rodes-pel-web.jpg\" target=\"_blank\" rel=\"noopener noreferrer\">DESCARREGAR FULLET\u00d3 DE L\u2019EXPOSICI\u00d3<\/a><\/p>\n","protected":false},"excerpt":{"rendered":"<p>Badalona va viure un gran creixement demogr\u00e0fic entre el final del segle XIX i els anys 1980. La ciutat es [&hellip;]<\/p>\n","protected":false},"author":9,"featured_media":15663,"comment_status":"closed","ping_status":"closed","sticky":false,"template":"","format":"standard","meta":{"_bbp_topic_count":0,"_bbp_reply_count":0,"_bbp_total_topic_count":0,"_bbp_total_reply_count":0,"_bbp_voice_count":0,"_bbp_anonymous_reply_count":0,"_bbp_topic_count_hidden":0,"_bbp_reply_count_hidden":0,"_bbp_forum_subforum_count":0,"site-sidebar-layout":"default","site-content-layout":"","ast-site-content-layout":"","site-content-style":"default","site-sidebar-style":"default","ast-global-header-display":"","ast-banner-title-visibility":"","ast-main-header-display":"","ast-hfb-above-header-display":"","ast-hfb-below-header-display":"","ast-hfb-mobile-header-display":"","site-post-title":"","ast-breadcrumbs-content":"","ast-featured-img":"","footer-sml-layout":"","theme-transparent-header-meta":"","adv-header-id-meta":"","stick-header-meta":"","header-above-stick-meta":"","header-main-stick-meta":"","header-below-stick-meta":"","astra-migrate-meta-layouts":"default","ast-page-background-enabled":"default","ast-page-background-meta":{"desktop":{"background-color":"var(--ast-global-color-4)","background-image":"","background-repeat":"repeat","background-position":"center center","background-size":"auto","background-attachment":"scroll","background-type":"","background-media":"","overlay-type":"","overlay-color":"","overlay-opacity":"","overlay-gradient":""},"tablet":{"background-color":"","background-image":"","background-repeat":"repeat","background-position":"center center","background-size":"auto","background-attachment":"scroll","background-type":"","background-media":"","overlay-type":"","overlay-color":"","overlay-opacity":"","overlay-gradient":""},"mobile":{"background-color":"","background-image":"","background-repeat":"repeat","background-position":"center center","background-size":"auto","background-attachment":"scroll","background-type":"","background-media":"","overlay-type":"","overlay-color":"","overlay-opacity":"","overlay-gradient":""}},"ast-content-background-meta":{"desktop":{"background-color":"var(--ast-global-color-5)","background-image":"","background-repeat":"repeat","background-position":"center center","background-size":"auto","background-attachment":"scroll","background-type":"","background-media":"","overlay-type":"","overlay-color":"","overlay-opacity":"","overlay-gradient":""},"tablet":{"background-color":"var(--ast-global-color-5)","background-image":"","background-repeat":"repeat","background-position":"center center","background-size":"auto","background-attachment":"scroll","background-type":"","background-media":"","overlay-type":"","overlay-color":"","overlay-opacity":"","overlay-gradient":""},"mobile":{"background-color":"var(--ast-global-color-5)","background-image":"","background-repeat":"repeat","background-position":"center center","background-size":"auto","background-attachment":"scroll","background-type":"","background-media":"","overlay-type":"","overlay-color":"","overlay-opacity":"","overlay-gradient":""}},"footnotes":""},"categories":[64,872,29],"tags":[357],"class_list":["post-15662","post","type-post","status-publish","format-standard","has-post-thumbnail","hentry","category-comunitat","category-missatgeria","category-portada","tag-museu-de-badalona"],"post_mailing_queue_ids":[],"_links":{"self":[{"href":"https:\/\/serveiseducatius.xtec.cat\/badalona\/wp-json\/wp\/v2\/posts\/15662","targetHints":{"allow":["GET"]}}],"collection":[{"href":"https:\/\/serveiseducatius.xtec.cat\/badalona\/wp-json\/wp\/v2\/posts"}],"about":[{"href":"https:\/\/serveiseducatius.xtec.cat\/badalona\/wp-json\/wp\/v2\/types\/post"}],"author":[{"embeddable":true,"href":"https:\/\/serveiseducatius.xtec.cat\/badalona\/wp-json\/wp\/v2\/users\/9"}],"replies":[{"embeddable":true,"href":"https:\/\/serveiseducatius.xtec.cat\/badalona\/wp-json\/wp\/v2\/comments?post=15662"}],"version-history":[{"count":1,"href":"https:\/\/serveiseducatius.xtec.cat\/badalona\/wp-json\/wp\/v2\/posts\/15662\/revisions"}],"predecessor-version":[{"id":15664,"href":"https:\/\/serveiseducatius.xtec.cat\/badalona\/wp-json\/wp\/v2\/posts\/15662\/revisions\/15664"}],"wp:featuredmedia":[{"embeddable":true,"href":"https:\/\/serveiseducatius.xtec.cat\/badalona\/wp-json\/wp\/v2\/media\/15663"}],"wp:attachment":[{"href":"https:\/\/serveiseducatius.xtec.cat\/badalona\/wp-json\/wp\/v2\/media?parent=15662"}],"wp:term":[{"taxonomy":"category","embeddable":true,"href":"https:\/\/serveiseducatius.xtec.cat\/badalona\/wp-json\/wp\/v2\/categories?post=15662"},{"taxonomy":"post_tag","embeddable":true,"href":"https:\/\/serveiseducatius.xtec.cat\/badalona\/wp-json\/wp\/v2\/tags?post=15662"}],"curies":[{"name":"wp","href":"https:\/\/api.w.org\/{rel}","templated":true}]}}