{"id":15535,"date":"2021-02-03T08:16:08","date_gmt":"2021-02-03T07:16:08","guid":{"rendered":"http:\/\/serveiseducatius.xtec.cat\/badalona\/?p=15535"},"modified":"2023-09-08T12:30:39","modified_gmt":"2023-09-08T10:30:39","slug":"6-de-febrer-dia-internacional-contra-la-mgf-tolerancia-zero-amb-la-mutilacio-genital-femenina","status":"publish","type":"post","link":"https:\/\/serveiseducatius.xtec.cat\/badalona\/general\/6-de-febrer-dia-internacional-contra-la-mgf-tolerancia-zero-amb-la-mutilacio-genital-femenina\/","title":{"rendered":"6 de febrer: Dia internacional contra la MGF. Toler\u00e0ncia Zero amb la Mutilaci\u00f3 Genital Femenina."},"content":{"rendered":"<p><img loading=\"lazy\" decoding=\"async\" class=\"size-large wp-image-15538 aligncenter\" src=\"https:\/\/serveiseducatius.xtec.cat\/badalona\/wp-content\/uploads\/usu1088\/2021\/02\/Captura8-1-1024x417.png\" alt=\"\" width=\"1024\" height=\"417\" srcset=\"https:\/\/serveiseducatius.xtec.cat\/badalona\/wp-content\/uploads\/usu1088\/2021\/02\/Captura8-1-1024x417.png 1024w, https:\/\/serveiseducatius.xtec.cat\/badalona\/wp-content\/uploads\/usu1088\/2021\/02\/Captura8-1-300x122.png 300w, https:\/\/serveiseducatius.xtec.cat\/badalona\/wp-content\/uploads\/usu1088\/2021\/02\/Captura8-1-768x313.png 768w, https:\/\/serveiseducatius.xtec.cat\/badalona\/wp-content\/uploads\/usu1088\/2021\/02\/Captura8-1.png 1155w\" sizes=\"auto, (max-width: 1024px) 100vw, 1024px\" \/><\/p>\n<p>L\u2019Agenda 2030 i els Objectius de Desenvolupament Sostenible (Objectiu 5. Aconseguir la igualtat de g\u00e8nere i empoderar totes les dones i nenes) ens emplacen a haver erradicat la mutilaci\u00f3 genital femenina (MGF) a 2030.\u00a0 La MGF vulnera la salut sexual i reproductiva i, per tant, els drets humans de les dones i les nenes.<\/p>\n<p>A Catalunya, s\u2019ha fet un esfor\u00e7 important en l\u2019abordatge de la MGF aix\u00ed com altres manifestacions de la viol\u00e8ncia masclista, des de les administracions i entitats. Disposem del\u00a0<a href=\"http:\/\/treballiaferssocials.gencat.cat\/web\/.content\/03ambits_tematics\/05immigracio_refugi\/08recursosprofessionals\/02prevenciomutilaciofemenina\/Protocol_mutilacio_catala.pdf\" target=\"_blank\" rel=\"noopener noreferrer\">Protocol d\u2019actuacions per prevenir la mutilaci\u00f3 genital femenina<\/a>\u00a0i s\u2019avan\u00e7a en la sensibilitzaci\u00f3 i mediaci\u00f3 comunit\u00e0ria per erradicar aquesta pr\u00e0ctica.\u00a0<\/p>\n<p>Des del sistema educatiu, cal fomentar un esperit cr\u00edtic de l\u2019alumnat envers les diverses formes que revesteix la viol\u00e8ncia masclista, donar veu a les nenes i noies i fer una bona acollida a les fam\u00edlies.<\/p>\n<h5>\u27a1\u00a0La <a href=\"http:\/\/xtec.gencat.cat\/ca\/curriculum\/coeducacio\/dates-interes\/toleranciazero\/\" target=\"_blank\" rel=\"noopener noreferrer\">XTEC<\/a> ha elaborat un recull de recursos did\u00e0ctics que poden ser d\u2019utilitat per abordar aquest problema en els centres educatius:<\/h5>\n<p><a href=\"https:\/\/blocs.xtec.cat\/coeducacioiigualtat\/?_ga=2.253802440.1599512571.1603790134-635808204.1413654475\" target=\"_blank\" rel=\"noopener noreferrer\">Blog del Coeduca\u2019t<\/a>. En el blog del\u00a0<a href=\"http:\/\/ensenyament.gencat.cat\/ca\/arees-actuacio\/centres-serveis-educatius\/altres-programes-educatius\/educacio-infantil-primaria-secundaria-batxillerat\/coeducat\/\" target=\"_blank\" rel=\"noopener noreferrer\">Programa Coeduca\u2019t amb el curr\u00edculum<\/a>, hi trobareu recursos que ajuden els centres a treballar aspectes b\u00e0sics de coeducaci\u00f3, de perspectiva de g\u00e8nere i de sexualitat i, per tant, prevenir la viol\u00e8ncia masclista.<\/p>\n<p><a href=\"http:\/\/ateneu.xtec.cat\/wikiform\/wikiexport\/cursos\/curriculum\/interniv\/prevm\/index#_ga=2.177366053.1007590765.1580134373-401446924.1528298234\" target=\"_blank\" rel=\"noopener noreferrer\">Prevenci\u00f3 de la viol\u00e8ncia masclista en l\u2019\u00e0mbit educatiu<\/a>. El Departament d\u2019Educaci\u00f3 disposa d\u2019aquests materials formatius elaborats per\u00a0<strong>Tamaia\u00a0<\/strong><strong><em>Viure Sense viol\u00e8ncia<\/em><\/strong>, adre\u00e7ats al professorat i al professional d\u2019atenci\u00f3 educativa i de suport a la doc\u00e8ncia, a fi de donar a con\u00e8ixer el marc conceptual i legal de la viol\u00e8ncia masclista, facilitar-ne la detecci\u00f3 i dotar d\u2019eines per la prevenci\u00f3, detecci\u00f3 i intervenci\u00f3 per al seu abordatge en l\u2019\u00e0mbit educatiu.<\/p>\n<p>Documents per a unes escoles lliures de viol\u00e8ncies. Es tracta de tres infografies facilitadores de l\u2019abordatge de casos de viol\u00e8ncia al sistema educatiu:\u00a0<a href=\"https:\/\/projectes.xtec.cat\/educacioinclusiva\/general\/deteccio-i-derivacio-a-serveis-especialitzats-datencio-als-fills-i-filles-en-situacio-de-violencia-masclista-en-lambit-familiar\/\" target=\"_blank\" rel=\"noopener noreferrer\">Detecci\u00f3 i derivaci\u00f3 a serveis especialitzats d\u2019atenci\u00f3 als fills i filles en situaci\u00f3 de viol\u00e8ncia masclista en l\u2019\u00e0mbit familiar<\/a>;\u00a0<a href=\"https:\/\/projectes.xtec.cat\/educacioinclusiva\/general\/abordatge-violencies-masclistes\/\" target=\"_blank\" rel=\"noopener noreferrer\">Abordatge viol\u00e8ncies masclistes<\/a>;\u00a0<a href=\"https:\/\/projectes.xtec.cat\/educacioinclusiva\/general\/prevencio-i-deteccio-de-la-mutilacio-genital-femenina-mgf-al-sistema-educatiu\/\" target=\"_blank\" rel=\"noopener noreferrer\">Prevenci\u00f3 i detecci\u00f3 de la mutilaci\u00f3 genital femenina (MGF) al sistema educatiu<\/a>.\u00a0<\/p>\n<p><a href=\"http:\/\/xtec.gencat.cat\/ca\/centres\/projeducatiu\/convivencia\/protocols\/\" target=\"_blank\" rel=\"noopener noreferrer\">Circuit simplificat d&#8217;intervenci\u00f3 i Protocols per a la millora de la conviv\u00e8ncia<\/a>.\u00a0Dins del Projecte educatiu de centres, trobareu els protocols del Departament d\u2019Educaci\u00f3.<\/p>\n<p><a href=\"http:\/\/dones.gencat.cat\/web\/.content\/03_ambits\/docs\/cdoc_guiabib_mgf.pdf\" target=\"_blank\" rel=\"noopener noreferrer\">Guia bibliogr\u00e0fica MGF<\/a>. En aquesta guia bibliogr\u00e0fica sobre MGF publicada per l\u2019Institut Catal\u00e0 de les Dones, hi ha monografies, relats personals i narratives, fullets, audiovisuals i recursos electr\u00f2nics sobre el tema.<\/p>\n<p><a href=\"http:\/\/dones.gencat.cat\/web\/.content\/03_ambits\/docs\/cdoc_guiarec_violencia.pdf\" target=\"_blank\" rel=\"noopener noreferrer\">Guia de recursos: viol\u00e8ncies masclistes<\/a>. En aquesta guia de l\u2019Institut Catal\u00e0 de les Dones, hi ha bibliografia, recursos d\u2019atenci\u00f3, normativa de refer\u00e8ncia, indicadors i estad\u00edstiques, webs i recursos electr\u00f2nics de refer\u00e8ncia sobre la viol\u00e8ncia masclista.<\/p>\n<p><a href=\"http:\/\/interior.gencat.cat\/ca\/arees_dactuacio\/seguretat\/violencia-masclista-i-domestica\/materials-sobre-violencia-masclista-i-domestica\/comic\/\" target=\"_blank\" rel=\"noopener noreferrer\">Assegura\u2019t! C\u00f2mic de prevenci\u00f3 de les viol\u00e8ncies masclistes<\/a>\u00a0. En aquest c\u00f2mic publicat pel Departament d\u2019Interior, es dedica un apartat a la mutilaci\u00f3 genital femenina, de la p\u00e0gines 15-22, i va acompanyat d\u2019una guia did\u00e0ctica.<\/p>\n<p>Maite Carranza, El fruit del baobab, Edicions 62.En aquest llibre es presenta una hist\u00f2ria de relaci\u00f3 entre dones, una metgessa catalana, una jove gambiana i la seva filla, \u00a0bona estudiant i disposada a trencar tab\u00fas. \u00c9s una hist\u00f2ria marcada per l\u2019exist\u00e8ncia de la pr\u00e0ctica de l\u2019ablaci\u00f3.\u00a0<\/p>\n<p><a href=\"https:\/\/www.youtube.com\/watch?v=7ZgqO_fyfmI\" target=\"_blank\" rel=\"noopener noreferrer\">Documental Bref<\/a>. En aquest curtmetratge dirigit per Christina Pitouli i produ\u00eft per Metges del M\u00f3n amb el suport de l\u2019Ajuntament de Barcelona, se\u2019ns mostren les converses hagudes amb persones africanes que viuen a Espanya sobre l\u2019her\u00e8ncia cultural i el respecte als drets humans.<\/p>\n<p><a href=\"https:\/\/www.youtube.com\/watch?v=INhpKk6hZ40\" target=\"_blank\" rel=\"noopener noreferrer\">Hist\u00f2ria de Sima<\/a>.\u00a0En aquest bell curt animat de Fundaci\u00f3n Entreculturas, se\u2019ns la hist\u00f2ria real d\u2019una supervivent de la MGF que treballa per erradicar la pr\u00e0ctica.<\/p>\n<p><a href=\"https:\/\/www.ccma.cat\/tv3\/alacarta\/els-matins\/homes-contra-la-mutilacio-genital-femenina\/video\/5831952\/\" target=\"_blank\" rel=\"noopener noreferrer\">Homes contra la MGF<\/a>. En el programa Els matins, 15 de mar\u00e7 de 2019, de TV3, se\u2019ns planteja una experi\u00e8ncia de treball envers l\u2019erradicaci\u00f3 de la MGF i es fan reflexions sobre qu\u00e8 \u00e9s un tab\u00fa sexual, es distingeix entre la cultura i creen\u00e7a nociva i es posa de relleu la import\u00e0ncia de parlar de la MGF.<\/p>\n<p><a href=\"https:\/\/www.eventbrite.es\/e\/entradas-dia-internacional-de-la-tolerancia-zero-amb-la-mutilacio-genital-femenina-137467762779?aff=MCh01\" target=\"_blank\" rel=\"noopener noreferrer\">Dia Internacional de la Toler\u00e0ncia ZERO amb la Mutilaci\u00f3 Genital Femenina. Experi\u00e8ncies transnacionals i comunit\u00e0ries des de l\u2019enfocament de g\u00e8nere i basat en drets humans<\/a>. Seminari en l\u00ednia organitzat per la Generalitat de Catalunya, el dia 5 de febrer, d\u201911h a 13h. Si \u00e9s del vostre inter\u00e8s, inscriviu-vos-hi i escolliu de participar en una de les dues taules.<\/p>\n<p>&nbsp;<\/p>\n","protected":false},"excerpt":{"rendered":"<p>L\u2019Agenda 2030 i els Objectius de Desenvolupament Sostenible (Objectiu 5. Aconseguir la igualtat de g\u00e8nere i empoderar totes les dones [&hellip;]<\/p>\n","protected":false},"author":15,"featured_media":15536,"comment_status":"closed","ping_status":"closed","sticky":false,"template":"","format":"standard","meta":{"_bbp_topic_count":0,"_bbp_reply_count":0,"_bbp_total_topic_count":0,"_bbp_total_reply_count":0,"_bbp_voice_count":0,"_bbp_anonymous_reply_count":0,"_bbp_topic_count_hidden":0,"_bbp_reply_count_hidden":0,"_bbp_forum_subforum_count":0,"site-sidebar-layout":"default","site-content-layout":"","ast-site-content-layout":"","site-content-style":"default","site-sidebar-style":"default","ast-global-header-display":"","ast-banner-title-visibility":"","ast-main-header-display":"","ast-hfb-above-header-display":"","ast-hfb-below-header-display":"","ast-hfb-mobile-header-display":"","site-post-title":"","ast-breadcrumbs-content":"","ast-featured-img":"","footer-sml-layout":"","theme-transparent-header-meta":"","adv-header-id-meta":"","stick-header-meta":"","header-above-stick-meta":"","header-main-stick-meta":"","header-below-stick-meta":"","astra-migrate-meta-layouts":"default","ast-page-background-enabled":"default","ast-page-background-meta":{"desktop":{"background-color":"var(--ast-global-color-4)","background-image":"","background-repeat":"repeat","background-position":"center center","background-size":"auto","background-attachment":"scroll","background-type":"","background-media":"","overlay-type":"","overlay-color":"","overlay-opacity":"","overlay-gradient":""},"tablet":{"background-color":"","background-image":"","background-repeat":"repeat","background-position":"center center","background-size":"auto","background-attachment":"scroll","background-type":"","background-media":"","overlay-type":"","overlay-color":"","overlay-opacity":"","overlay-gradient":""},"mobile":{"background-color":"","background-image":"","background-repeat":"repeat","background-position":"center center","background-size":"auto","background-attachment":"scroll","background-type":"","background-media":"","overlay-type":"","overlay-color":"","overlay-opacity":"","overlay-gradient":""}},"ast-content-background-meta":{"desktop":{"background-color":"var(--ast-global-color-5)","background-image":"","background-repeat":"repeat","background-position":"center center","background-size":"auto","background-attachment":"scroll","background-type":"","background-media":"","overlay-type":"","overlay-color":"","overlay-opacity":"","overlay-gradient":""},"tablet":{"background-color":"var(--ast-global-color-5)","background-image":"","background-repeat":"repeat","background-position":"center center","background-size":"auto","background-attachment":"scroll","background-type":"","background-media":"","overlay-type":"","overlay-color":"","overlay-opacity":"","overlay-gradient":""},"mobile":{"background-color":"var(--ast-global-color-5)","background-image":"","background-repeat":"repeat","background-position":"center center","background-size":"auto","background-attachment":"scroll","background-type":"","background-media":"","overlay-type":"","overlay-color":"","overlay-opacity":"","overlay-gradient":""}},"footnotes":""},"categories":[1450,1,29],"tags":[645,918],"class_list":["post-15535","post","type-post","status-publish","format-standard","has-post-thumbnail","hentry","category-coeducacio-perspectiva-de-genere-i-educacio-afectiva-sexual","category-general","category-portada","tag-coeducacio","tag-drets-humans"],"post_mailing_queue_ids":[],"_links":{"self":[{"href":"https:\/\/serveiseducatius.xtec.cat\/badalona\/wp-json\/wp\/v2\/posts\/15535","targetHints":{"allow":["GET"]}}],"collection":[{"href":"https:\/\/serveiseducatius.xtec.cat\/badalona\/wp-json\/wp\/v2\/posts"}],"about":[{"href":"https:\/\/serveiseducatius.xtec.cat\/badalona\/wp-json\/wp\/v2\/types\/post"}],"author":[{"embeddable":true,"href":"https:\/\/serveiseducatius.xtec.cat\/badalona\/wp-json\/wp\/v2\/users\/15"}],"replies":[{"embeddable":true,"href":"https:\/\/serveiseducatius.xtec.cat\/badalona\/wp-json\/wp\/v2\/comments?post=15535"}],"version-history":[{"count":2,"href":"https:\/\/serveiseducatius.xtec.cat\/badalona\/wp-json\/wp\/v2\/posts\/15535\/revisions"}],"predecessor-version":[{"id":20590,"href":"https:\/\/serveiseducatius.xtec.cat\/badalona\/wp-json\/wp\/v2\/posts\/15535\/revisions\/20590"}],"wp:featuredmedia":[{"embeddable":true,"href":"https:\/\/serveiseducatius.xtec.cat\/badalona\/wp-json\/wp\/v2\/media\/15536"}],"wp:attachment":[{"href":"https:\/\/serveiseducatius.xtec.cat\/badalona\/wp-json\/wp\/v2\/media?parent=15535"}],"wp:term":[{"taxonomy":"category","embeddable":true,"href":"https:\/\/serveiseducatius.xtec.cat\/badalona\/wp-json\/wp\/v2\/categories?post=15535"},{"taxonomy":"post_tag","embeddable":true,"href":"https:\/\/serveiseducatius.xtec.cat\/badalona\/wp-json\/wp\/v2\/tags?post=15535"}],"curies":[{"name":"wp","href":"https:\/\/api.w.org\/{rel}","templated":true}]}}