{"id":15454,"date":"2021-01-26T08:36:52","date_gmt":"2021-01-26T07:36:52","guid":{"rendered":"http:\/\/serveiseducatius.xtec.cat\/badalona\/?p=15454"},"modified":"2021-01-26T08:36:52","modified_gmt":"2021-01-26T07:36:52","slug":"conferencia-leducacio-online-llums-ombres-i-algun-mite-trencat-a-carrec-dalbert-sangra-02-02-2021","status":"publish","type":"post","link":"https:\/\/serveiseducatius.xtec.cat\/badalona\/portada\/conferencia-leducacio-online-llums-ombres-i-algun-mite-trencat-a-carrec-dalbert-sangra-02-02-2021\/","title":{"rendered":"Confer\u00e8ncia \u201cL\u2019educaci\u00f3 online: llums, ombres i algun mite trencat\u201d, a c\u00e0rrec d\u2019Albert Sangr\u00e0 02\/02\/2021"},"content":{"rendered":"<p><img loading=\"lazy\" decoding=\"async\" class=\"size-full wp-image-15455 alignleft\" src=\"https:\/\/serveiseducatius.xtec.cat\/badalona\/wp-content\/uploads\/usu1088\/2021\/01\/Captura-3.png\" alt=\"\" width=\"149\" height=\"153\" \/><\/p>\n<p>Confer\u00e8ncia: \u201cL\u2019educaci\u00f3 online: llums, ombres i algun mite trencat\u201d, a c\u00e0rrec d\u2019Albert Sangr\u00e0.<\/p>\n<p><strong>Dimarts 2 de febrer, de 17.30h a 19.15h<\/strong><br \/>\n<a href=\"https:\/\/docs.google.com\/forms\/d\/e\/1FAIpQLSeSHjdbuFyx3hf2dox1f-hgbY8dMggo87U4v6i2yzuiRbZL7w\/viewform\" target=\"_blank\" rel=\"noopener noreferrer\">Formulari per a la inscripci\u00f3 a la confer\u00e8ncia<\/a><br \/>\n<a href=\"https:\/\/www.youtube.com\/watch?v=RMg0O6EfbnE\" target=\"_blank\" rel=\"noopener noreferrer\">Enlla\u00e7 a la videoconfer\u00e8ncia<\/a><\/p>\n<p>L\u2019educaci\u00f3 online ha aparegut en les nostres vides, fins i tot per a aquelles persones que mai havien pensat que els pogu\u00e9s afectar a elles. Des de l\u2019acceptaci\u00f3 que no necess\u00e0riament l\u2019educaci\u00f3 online ha de prevaldre sobre la presencial, cal valorar el seu potencial de donar suport a una situaci\u00f3 extrema, i de desencadenant de processos d\u2019innovaci\u00f3 en les maneres d\u2019ensenyar i aprendre. Per\u00f2, \u00e9s educaci\u00f3 online el que hem fet durant la pand\u00e8mia? Quins s\u00f3n els elements i els tributs que ens permetrien aplicar models d\u2019educaci\u00f3 online (o h\u00edbrids) que milloressin la nostra doc\u00e8ncia? I sobretot, els docents som \u201creplicants\u201d que hem de fer el mateix en qualsevol context i escenari?\u00a0<\/p>\n<p>Albert Sangr\u00e0 \u00e9s el director de la\u00a0<a href=\"http:\/\/unescochair.blogs.uoc.edu\/\" target=\"_blank\" rel=\"noopener noreferrer\">C\u00e0tedra UNESCO en Educaci\u00f3 i Tecnologia per al Canvi Social<\/a>\u00a0a la\u00a0<a href=\"https:\/\/www.uoc.edu\/portal\/ca\/index.html\" target=\"_blank\" rel=\"noopener noreferrer\">Universitat Oberta de Catalunya<\/a>\u00a0(UOC). \u00c9s investigador del grup consolidat\u00a0<a href=\"https:\/\/edulab.uoc.edu\/ca\" target=\"_blank\" rel=\"noopener noreferrer\">Edul@b<\/a>\u00a0i professor\u00a0catedr\u00e0tic dels Estudis de Psicologia i Ci\u00e8ncies de l\u2019Educaci\u00f3.\u00a0Membre de l\u2019equip fundador de la UOC.<br \/>\nLes seves principals \u00e0rees d\u2019investigaci\u00f3 s\u00f3n els usos de les TIC en l\u2019educaci\u00f3 i la formaci\u00f3 i, en particular, les pol\u00edtiques, l\u2019organitzaci\u00f3, la gesti\u00f3 i el lideratge en la implementaci\u00f3 de l\u2019educaci\u00f3 online i la garantia de la seva qualitat, i el desenvolupament professional docent per a l\u2019ensenyament en l\u00ednia.<\/p>\n<p>Vegeu:\u00a0<a href=\"http:\/\/openaccess.uoc.edu\/webapps\/o2\/handle\/10609\/122307\" target=\"_blank\" rel=\"noopener noreferrer\">Dec\u00e1logo para la mejora de la docencia\u00a0<i>online<\/i>.\u00a0Propuestas para educar en contextos presenciales discontinuos<\/a><\/p>\n<hr \/>\n<p>Aquesta confer\u00e8ncia \u00e9s la primera del cicle \u201cLa meva \u00e0rea necessita de les altres\u201d.<\/p>\n<p>\u00c9s un cicle de tres confer\u00e8ncies que fomenten la interdisciplinarietat i el consens a qu\u00e8 ha d\u2019arribar el professorat de diferents \u00e0rees per millorar la comprensi\u00f3 de la realitat: des de la pr\u00f2pia \u00e0rea i en relaci\u00f3 amb altres \u00e0rees de coneixement. Les tem\u00e0tiques seran les ci\u00e8ncies, la llengua, les arts i la cultura digital.<\/p>\n<p>Comptem amb la participaci\u00f3 d\u2019Albert Sangr\u00e0 (2 de febrer), Carme Duran i Digna Couso (11 de mar\u00e7) i Dimas F\u00e0bregas (7 d\u2019abril).<\/p>\n<p>Qui vulgui assistir a les tres confer\u00e8ncies pot fer la\u00a0<a href=\"https:\/\/aplicacions.gestioeducativa.gencat.cat\/pls\/soloas\/pk_for_mod_ins.p_for_detall_activitat?p_header=Llista%20d%27activitats%5Epk_for_mod_ins.p_for_cons_activitats?p_crp=207%26p_any=2020-2021%26p_totes=s%26p_inici=71%26p_excloure_crp_rec=F&amp;p_codi=2070821207&amp;p_curs=2020-2021&amp;p_excloure_crp_rec=F\" target=\"_blank\" rel=\"noopener noreferrer\" data-saferedirecturl=\"https:\/\/www.google.com\/url?q=https:\/\/aplicacions.gestioeducativa.gencat.cat\/pls\/soloas\/pk_for_mod_ins.p_for_detall_activitat?p_header%3DLlista%2520d%2527activitats%255Epk_for_mod_ins.p_for_cons_activitats?p_crp%3D207%2526p_any%3D2020-2021%2526p_totes%3Ds%2526p_inici%3D71%2526p_excloure_crp_rec%3DF%26p_codi%3D2070821207%26p_curs%3D2020-2021%26p_excloure_crp_rec%3DF&amp;source=gmail&amp;ust=1611731648919000&amp;usg=AFQjCNFILESKTIfL4IU0Ric-pTaJbBUCFA\"><b>inscripci\u00f3 a tot el cicle de confer\u00e8ncies<\/b><\/a>. Es reconeix amb una certificaci\u00f3 de 6 hores.\u00a0Termini d&#8217;inscripci\u00f3:\u00a002\/02<br \/>\nQui vulgui assistir a una o dues confer\u00e8ncies, pot fer la inscripci\u00f3 a trav\u00e9s del\u00a0<a href=\"https:\/\/docs.google.com\/forms\/d\/e\/1FAIpQLSeSHjdbuFyx3hf2dox1f-hgbY8dMggo87U4v6i2yzuiRbZL7w\/viewform\" target=\"_blank\" rel=\"noopener noreferrer\" data-saferedirecturl=\"https:\/\/www.google.com\/url?q=https:\/\/docs.google.com\/forms\/d\/e\/1FAIpQLSeSHjdbuFyx3hf2dox1f-hgbY8dMggo87U4v6i2yzuiRbZL7w\/viewform&amp;source=gmail&amp;ust=1611731648919000&amp;usg=AFQjCNExnco8IUfKck380C5gnEdv8kIqrQ\">formulari espec\u00edfic\u00a0per a cada confer\u00e8ncia<\/a>.\u00a0\u00a0<\/p>\n","protected":false},"excerpt":{"rendered":"<p>Confer\u00e8ncia: \u201cL\u2019educaci\u00f3 online: llums, ombres i algun mite trencat\u201d, a c\u00e0rrec d\u2019Albert Sangr\u00e0. Dimarts 2 de febrer, de 17.30h a [&hellip;]<\/p>\n","protected":false},"author":15,"featured_media":15455,"comment_status":"closed","ping_status":"closed","sticky":false,"template":"","format":"standard","meta":{"_bbp_topic_count":0,"_bbp_reply_count":0,"_bbp_total_topic_count":0,"_bbp_total_reply_count":0,"_bbp_voice_count":0,"_bbp_anonymous_reply_count":0,"_bbp_topic_count_hidden":0,"_bbp_reply_count_hidden":0,"_bbp_forum_subforum_count":0,"site-sidebar-layout":"default","site-content-layout":"","ast-site-content-layout":"","site-content-style":"default","site-sidebar-style":"default","ast-global-header-display":"","ast-banner-title-visibility":"","ast-main-header-display":"","ast-hfb-above-header-display":"","ast-hfb-below-header-display":"","ast-hfb-mobile-header-display":"","site-post-title":"","ast-breadcrumbs-content":"","ast-featured-img":"","footer-sml-layout":"","theme-transparent-header-meta":"","adv-header-id-meta":"","stick-header-meta":"","header-above-stick-meta":"","header-main-stick-meta":"","header-below-stick-meta":"","astra-migrate-meta-layouts":"default","ast-page-background-enabled":"default","ast-page-background-meta":{"desktop":{"background-color":"var(--ast-global-color-4)","background-image":"","background-repeat":"repeat","background-position":"center center","background-size":"auto","background-attachment":"scroll","background-type":"","background-media":"","overlay-type":"","overlay-color":"","overlay-opacity":"","overlay-gradient":""},"tablet":{"background-color":"","background-image":"","background-repeat":"repeat","background-position":"center center","background-size":"auto","background-attachment":"scroll","background-type":"","background-media":"","overlay-type":"","overlay-color":"","overlay-opacity":"","overlay-gradient":""},"mobile":{"background-color":"","background-image":"","background-repeat":"repeat","background-position":"center center","background-size":"auto","background-attachment":"scroll","background-type":"","background-media":"","overlay-type":"","overlay-color":"","overlay-opacity":"","overlay-gradient":""}},"ast-content-background-meta":{"desktop":{"background-color":"var(--ast-global-color-5)","background-image":"","background-repeat":"repeat","background-position":"center center","background-size":"auto","background-attachment":"scroll","background-type":"","background-media":"","overlay-type":"","overlay-color":"","overlay-opacity":"","overlay-gradient":""},"tablet":{"background-color":"var(--ast-global-color-5)","background-image":"","background-repeat":"repeat","background-position":"center center","background-size":"auto","background-attachment":"scroll","background-type":"","background-media":"","overlay-type":"","overlay-color":"","overlay-opacity":"","overlay-gradient":""},"mobile":{"background-color":"var(--ast-global-color-5)","background-image":"","background-repeat":"repeat","background-position":"center center","background-size":"auto","background-attachment":"scroll","background-type":"","background-media":"","overlay-type":"","overlay-color":"","overlay-opacity":"","overlay-gradient":""}},"footnotes":""},"categories":[29],"tags":[1323],"class_list":["post-15454","post","type-post","status-publish","format-standard","has-post-thumbnail","hentry","category-portada","tag-videoconferencies"],"post_mailing_queue_ids":[],"_links":{"self":[{"href":"https:\/\/serveiseducatius.xtec.cat\/badalona\/wp-json\/wp\/v2\/posts\/15454","targetHints":{"allow":["GET"]}}],"collection":[{"href":"https:\/\/serveiseducatius.xtec.cat\/badalona\/wp-json\/wp\/v2\/posts"}],"about":[{"href":"https:\/\/serveiseducatius.xtec.cat\/badalona\/wp-json\/wp\/v2\/types\/post"}],"author":[{"embeddable":true,"href":"https:\/\/serveiseducatius.xtec.cat\/badalona\/wp-json\/wp\/v2\/users\/15"}],"replies":[{"embeddable":true,"href":"https:\/\/serveiseducatius.xtec.cat\/badalona\/wp-json\/wp\/v2\/comments?post=15454"}],"version-history":[{"count":1,"href":"https:\/\/serveiseducatius.xtec.cat\/badalona\/wp-json\/wp\/v2\/posts\/15454\/revisions"}],"predecessor-version":[{"id":15456,"href":"https:\/\/serveiseducatius.xtec.cat\/badalona\/wp-json\/wp\/v2\/posts\/15454\/revisions\/15456"}],"wp:featuredmedia":[{"embeddable":true,"href":"https:\/\/serveiseducatius.xtec.cat\/badalona\/wp-json\/wp\/v2\/media\/15455"}],"wp:attachment":[{"href":"https:\/\/serveiseducatius.xtec.cat\/badalona\/wp-json\/wp\/v2\/media?parent=15454"}],"wp:term":[{"taxonomy":"category","embeddable":true,"href":"https:\/\/serveiseducatius.xtec.cat\/badalona\/wp-json\/wp\/v2\/categories?post=15454"},{"taxonomy":"post_tag","embeddable":true,"href":"https:\/\/serveiseducatius.xtec.cat\/badalona\/wp-json\/wp\/v2\/tags?post=15454"}],"curies":[{"name":"wp","href":"https:\/\/api.w.org\/{rel}","templated":true}]}}