{"id":14851,"date":"2020-10-16T08:00:16","date_gmt":"2020-10-16T06:00:16","guid":{"rendered":"http:\/\/serveiseducatius.xtec.cat\/badalona\/?p=14851"},"modified":"2020-10-15T09:13:08","modified_gmt":"2020-10-15T07:13:08","slug":"filmets-badalona-film-festival-la-46a-edicio-de","status":"publish","type":"post","link":"https:\/\/serveiseducatius.xtec.cat\/badalona\/portada\/filmets-badalona-film-festival-la-46a-edicio-de\/","title":{"rendered":"FILMETS Badalona Film Festival La 46a edici\u00f3 de"},"content":{"rendered":"<p><img loading=\"lazy\" decoding=\"async\" class=\"size-medium wp-image-14852 alignleft\" src=\"https:\/\/serveiseducatius.xtec.cat\/badalona\/wp-content\/uploads\/usu1088\/2020\/10\/filmets-300x123.png\" alt=\"\" width=\"300\" height=\"123\" srcset=\"https:\/\/serveiseducatius.xtec.cat\/badalona\/wp-content\/uploads\/usu1088\/2020\/10\/filmets-300x123.png 300w, https:\/\/serveiseducatius.xtec.cat\/badalona\/wp-content\/uploads\/usu1088\/2020\/10\/filmets.png 333w\" sizes=\"auto, (max-width: 300px) 100vw, 300px\" \/><\/p>\n<p>La 46a edici\u00f3 de FILMETS Badalona Film Festival es desenvolupar\u00e0 en un format h\u00edbrid del 16 al 25 d\u2019octubre.\u00a0Hi haur\u00e0 sessions presencials a Badalona i Barcelona, i tots els curtmetratges de la Secci\u00f3 Oficial es podran veure a la p\u00e0gina web\u00a0<a href=\"http:\/\/www.festivalfilmets.cat\/\">www.festivalfilmets.cat<\/a><\/p>\n<p>Amb el lema \u2018Sempre ens quedar\u00e0 FILMETS\u2019, el festival oferir\u00e0 una programaci\u00f3 molt ambiciosa formada per 297 pel\u00b7l\u00edcules.\u00a0<\/p>\n<p>FILMETS Badalona Film Festival <strong>aposta fort per la seva vessant educativa<\/strong> amb FILMETS a les escoles. \u00c9s una activitat pedag\u00f2gica a partir de la qual <strong>s&#8217;ofereix als alumnes de 3r de prim\u00e0ria i de 4t d&#8217;ESO de totes les escoles i instituts de Badalona la possibilitat de gaudir i entrar en contacte amb un cinema de qualitat<\/strong>. Calendari: del 16 al 25 d&#8217;octubre. Organitza: Badalona Comunicaci\u00f3 SA (Televisi\u00f3 de Badalona i R\u00e0dio Ciutat de Badalona). Contacte:\u00a0<a href=\"mailto:filmets@festivalfilmets.cat\">filmets@festivalfilmets.cat<\/a><\/p>\n","protected":false},"excerpt":{"rendered":"<p>La 46a edici\u00f3 de FILMETS Badalona Film Festival es desenvolupar\u00e0 en un format h\u00edbrid del 16 al 25 d\u2019octubre.\u00a0Hi haur\u00e0 [&hellip;]<\/p>\n","protected":false},"author":1,"featured_media":14852,"comment_status":"closed","ping_status":"closed","sticky":false,"template":"","format":"standard","meta":{"_bbp_topic_count":0,"_bbp_reply_count":0,"_bbp_total_topic_count":0,"_bbp_total_reply_count":0,"_bbp_voice_count":0,"_bbp_anonymous_reply_count":0,"_bbp_topic_count_hidden":0,"_bbp_reply_count_hidden":0,"_bbp_forum_subforum_count":0,"site-sidebar-layout":"default","site-content-layout":"","ast-site-content-layout":"","site-content-style":"default","site-sidebar-style":"default","ast-global-header-display":"","ast-banner-title-visibility":"","ast-main-header-display":"","ast-hfb-above-header-display":"","ast-hfb-below-header-display":"","ast-hfb-mobile-header-display":"","site-post-title":"","ast-breadcrumbs-content":"","ast-featured-img":"","footer-sml-layout":"","theme-transparent-header-meta":"","adv-header-id-meta":"","stick-header-meta":"","header-above-stick-meta":"","header-main-stick-meta":"","header-below-stick-meta":"","astra-migrate-meta-layouts":"default","ast-page-background-enabled":"default","ast-page-background-meta":{"desktop":{"background-color":"var(--ast-global-color-4)","background-image":"","background-repeat":"repeat","background-position":"center center","background-size":"auto","background-attachment":"scroll","background-type":"","background-media":"","overlay-type":"","overlay-color":"","overlay-opacity":"","overlay-gradient":""},"tablet":{"background-color":"","background-image":"","background-repeat":"repeat","background-position":"center center","background-size":"auto","background-attachment":"scroll","background-type":"","background-media":"","overlay-type":"","overlay-color":"","overlay-opacity":"","overlay-gradient":""},"mobile":{"background-color":"","background-image":"","background-repeat":"repeat","background-position":"center center","background-size":"auto","background-attachment":"scroll","background-type":"","background-media":"","overlay-type":"","overlay-color":"","overlay-opacity":"","overlay-gradient":""}},"ast-content-background-meta":{"desktop":{"background-color":"var(--ast-global-color-5)","background-image":"","background-repeat":"repeat","background-position":"center center","background-size":"auto","background-attachment":"scroll","background-type":"","background-media":"","overlay-type":"","overlay-color":"","overlay-opacity":"","overlay-gradient":""},"tablet":{"background-color":"var(--ast-global-color-5)","background-image":"","background-repeat":"repeat","background-position":"center center","background-size":"auto","background-attachment":"scroll","background-type":"","background-media":"","overlay-type":"","overlay-color":"","overlay-opacity":"","overlay-gradient":""},"mobile":{"background-color":"var(--ast-global-color-5)","background-image":"","background-repeat":"repeat","background-position":"center center","background-size":"auto","background-attachment":"scroll","background-type":"","background-media":"","overlay-type":"","overlay-color":"","overlay-opacity":"","overlay-gradient":""}},"footnotes":""},"categories":[66,29],"tags":[172,1239],"class_list":["post-14851","post","type-post","status-publish","format-standard","has-post-thumbnail","hentry","category-dinamitzacio","category-portada","tag-dinamitzacio","tag-filmets"],"post_mailing_queue_ids":[],"_links":{"self":[{"href":"https:\/\/serveiseducatius.xtec.cat\/badalona\/wp-json\/wp\/v2\/posts\/14851","targetHints":{"allow":["GET"]}}],"collection":[{"href":"https:\/\/serveiseducatius.xtec.cat\/badalona\/wp-json\/wp\/v2\/posts"}],"about":[{"href":"https:\/\/serveiseducatius.xtec.cat\/badalona\/wp-json\/wp\/v2\/types\/post"}],"author":[{"embeddable":true,"href":"https:\/\/serveiseducatius.xtec.cat\/badalona\/wp-json\/wp\/v2\/users\/1"}],"replies":[{"embeddable":true,"href":"https:\/\/serveiseducatius.xtec.cat\/badalona\/wp-json\/wp\/v2\/comments?post=14851"}],"version-history":[{"count":1,"href":"https:\/\/serveiseducatius.xtec.cat\/badalona\/wp-json\/wp\/v2\/posts\/14851\/revisions"}],"predecessor-version":[{"id":14854,"href":"https:\/\/serveiseducatius.xtec.cat\/badalona\/wp-json\/wp\/v2\/posts\/14851\/revisions\/14854"}],"wp:featuredmedia":[{"embeddable":true,"href":"https:\/\/serveiseducatius.xtec.cat\/badalona\/wp-json\/wp\/v2\/media\/14852"}],"wp:attachment":[{"href":"https:\/\/serveiseducatius.xtec.cat\/badalona\/wp-json\/wp\/v2\/media?parent=14851"}],"wp:term":[{"taxonomy":"category","embeddable":true,"href":"https:\/\/serveiseducatius.xtec.cat\/badalona\/wp-json\/wp\/v2\/categories?post=14851"},{"taxonomy":"post_tag","embeddable":true,"href":"https:\/\/serveiseducatius.xtec.cat\/badalona\/wp-json\/wp\/v2\/tags?post=14851"}],"curies":[{"name":"wp","href":"https:\/\/api.w.org\/{rel}","templated":true}]}}