{"id":14840,"date":"2020-10-15T09:11:19","date_gmt":"2020-10-15T07:11:19","guid":{"rendered":"http:\/\/serveiseducatius.xtec.cat\/badalona\/?p=14840"},"modified":"2020-10-15T11:14:12","modified_gmt":"2020-10-15T09:14:12","slug":"llibre-xxxiv-jornades-cientifiques-densenyament-secundari-de-badalona-2020","status":"publish","type":"post","link":"https:\/\/serveiseducatius.xtec.cat\/badalona\/portada\/llibre-xxxiv-jornades-cientifiques-densenyament-secundari-de-badalona-2020\/","title":{"rendered":"Llibre XXXIV Jornades Cient\u00edfiques d&#8217;Ensenyament Secundari de Badalona 2020"},"content":{"rendered":"<p><img loading=\"lazy\" decoding=\"async\" class=\"size-full wp-image-14842 alignleft\" src=\"https:\/\/serveiseducatius.xtec.cat\/badalona\/wp-content\/uploads\/usu1088\/2020\/10\/Llibre-JJCC-1.png\" alt=\"\" width=\"378\" height=\"539\" \/>Les XXXIV\u00a0<u><a href=\"http:\/\/serveiseducatius.xtec.cat\/badalona\/categoria\/dinamitzacio\/jornades-cientifiques\/\" target=\"_top\" rel=\"noopener noreferrer\">Jornades Cient\u00edfiques d&#8217;ensenyament secundari de Badalona<\/a>\u00a0<\/u>(JCESB) s&#8217;havien de fer els dies 25, 26 i\u00a0 27 de mar\u00e7 de 2020, al BCIN. La trobada presencial no va ser possible per\u00f2 si que podran consultar-se els 61 Treballs de Recerca fets per 48 noies i 16 nois de 15 instituts i centres de secund\u00e0ria de la ciutat.<\/p>\n<p>En el marc de les Jornades es duen a terme diferents activitats al llarg de tot el curs, com s\u00f3n les confer\u00e8ncies vinculades amb la Setmana de la Ci\u00e8ncia, tallers adre\u00e7ats a l\u2019alumnat sobre M\u00e8tode cient\u00edfic i sobre Comunicaci\u00f3 de les presentacions, una confer\u00e8ncia de l\u2019IRSI Caixa a l\u2019Hospital Germans Trias i Pujol sobre la Sida, i la presentaci\u00f3 de treballs a l\u2019Aula d\u2019Extensi\u00f3 Universit\u00e0ria per a la gent gran de Badalona.<\/p>\n<p>Les Jornades les organitzen l\u2019Ajuntament de Badalona, a trav\u00e9s de l\u2019Escola de Natura i l\u2019Escola del Mar de l\u2019\u00c0rea de Medi Ambient i Sostenibilitat; el Servei d\u2019Educaci\u00f3 de l\u2019\u00c0rea de Cultura, Educaci\u00f3 i Esports, i el Departament d\u2019Educaci\u00f3 de la Generalitat de Catalunya, a trav\u00e9s del Servei Educatiu. Hi col\u00b7laboren diferents entitats i empreses de la ciutat.<\/p>\n<p><a href=\"https:\/\/drive.google.com\/file\/d\/1OKn79a7Mw7vaWy6r0SpMxxPnhtiU2tYI\/view?usp=sharing\" target=\"_blank\" rel=\"noopener noreferrer\">Llibre XXXIV Jornades Cient\u00edfiques<\/a><\/p>\n","protected":false},"excerpt":{"rendered":"<p>Les XXXIV\u00a0Jornades Cient\u00edfiques d&#8217;ensenyament secundari de Badalona\u00a0(JCESB) s&#8217;havien de fer els dies 25, 26 i\u00a0 27 de mar\u00e7 de 2020, [&hellip;]<\/p>\n","protected":false},"author":15,"featured_media":14841,"comment_status":"closed","ping_status":"closed","sticky":false,"template":"","format":"standard","meta":{"_bbp_topic_count":0,"_bbp_reply_count":0,"_bbp_total_topic_count":0,"_bbp_total_reply_count":0,"_bbp_voice_count":0,"_bbp_anonymous_reply_count":0,"_bbp_topic_count_hidden":0,"_bbp_reply_count_hidden":0,"_bbp_forum_subforum_count":0,"site-sidebar-layout":"default","site-content-layout":"","ast-site-content-layout":"","site-content-style":"default","site-sidebar-style":"default","ast-global-header-display":"","ast-banner-title-visibility":"","ast-main-header-display":"","ast-hfb-above-header-display":"","ast-hfb-below-header-display":"","ast-hfb-mobile-header-display":"","site-post-title":"","ast-breadcrumbs-content":"","ast-featured-img":"","footer-sml-layout":"","theme-transparent-header-meta":"","adv-header-id-meta":"","stick-header-meta":"","header-above-stick-meta":"","header-main-stick-meta":"","header-below-stick-meta":"","astra-migrate-meta-layouts":"default","ast-page-background-enabled":"default","ast-page-background-meta":{"desktop":{"background-color":"var(--ast-global-color-4)","background-image":"","background-repeat":"repeat","background-position":"center center","background-size":"auto","background-attachment":"scroll","background-type":"","background-media":"","overlay-type":"","overlay-color":"","overlay-opacity":"","overlay-gradient":""},"tablet":{"background-color":"","background-image":"","background-repeat":"repeat","background-position":"center center","background-size":"auto","background-attachment":"scroll","background-type":"","background-media":"","overlay-type":"","overlay-color":"","overlay-opacity":"","overlay-gradient":""},"mobile":{"background-color":"","background-image":"","background-repeat":"repeat","background-position":"center center","background-size":"auto","background-attachment":"scroll","background-type":"","background-media":"","overlay-type":"","overlay-color":"","overlay-opacity":"","overlay-gradient":""}},"ast-content-background-meta":{"desktop":{"background-color":"var(--ast-global-color-5)","background-image":"","background-repeat":"repeat","background-position":"center center","background-size":"auto","background-attachment":"scroll","background-type":"","background-media":"","overlay-type":"","overlay-color":"","overlay-opacity":"","overlay-gradient":""},"tablet":{"background-color":"var(--ast-global-color-5)","background-image":"","background-repeat":"repeat","background-position":"center center","background-size":"auto","background-attachment":"scroll","background-type":"","background-media":"","overlay-type":"","overlay-color":"","overlay-opacity":"","overlay-gradient":""},"mobile":{"background-color":"var(--ast-global-color-5)","background-image":"","background-repeat":"repeat","background-position":"center center","background-size":"auto","background-attachment":"scroll","background-type":"","background-media":"","overlay-type":"","overlay-color":"","overlay-opacity":"","overlay-gradient":""}},"footnotes":""},"categories":[299,29],"tags":[192],"class_list":["post-14840","post","type-post","status-publish","format-standard","has-post-thumbnail","hentry","category-jornades-cientifiques","category-portada","tag-jornades-cientifiques"],"post_mailing_queue_ids":[],"_links":{"self":[{"href":"https:\/\/serveiseducatius.xtec.cat\/badalona\/wp-json\/wp\/v2\/posts\/14840","targetHints":{"allow":["GET"]}}],"collection":[{"href":"https:\/\/serveiseducatius.xtec.cat\/badalona\/wp-json\/wp\/v2\/posts"}],"about":[{"href":"https:\/\/serveiseducatius.xtec.cat\/badalona\/wp-json\/wp\/v2\/types\/post"}],"author":[{"embeddable":true,"href":"https:\/\/serveiseducatius.xtec.cat\/badalona\/wp-json\/wp\/v2\/users\/15"}],"replies":[{"embeddable":true,"href":"https:\/\/serveiseducatius.xtec.cat\/badalona\/wp-json\/wp\/v2\/comments?post=14840"}],"version-history":[{"count":3,"href":"https:\/\/serveiseducatius.xtec.cat\/badalona\/wp-json\/wp\/v2\/posts\/14840\/revisions"}],"predecessor-version":[{"id":14845,"href":"https:\/\/serveiseducatius.xtec.cat\/badalona\/wp-json\/wp\/v2\/posts\/14840\/revisions\/14845"}],"wp:featuredmedia":[{"embeddable":true,"href":"https:\/\/serveiseducatius.xtec.cat\/badalona\/wp-json\/wp\/v2\/media\/14841"}],"wp:attachment":[{"href":"https:\/\/serveiseducatius.xtec.cat\/badalona\/wp-json\/wp\/v2\/media?parent=14840"}],"wp:term":[{"taxonomy":"category","embeddable":true,"href":"https:\/\/serveiseducatius.xtec.cat\/badalona\/wp-json\/wp\/v2\/categories?post=14840"},{"taxonomy":"post_tag","embeddable":true,"href":"https:\/\/serveiseducatius.xtec.cat\/badalona\/wp-json\/wp\/v2\/tags?post=14840"}],"curies":[{"name":"wp","href":"https:\/\/api.w.org\/{rel}","templated":true}]}}