{"id":14713,"date":"2020-09-22T16:30:28","date_gmt":"2020-09-22T14:30:28","guid":{"rendered":"http:\/\/serveiseducatius.xtec.cat\/badalona\/?p=14713"},"modified":"2020-09-23T11:37:48","modified_gmt":"2020-09-23T09:37:48","slug":"novetat-maleta-suports-narratius-i-taller-formatiu","status":"publish","type":"post","link":"https:\/\/serveiseducatius.xtec.cat\/badalona\/portada\/novetat-maleta-suports-narratius-i-taller-formatiu\/","title":{"rendered":"Novetat!!! Maleta Suports Narratius i taller formatiu"},"content":{"rendered":"<p><span style=\"font-size: 18pt; color: #ff0000;\"><strong>Al CRP disposem d&#8217;una nova maleta!!! La <a href=\"https:\/\/drive.google.com\/file\/d\/1UeCVl5K2jLRjgzLEKcXXezJnWwzhEWH2\/view\" target=\"_blank\" rel=\"noopener noreferrer\">maleta<\/a> de Suports Narratius\u00a0<\/strong><\/span><\/p>\n<p><img loading=\"lazy\" decoding=\"async\" class=\"wp-image-14714 alignleft\" src=\"https:\/\/serveiseducatius.xtec.cat\/badalona\/wp-content\/uploads\/usu1088\/2020\/09\/maleta-suports-narratius.png\" alt=\"\" width=\"291\" height=\"136\" \/>Cont\u00e9 una col\u00b7lecci\u00f3 de material senzill i f\u00e0cilment reprodu\u00efbles al servei de la<br \/>\nnarraci\u00f3 i la recreaci\u00f3 de contes populars i \u00e0lbums il\u00b7lustrats aix\u00ed com per a<br \/>\npotenciar l\u2019oralitat i la representaci\u00f3 d\u2019hist\u00f2ries.<\/p>\n<p>Pr\u00e8viament al pr\u00e9stec s\u2019oferir\u00e0 un<a href=\"https:\/\/aplicacions.gestioeducativa.gencat.cat\/pls\/soloas\/pk_for_mod_ins.p_for_detall_activitat?p_header=Llista%20d%27activitats^pk_for_mod_ins.p_for_cons_activitats?p_crp=204%26p_any=2020-2021%26p_totes=s%26p_inici=41%26p_excloure_crp_rec=F&amp;p_codi=2040551204&amp;p_curs=2020-2021&amp;p_excloure_crp_rec=F\" target=\"_blank\" rel=\"noopener noreferrer\"> taller<\/a> en format virtual de 15h per donar a<br \/>\ncon\u00e8ixer la maleta i tots el material que hi cont\u00e9 a partir de l\u201917 de novembre ( 3 sessions).<\/p>\n<p>Com a novetat aquest curs, caldr\u00e0 omplir un\u00a0<a href=\"https:\/\/forms.gle\/UtjN3KvcojdgAceBA\" target=\"_blank\" rel=\"noopener noreferrer\" data-saferedirecturl=\"https:\/\/www.google.com\/url?q=https:\/\/forms.gle\/UtjN3KvcojdgAceBA&amp;source=gmail&amp;ust=1600417514306000&amp;usg=AFQjCNGRu_uNeX7Cz8vpuKP-uLtTewIUgQ\">formulari<\/a>\u00a0per fer la reserva de maletes (formulari obert fins el 27 de setembre)<\/p>\n<p>Inscripci\u00f3 al taller <a href=\"https:\/\/aplicacions.gestioeducativa.gencat.cat\/pls\/soloas\/pk_for_mod_ins.p_for_detall_activitat?p_header=Llista%20d%27activitats^pk_for_mod_ins.p_for_cons_activitats?p_crp=204%26p_any=2020-2021%26p_totes=s%26p_inici=41%26p_excloure_crp_rec=F&amp;p_codi=2040551204&amp;p_curs=2020-2021&amp;p_excloure_crp_rec=F\" target=\"_blank\" rel=\"noopener noreferrer\">aqu\u00ed<\/a><\/p>\n<p><b>Disponibilitat<\/b><span style=\"font-weight: 400;\">: a partir del 2n trimestre<\/span><\/p>\n<p><b>Durada del pr\u00e9stec:<\/b><span style=\"font-weight: 400;\"> 1 trimestre<\/span><\/p>\n","protected":false},"excerpt":{"rendered":"<p>Al CRP disposem d&#8217;una nova maleta!!! La maleta de Suports Narratius\u00a0 Cont\u00e9 una col\u00b7lecci\u00f3 de material senzill i f\u00e0cilment reprodu\u00efbles [&hellip;]<\/p>\n","protected":false},"author":15,"featured_media":14714,"comment_status":"closed","ping_status":"closed","sticky":false,"template":"","format":"standard","meta":{"_bbp_topic_count":0,"_bbp_reply_count":0,"_bbp_total_topic_count":0,"_bbp_total_reply_count":0,"_bbp_voice_count":0,"_bbp_anonymous_reply_count":0,"_bbp_topic_count_hidden":0,"_bbp_reply_count_hidden":0,"_bbp_forum_subforum_count":0,"site-sidebar-layout":"default","site-content-layout":"","ast-site-content-layout":"","site-content-style":"default","site-sidebar-style":"default","ast-global-header-display":"","ast-banner-title-visibility":"","ast-main-header-display":"","ast-hfb-above-header-display":"","ast-hfb-below-header-display":"","ast-hfb-mobile-header-display":"","site-post-title":"","ast-breadcrumbs-content":"","ast-featured-img":"","footer-sml-layout":"","theme-transparent-header-meta":"","adv-header-id-meta":"","stick-header-meta":"","header-above-stick-meta":"","header-main-stick-meta":"","header-below-stick-meta":"","astra-migrate-meta-layouts":"default","ast-page-background-enabled":"default","ast-page-background-meta":{"desktop":{"background-color":"var(--ast-global-color-4)","background-image":"","background-repeat":"repeat","background-position":"center center","background-size":"auto","background-attachment":"scroll","background-type":"","background-media":"","overlay-type":"","overlay-color":"","overlay-opacity":"","overlay-gradient":""},"tablet":{"background-color":"","background-image":"","background-repeat":"repeat","background-position":"center center","background-size":"auto","background-attachment":"scroll","background-type":"","background-media":"","overlay-type":"","overlay-color":"","overlay-opacity":"","overlay-gradient":""},"mobile":{"background-color":"","background-image":"","background-repeat":"repeat","background-position":"center center","background-size":"auto","background-attachment":"scroll","background-type":"","background-media":"","overlay-type":"","overlay-color":"","overlay-opacity":"","overlay-gradient":""}},"ast-content-background-meta":{"desktop":{"background-color":"var(--ast-global-color-5)","background-image":"","background-repeat":"repeat","background-position":"center center","background-size":"auto","background-attachment":"scroll","background-type":"","background-media":"","overlay-type":"","overlay-color":"","overlay-opacity":"","overlay-gradient":""},"tablet":{"background-color":"var(--ast-global-color-5)","background-image":"","background-repeat":"repeat","background-position":"center center","background-size":"auto","background-attachment":"scroll","background-type":"","background-media":"","overlay-type":"","overlay-color":"","overlay-opacity":"","overlay-gradient":""},"mobile":{"background-color":"var(--ast-global-color-5)","background-image":"","background-repeat":"repeat","background-position":"center center","background-size":"auto","background-attachment":"scroll","background-type":"","background-media":"","overlay-type":"","overlay-color":"","overlay-opacity":"","overlay-gradient":""}},"footnotes":""},"categories":[872,29],"tags":[293,302],"class_list":["post-14713","post","type-post","status-publish","format-standard","has-post-thumbnail","hentry","category-missatgeria","category-portada","tag-maletes-pedagogiques","tag-recursos"],"post_mailing_queue_ids":[],"_links":{"self":[{"href":"https:\/\/serveiseducatius.xtec.cat\/badalona\/wp-json\/wp\/v2\/posts\/14713","targetHints":{"allow":["GET"]}}],"collection":[{"href":"https:\/\/serveiseducatius.xtec.cat\/badalona\/wp-json\/wp\/v2\/posts"}],"about":[{"href":"https:\/\/serveiseducatius.xtec.cat\/badalona\/wp-json\/wp\/v2\/types\/post"}],"author":[{"embeddable":true,"href":"https:\/\/serveiseducatius.xtec.cat\/badalona\/wp-json\/wp\/v2\/users\/15"}],"replies":[{"embeddable":true,"href":"https:\/\/serveiseducatius.xtec.cat\/badalona\/wp-json\/wp\/v2\/comments?post=14713"}],"version-history":[{"count":3,"href":"https:\/\/serveiseducatius.xtec.cat\/badalona\/wp-json\/wp\/v2\/posts\/14713\/revisions"}],"predecessor-version":[{"id":14717,"href":"https:\/\/serveiseducatius.xtec.cat\/badalona\/wp-json\/wp\/v2\/posts\/14713\/revisions\/14717"}],"wp:featuredmedia":[{"embeddable":true,"href":"https:\/\/serveiseducatius.xtec.cat\/badalona\/wp-json\/wp\/v2\/media\/14714"}],"wp:attachment":[{"href":"https:\/\/serveiseducatius.xtec.cat\/badalona\/wp-json\/wp\/v2\/media?parent=14713"}],"wp:term":[{"taxonomy":"category","embeddable":true,"href":"https:\/\/serveiseducatius.xtec.cat\/badalona\/wp-json\/wp\/v2\/categories?post=14713"},{"taxonomy":"post_tag","embeddable":true,"href":"https:\/\/serveiseducatius.xtec.cat\/badalona\/wp-json\/wp\/v2\/tags?post=14713"}],"curies":[{"name":"wp","href":"https:\/\/api.w.org\/{rel}","templated":true}]}}