{"id":14706,"date":"2020-09-22T08:47:28","date_gmt":"2020-09-22T06:47:28","guid":{"rendered":"http:\/\/serveiseducatius.xtec.cat\/badalona\/?p=14706"},"modified":"2020-09-22T10:22:33","modified_gmt":"2020-09-22T08:22:33","slug":"formacions-i-informacions-del-cesire-creamat","status":"publish","type":"post","link":"https:\/\/serveiseducatius.xtec.cat\/badalona\/portada\/formacions-i-informacions-del-cesire-creamat\/","title":{"rendered":"Formacions i informacions del Cesire Creamat"},"content":{"rendered":"<p><strong><img loading=\"lazy\" decoding=\"async\" class=\"size-full wp-image-14707 alignleft\" src=\"https:\/\/serveiseducatius.xtec.cat\/badalona\/wp-content\/uploads\/usu1088\/2020\/09\/cesireCreamat.jpg\" alt=\"\" width=\"200\" height=\"200\" \/><\/strong><\/p>\n<p><strong>Autoformaci\u00f3 en obert<\/strong>\u00a0(Ateneu, canal\u00a0<strong><em><a href=\"https:\/\/www.youtube.com\/user\/CREAMAT1\/videos\" data-saferedirecturl=\"https:\/\/www.google.com\/url?q=https:\/\/www.youtube.com\/user\/CREAMAT1\/videos&amp;source=gmail&amp;ust=1600785597639000&amp;usg=AFQjCNGFUFUbW8EVQQfw1VP_bGDaK216SQ\">YouTube creamat1<\/a><\/em><\/strong>&#8230;)<\/p>\n<p>Podeu accedir en obert a les sessions dels <strong>cursos telem\u00e0tics\u00a0<\/strong>: \u00a0<\/p>\n<ul>\n<li><a href=\"https:\/\/agora.xtec.cat\/cesire\/portada\/videoconferencies-del-curs-ara-telemat-en-obert\/\" target=\"_blank\" rel=\"noopener noreferrer\"><strong><em>Aramat telem\u00e0tic. Introducci\u00f3 al treball per compet\u00e8ncies\u00a0a prim\u00e0ria.<\/em><\/strong><\/a><\/li>\n<li><strong><em><a href=\"https:\/\/agora.xtec.cat\/cesire\/general\/videoconferencies-del-curs-activitats-riques-i-competencies-matematiques-a-laula-de-secundaria-en-obert\/\" data-saferedirecturl=\"https:\/\/www.google.com\/url?q=https:\/\/agora.xtec.cat\/cesire\/general\/videoconferencies-del-curs-activitats-riques-i-competencies-matematiques-a-laula-de-secundaria-en-obert\/&amp;source=gmail&amp;ust=1600785597639000&amp;usg=AFQjCNFFjycTSs01j01-u3YWp3_CGMnUQg\">Activitats riques i compet\u00e8ncies matem\u00e0tiques a l\u2019aula de secund\u00e0ria<\/a><\/em><\/strong><\/li>\n<li><strong><em><a href=\"https:\/\/agora.xtec.cat\/cesire\/portada\/formacio-sobre-laboratori-de-matematiques\/\" data-saferedirecturl=\"https:\/\/www.google.com\/url?q=https:\/\/agora.xtec.cat\/cesire\/portada\/formacio-sobre-laboratori-de-matematiques\/&amp;source=gmail&amp;ust=1600785597639000&amp;usg=AFQjCNEWwiMH9yPRMrYuAigdorh7YtQKOw\">Laboratoris de matem\u00e0tiques<\/a><\/em><\/strong><\/li>\n<\/ul>\n<p>Tamb\u00e9 hi ha\u00a0<em><a href=\"https:\/\/agora.xtec.cat\/cesire\/ambit-matematic\/formacio_mat\/formacio-interna-de-centre-fic-mat\/\" data-saferedirecturl=\"https:\/\/www.google.com\/url?q=https:\/\/agora.xtec.cat\/cesire\/ambit-matematic\/formacio_mat\/formacio-interna-de-centre-fic-mat\/&amp;source=gmail&amp;ust=1600785597639000&amp;usg=AFQjCNHi5A6KhW5GXiTd1aIe4Wjo18h8Pg\">3 FICs (<strong>Formaci\u00f3 Interna de Centre<\/strong>) de prim\u00e0ria i 2 de secund\u00e0ria<\/a><\/em>\u00a0que, com sabeu, s\u00f3n formaci\u00f3 en matem\u00e0tiques adre\u00e7ada als claustres per ajudar a prendre acords d&#8217;escola.<\/p>\n<ul>\n<li>Els dies 13, 14 i 15 de Novembre de 2020 es celebrar\u00e0, en format virtual, el\u00a0<strong>Congr\u00e9s Catal\u00e0 \u00a0d&#8217;Educaci\u00f3 matem\u00e0tica c<sup>2<\/sup>em 2020<\/strong>. El congr\u00e9s acollir\u00e0 gaireb\u00e9 un centenar d\u2019aportacions de professorat des de l&#8217;etapa d&#8217;infantil fins a la universitat, en format de comunicacions, activitats d\u2019aula, reptes i espais de debat. Estem \u00a0segurs que ser\u00e0 l&#8217;esdeveniment m\u00e9s important d\u2019educaci\u00f3 matem\u00e0tica dels propers anys, i us animem a participar-hi: <a href=\"http:\/\/c2em.feemcat.org\/\" data-saferedirecturl=\"https:\/\/www.google.com\/url?q=http:\/\/c2em.feemcat.org\/&amp;source=gmail&amp;ust=1600785597639000&amp;usg=AFQjCNEc3faVZvwt471YK4f-OK-DHUSMhw\"><em>c2em.feemcat.org<\/em><\/a><\/li>\n<li>Des del CESIRE posen a la vostra disposici\u00f3 el document \u201c<a href=\"https:\/\/agora.xtec.cat\/cesire\/portada\/algunes-reflexions-i-recursos-per-a-la-represa\/\" data-saferedirecturl=\"https:\/\/www.google.com\/url?q=https:\/\/agora.xtec.cat\/cesire\/portada\/algunes-reflexions-i-recursos-per-a-la-represa\/&amp;source=gmail&amp;ust=1600785597639000&amp;usg=AFQjCNHBkbUT8bryJ_ae2pwM5IHJzNgImw\"><em><strong>Algunes reflexions i recursos per a la represa<\/strong><\/em><\/a>\u201d per ajudar a iniciar el curs de manera inclusiva i optimista. Tamb\u00e9 recomanen el document <strong><em><a href=\"https:\/\/agora.xtec.cat\/cesire\/portada\/idees-centrals-de-matematiques-deducacio-infantil-a-cs-de-primaria\/\" data-saferedirecturl=\"https:\/\/www.google.com\/url?q=https:\/\/agora.xtec.cat\/cesire\/portada\/idees-centrals-de-matematiques-deducacio-infantil-a-cs-de-primaria\/&amp;source=gmail&amp;ust=1600785597639000&amp;usg=AFQjCNFo3GBtkOCWsz4j9cYNT0T3GVy8pw\">\u00a0Idees centrals de matem\u00e0tiques<\/a><\/em><\/strong>\u00a0d&#8217;infantil i prim\u00e0ria, escrit per la Carme Brugu\u00e9s, Tana Serra, Montserrat Torra i Maria Roca i publicat\u00a0 a la web del CESIRE el curs passat.<\/li>\n<li>Properament es convocar\u00e0 el<strong><em>\u00a0<a href=\"http:\/\/videomat.cat\/\" data-saferedirecturl=\"https:\/\/www.google.com\/url?q=http:\/\/videomat.cat&amp;source=gmail&amp;ust=1600785597639000&amp;usg=AFQjCNFl8rj3-xXzHGbIoecTKh3P3UVpXA\">v\u00eddeoMAT<\/a><\/em><\/strong>\u00a02020, activitat en la que\u00a0l\u2019alumnat\u00a0de tots els nivells educatius\u00a0\u00a0elabora v\u00eddeos de matem\u00e0tiques\u00a0 de 3 minuts per a respondre preguntes.\u00a0<\/li>\n<li>Des del CESIRE tamb\u00e9 us recorden que des de l\u2019\u00e0mbit de matem\u00e0tiques, i amb periodicitat trimestral, fan arribar un correu informatiu adre\u00e7at al professorat amb les informacions m\u00e9s destacades. Si esteu interessats a rebre\u2019l escriviu-los a <a href=\"mailto:creamat@xtec.cat\">creamat@xtec.cat<\/a><\/li>\n<li style=\"list-style-type: none;\">\u00a0<\/li>\n<\/ul>\n","protected":false},"excerpt":{"rendered":"<p>Autoformaci\u00f3 en obert\u00a0(Ateneu, canal\u00a0YouTube creamat1&#8230;) Podeu accedir en obert a les sessions dels cursos telem\u00e0tics\u00a0: \u00a0 Aramat telem\u00e0tic. Introducci\u00f3 al [&hellip;]<\/p>\n","protected":false},"author":1,"featured_media":14707,"comment_status":"closed","ping_status":"closed","sticky":false,"template":"","format":"standard","meta":{"_bbp_topic_count":0,"_bbp_reply_count":0,"_bbp_total_topic_count":0,"_bbp_total_reply_count":0,"_bbp_voice_count":0,"_bbp_anonymous_reply_count":0,"_bbp_topic_count_hidden":0,"_bbp_reply_count_hidden":0,"_bbp_forum_subforum_count":0,"site-sidebar-layout":"default","site-content-layout":"","ast-site-content-layout":"","site-content-style":"default","site-sidebar-style":"default","ast-global-header-display":"","ast-banner-title-visibility":"","ast-main-header-display":"","ast-hfb-above-header-display":"","ast-hfb-below-header-display":"","ast-hfb-mobile-header-display":"","site-post-title":"","ast-breadcrumbs-content":"","ast-featured-img":"","footer-sml-layout":"","theme-transparent-header-meta":"","adv-header-id-meta":"","stick-header-meta":"","header-above-stick-meta":"","header-main-stick-meta":"","header-below-stick-meta":"","astra-migrate-meta-layouts":"default","ast-page-background-enabled":"default","ast-page-background-meta":{"desktop":{"background-color":"var(--ast-global-color-4)","background-image":"","background-repeat":"repeat","background-position":"center center","background-size":"auto","background-attachment":"scroll","background-type":"","background-media":"","overlay-type":"","overlay-color":"","overlay-opacity":"","overlay-gradient":""},"tablet":{"background-color":"","background-image":"","background-repeat":"repeat","background-position":"center center","background-size":"auto","background-attachment":"scroll","background-type":"","background-media":"","overlay-type":"","overlay-color":"","overlay-opacity":"","overlay-gradient":""},"mobile":{"background-color":"","background-image":"","background-repeat":"repeat","background-position":"center center","background-size":"auto","background-attachment":"scroll","background-type":"","background-media":"","overlay-type":"","overlay-color":"","overlay-opacity":"","overlay-gradient":""}},"ast-content-background-meta":{"desktop":{"background-color":"var(--ast-global-color-5)","background-image":"","background-repeat":"repeat","background-position":"center center","background-size":"auto","background-attachment":"scroll","background-type":"","background-media":"","overlay-type":"","overlay-color":"","overlay-opacity":"","overlay-gradient":""},"tablet":{"background-color":"var(--ast-global-color-5)","background-image":"","background-repeat":"repeat","background-position":"center center","background-size":"auto","background-attachment":"scroll","background-type":"","background-media":"","overlay-type":"","overlay-color":"","overlay-opacity":"","overlay-gradient":""},"mobile":{"background-color":"var(--ast-global-color-5)","background-image":"","background-repeat":"repeat","background-position":"center center","background-size":"auto","background-attachment":"scroll","background-type":"","background-media":"","overlay-type":"","overlay-color":"","overlay-opacity":"","overlay-gradient":""}},"footnotes":""},"categories":[165,29,76],"tags":[1296,948,41],"class_list":["post-14706","post","type-post","status-publish","format-standard","has-post-thumbnail","hentry","category-formacio","category-portada","category-recursos","tag-creamat","tag-formacio-permanent","tag-matematiques"],"post_mailing_queue_ids":[],"_links":{"self":[{"href":"https:\/\/serveiseducatius.xtec.cat\/badalona\/wp-json\/wp\/v2\/posts\/14706","targetHints":{"allow":["GET"]}}],"collection":[{"href":"https:\/\/serveiseducatius.xtec.cat\/badalona\/wp-json\/wp\/v2\/posts"}],"about":[{"href":"https:\/\/serveiseducatius.xtec.cat\/badalona\/wp-json\/wp\/v2\/types\/post"}],"author":[{"embeddable":true,"href":"https:\/\/serveiseducatius.xtec.cat\/badalona\/wp-json\/wp\/v2\/users\/1"}],"replies":[{"embeddable":true,"href":"https:\/\/serveiseducatius.xtec.cat\/badalona\/wp-json\/wp\/v2\/comments?post=14706"}],"version-history":[{"count":2,"href":"https:\/\/serveiseducatius.xtec.cat\/badalona\/wp-json\/wp\/v2\/posts\/14706\/revisions"}],"predecessor-version":[{"id":14712,"href":"https:\/\/serveiseducatius.xtec.cat\/badalona\/wp-json\/wp\/v2\/posts\/14706\/revisions\/14712"}],"wp:featuredmedia":[{"embeddable":true,"href":"https:\/\/serveiseducatius.xtec.cat\/badalona\/wp-json\/wp\/v2\/media\/14707"}],"wp:attachment":[{"href":"https:\/\/serveiseducatius.xtec.cat\/badalona\/wp-json\/wp\/v2\/media?parent=14706"}],"wp:term":[{"taxonomy":"category","embeddable":true,"href":"https:\/\/serveiseducatius.xtec.cat\/badalona\/wp-json\/wp\/v2\/categories?post=14706"},{"taxonomy":"post_tag","embeddable":true,"href":"https:\/\/serveiseducatius.xtec.cat\/badalona\/wp-json\/wp\/v2\/tags?post=14706"}],"curies":[{"name":"wp","href":"https:\/\/api.w.org\/{rel}","templated":true}]}}