{"id":14613,"date":"2020-09-14T09:52:02","date_gmt":"2020-09-14T07:52:02","guid":{"rendered":"http:\/\/serveiseducatius.xtec.cat\/badalona\/?p=14613"},"modified":"2020-09-18T16:30:40","modified_gmt":"2020-09-18T14:30:40","slug":"cesire-formacio-i-jornades-activitats-per-alumnat","status":"publish","type":"post","link":"https:\/\/serveiseducatius.xtec.cat\/badalona\/general\/cesire-formacio-i-jornades-activitats-per-alumnat\/","title":{"rendered":"CESIRE: Formaci\u00f3, Jornades i activitats per a l&#8217;alumnat"},"content":{"rendered":"<p><img loading=\"lazy\" decoding=\"async\" class=\"wp-image-14614 alignleft\" src=\"https:\/\/serveiseducatius.xtec.cat\/badalona\/wp-content\/uploads\/usu1088\/2020\/09\/cesire.png\" alt=\"\" width=\"191\" height=\"96\" srcset=\"https:\/\/serveiseducatius.xtec.cat\/badalona\/wp-content\/uploads\/usu1088\/2020\/09\/cesire.png 359w, https:\/\/serveiseducatius.xtec.cat\/badalona\/wp-content\/uploads\/usu1088\/2020\/09\/cesire-300x150.png 300w\" sizes=\"auto, (max-width: 191px) 100vw, 191px\" \/><\/p>\n<div dir=\"ltr\">\n<p>Des del\u00a0<b>CESIRE\u00a0<\/b>de l&#8217;\u00e0mbit de matem\u00e0tiques volem continuar donant suport a la vostra feina di\u00e0ria a les aules, tamb\u00e9 en aquest curs que es presenta farcit d&#8217;incerteses i nous reptes. Us fem arribar algunes informacions que poden ser del vostre inter\u00e8s.<\/p>\n<p><b>CESIRE<\/b><\/p>\n<ul>\n<li>L\u2019inici del curs 2020-21 tindr\u00e0 unes caracter\u00edstiques que no ha tingut cap curs fins ara, at\u00e8s que vindrem d\u2019un llarg per\u00edode d\u2019educaci\u00f3 no presencial, en condicions altament excepcionals a nivell social, emocional i educatiu. Us proposem\u00a0<a href=\"https:\/\/agora.xtec.cat\/cesire\/portada\/algunes-reflexions-i-recursos-per-a-la-represa\/\" target=\"_blank\" rel=\"noopener noreferrer\" data-saferedirecturl=\"https:\/\/www.google.com\/url?q=https:\/\/agora.xtec.cat\/cesire\/portada\/algunes-reflexions-i-recursos-per-a-la-represa\/&amp;source=gmail&amp;ust=1600155826822000&amp;usg=AFQjCNEszF4WjH3DCYN-XQoLVgEwiLjFNQ\">algunes reflexions i recursos per la represa<\/a>\u00a0. Esperem que us puguin ser d&#8217;utilitat.\u00a0<\/li>\n<li>El passat m\u00e9s de juny es va publicar el\u00a0<b>document<\/b>\u00a0<a href=\"https:\/\/agora.xtec.cat\/cesire\/portada\/idees-centrals-de-matematiques-deducacio-infantil-a-cs-de-primaria\/\" target=\"_blank\" rel=\"noopener noreferrer\" data-saferedirecturl=\"https:\/\/www.google.com\/url?q=https:\/\/agora.xtec.cat\/cesire\/portada\/idees-centrals-de-matematiques-deducacio-infantil-a-cs-de-primaria\/&amp;source=gmail&amp;ust=1600155826822000&amp;usg=AFQjCNFAptU4jsgR6Dg1VGgryGV04C6htw\">\u00a0Idees centrals de matem\u00e0tiques<\/a>\u00a0d&#8217;infantil i prim\u00e0ria, escrit per la Carme Brugu\u00e9s, Tana Serra, Montserrat Torra i Maria Roca.\u00a0<\/li>\n<li>Us recordem que podeu veure i trobar\u00a0propostes d&#8217;activitats a les &#8220;<b>campanyes<\/b>&#8221; del CESIRE (&#8220;Laboratori de matem\u00e0tiques&#8221;, &#8220;Dimensi\u00f3 web&#8221;, &#8220;VideoMat +&#8221;, &#8220;Impressi\u00f3 3D i matem\u00e0tiques&#8221;&#8230;) Inclou la campanya &#8220;Mates per a emportar&#8221; que es va crear durant el confinament, i que recull propostes per fer des de casa. (<a href=\"https:\/\/sites.google.com\/xtec.cat\/cesire-matematiques-campanyes\" target=\"_blank\" rel=\"noopener noreferrer\" data-saferedirecturl=\"https:\/\/www.google.com\/url?q=https:\/\/sites.google.com\/xtec.cat\/cesire-matematiques-campanyes&amp;source=gmail&amp;ust=1600155826822000&amp;usg=AFQjCNFG-oIiXUycv0L5KihU8zOnFlZ1Ig\">enlla\u00e7<\/a>).\u00a0\u00a0<\/li>\n<li>Estem immersos en un projecte per promocionar els\u00a0<b>Laboratoris de Matem\u00e0tiques<\/b>\u00a0als centres. Us convidem a\u00a0veure les\u00a0<a href=\"https:\/\/www.youtube.com\/watch?v=2aAeZw6PJ-g&amp;list=PL7u-OLF_IPJ1GLzOthzA41KrvN99JpQkv\" target=\"_blank\" rel=\"noopener noreferrer\" data-saferedirecturl=\"https:\/\/www.google.com\/url?q=https:\/\/www.youtube.com\/watch?v%3D2aAeZw6PJ-g%26list%3DPL7u-OLF_IPJ1GLzOthzA41KrvN99JpQkv&amp;source=gmail&amp;ust=1600155826822000&amp;usg=AFQjCNHw__wAv3aykKbMXNpLtZq10NqVpA\">dues confer\u00e8ncies<\/a>\u00a0sobre Laboratoris que es van celebrar a finals del curs passat, juntament\u00a0amb altres petits v\u00eddeos dedicats a materials manipulables i a entrar a la\u00a0<a href=\"https:\/\/sites.google.com\/xtec.cat\/cesire-matematiques-campanyes\/laboratori-de-matem%C3%A0tiques\" target=\"_blank\" rel=\"noopener noreferrer\" data-saferedirecturl=\"https:\/\/www.google.com\/url?q=https:\/\/sites.google.com\/xtec.cat\/cesire-matematiques-campanyes\/laboratori-de-matem%25C3%25A0tiques&amp;source=gmail&amp;ust=1600155826822000&amp;usg=AFQjCNGAW9XytOtFTZTlkW_vvGfMpLzshQ\">campanya de Laboratori de matem\u00e0tiques<\/a>.\u00a0\u00a0<\/li>\n<\/ul>\n<p><b>FORMACI\u00d3 i JORNADES<\/b>\u00a0<\/p>\n<\/div>\n<ul>\n<li>Els dies 13, 14 i 15 de Novembre de 2020 es celebrar\u00e0 el\u00a0<b>congr\u00e9s d&#8217;Educaci\u00f3 matem\u00e0tica C2EM 2020,<\/b>\u00a0que en aquesta edici\u00f3 tindr\u00e0 un format virtual. El congr\u00e9s acollir\u00e0 aportacions de professorat des de l&#8217;etapa d&#8217;infantil fins a la universitat. Tamb\u00e9 hi haur\u00e0 espais de debat i altres propostes que permeten\u00a0la interacci\u00f3 amb els participants. Des del CESIRE estem segurs que ser\u00e0 l&#8217;esdeveniment m\u00e9s important de l&#8217;educaci\u00f3 matem\u00e0tica d&#8217;els propers anys, i us animem a participar-hi.\u00a0<a href=\"https:\/\/c2em.feemcat.org\/\" target=\"_blank\" rel=\"noopener noreferrer\" data-saferedirecturl=\"https:\/\/www.google.com\/url?q=https:\/\/c2em.feemcat.org\/&amp;source=gmail&amp;ust=1600155826822000&amp;usg=AFQjCNFafnCE-7sojzlgU7F84ue1SzqpDA\">\u00a0Inscripcions i m\u00e9s informaci\u00f3<\/a>.<\/li>\n<li>El proper dissabte 3 d&#8217;Octubre es celebrar\u00e0 la<b>\u00a0III Jornada STEM a l&#8217;Espai<\/b>, dedicada a l&#8217;intercanvi d&#8217;experi\u00e8ncies did\u00e0ctiques relacionades amb l&#8217;univers i l&#8217;espai.\u00a0La jornada tindr\u00e0 un format virtual. Es celebra bianualment dins el marc de la Setmana mundial de l&#8217;espai.\u00a0<a href=\"https:\/\/projectes.xtec.cat\/stemalespai\/\" target=\"_blank\" rel=\"noopener noreferrer\" data-saferedirecturl=\"https:\/\/www.google.com\/url?q=https:\/\/projectes.xtec.cat\/stemalespai\/&amp;source=gmail&amp;ust=1600155826822000&amp;usg=AFQjCNF6pZB82NXQEfAM3BP8r3WlTZn9AA\">Inscripcions\u00a0i m\u00e9s informaci\u00f3<\/a>.\u00a0\u00a0<\/li>\n<li>Durant el confinament des del CESIRE es\u00a0van fer dos\u00a0<b>cursos telem\u00e0tics\u00a0<\/b>enfocats a les\u00a0<b>compet\u00e8ncies matem\u00e0tiques<\/b>. Podeu accedir a les sessions de formaci\u00f3 en obert\u00a0\n<ul>\n<li><a href=\"https:\/\/agora.xtec.cat\/cesire\/portada\/videoconferencies-del-curs-ara-telemat-en-obert\/\" target=\"_blank\" rel=\"noopener noreferrer\" data-saferedirecturl=\"https:\/\/www.google.com\/url?q=https:\/\/agora.xtec.cat\/cesire\/portada\/videoconferencies-del-curs-ara-telemat-en-obert\/&amp;source=gmail&amp;ust=1600155826822000&amp;usg=AFQjCNEC8E9T8pV0QpxmOXb9IKa46m3b4A\">Aramat telem\u00e0tic. Introducci\u00f3 al treball per compet\u00e8ncies<\/a><\/li>\n<li><a href=\"https:\/\/agora.xtec.cat\/cesire\/general\/videoconferencies-del-curs-activitats-riques-i-competencies-matematiques-a-laula-de-secundaria-en-obert\/\" target=\"_blank\" rel=\"noopener noreferrer\" data-saferedirecturl=\"https:\/\/www.google.com\/url?q=https:\/\/agora.xtec.cat\/cesire\/general\/videoconferencies-del-curs-activitats-riques-i-competencies-matematiques-a-laula-de-secundaria-en-obert\/&amp;source=gmail&amp;ust=1600155826822000&amp;usg=AFQjCNG39VLKE6NWezjjp1NFn-yeWTWnyg\">Activitats riques i compet\u00e8ncies matem\u00e0tiques a l\u2019aula de secund\u00e0ria<\/a><\/li>\n<\/ul>\n<\/li>\n<li>Al web del\u00a0<a href=\"https:\/\/agora.xtec.cat\/cesire\/categoria\/ambits\/matematic\/\" target=\"_blank\" rel=\"noopener noreferrer\" data-saferedirecturl=\"https:\/\/www.google.com\/url?q=https:\/\/agora.xtec.cat\/cesire\/categoria\/ambits\/matematic\/&amp;source=gmail&amp;ust=1600155826822000&amp;usg=AFQjCNHWU0N8XxaDSuL_Tr4tEmoHmbI98w\">CESIRE de l&#8217;\u00e0mbit de matem\u00e0tiques<\/a>\u00a0hi trobareu altres informacions, a mesura que les universitats respectives les vagin publicant, sobre les xerrades-taller de la FME-UPC, la Facultat de Matem\u00e0tiques i inform\u00e0tica de la UB, o els Dissabtes de Matem\u00e0tiques de la UAB, aix\u00ed com d&#8217;altres jornades sobre ensenyament de les matem\u00e0tiques, cursos de formaci\u00f3, etc.\u00a0\u00a0<\/li>\n<\/ul>\n<div dir=\"ltr\">\n<p><b>ACTIVITATS PER ALUMNAT<\/b><\/p>\n<ul>\n<li>Us convidem a consultar, per tal d&#8217;organitzar el curs, el nostre\u00a0<b>calendari d&#8217;activitats matem\u00e0tiques per a alumnat<\/b>\u00a0on teniu una relaci\u00f3 dels diferents concursos matem\u00e0tics, tallers, etc. que es realitzen al llarg de l&#8217;any (<a href=\"https:\/\/agora.xtec.cat\/cesire\/ambit-matematic\/activitats-de-dinamitzacio-de-lalumnat-mat\/concursos_mat\/\" target=\"_blank\" rel=\"noopener noreferrer\" data-saferedirecturl=\"https:\/\/www.google.com\/url?q=https:\/\/agora.xtec.cat\/cesire\/ambit-matematic\/activitats-de-dinamitzacio-de-lalumnat-mat\/concursos_mat\/&amp;source=gmail&amp;ust=1600155826822000&amp;usg=AFQjCNEccKHyNL_JIwZbA6fkl5WiC2s1fA\">calendari de concursos<\/a>,\u00a0<a href=\"https:\/\/agora.xtec.cat\/cesire\/ambit-matematic\/activitats-de-dinamitzacio-de-lalumnat-mat\/tallers-jornades_mat\/\" target=\"_blank\" rel=\"noopener noreferrer\" data-saferedirecturl=\"https:\/\/www.google.com\/url?q=https:\/\/agora.xtec.cat\/cesire\/ambit-matematic\/activitats-de-dinamitzacio-de-lalumnat-mat\/tallers-jornades_mat\/&amp;source=gmail&amp;ust=1600155826822000&amp;usg=AFQjCNE5huyOTdUejzGXC--ymIEzByDwUw\">calendari de tallers<\/a>\u00a0i\u00a0<a href=\"https:\/\/agora.xtec.cat\/cesire\/ambit-matematic\/activitats-de-dinamitzacio-de-lalumnat-mat\/premis_mat\/\" target=\"_blank\" rel=\"noopener noreferrer\" data-saferedirecturl=\"https:\/\/www.google.com\/url?q=https:\/\/agora.xtec.cat\/cesire\/ambit-matematic\/activitats-de-dinamitzacio-de-lalumnat-mat\/premis_mat\/&amp;source=gmail&amp;ust=1600155826822000&amp;usg=AFQjCNEwtEZFaTLh9hTpzFE2msmkL7Wcsw\">calendari de premis<\/a>).\u00a0\u00a0<\/li>\n<li>La FEEMCAT organitza de nou el\u00a0<i>Programa Bojos per les matem\u00e0tiques<\/i>, curs adre\u00e7at a l&#8217;alumnat de 1r de batxillerat. (<a href=\"https:\/\/bojos-ciencia.fundaciocatalunya-lapedrera.com\/cursos\/matematiques\" target=\"_blank\" rel=\"noopener noreferrer\" data-saferedirecturl=\"https:\/\/www.google.com\/url?q=https:\/\/bojos-ciencia.fundaciocatalunya-lapedrera.com\/cursos\/matematiques&amp;source=gmail&amp;ust=1600155826822000&amp;usg=AFQjCNEUPOcoCCtFIKzwhCuoS0yvfnJbmw\">m\u00e9s informaci\u00f3<\/a>).\u00a0\u00a0<\/li>\n<li>La primera setmana d&#8217;octubre s&#8217;obrir\u00e0 la inscripci\u00f3 al\u00a0<b>v\u00eddeoMAT\u00a02020\u00a0<\/b>.Us animem a utilitzar els v\u00eddeos a classe i sobretot a participar amb els vostres alumnes en aquesta edici\u00f3. Ben aviat us enviarem un correu espec\u00edfic amb m\u00e9s informacions (<a href=\"http:\/\/www.videomat.cat\/\" target=\"_blank\" rel=\"noopener noreferrer\" data-saferedirecturl=\"https:\/\/www.google.com\/url?q=http:\/\/www.videomat.cat\/&amp;source=gmail&amp;ust=1600155826822000&amp;usg=AFQjCNF8QaNd06VgUq68BkJ6u3W4mcxTug\">Web v\u00eddeoMAT<\/a>)\u00a0 \u00a0<\/li>\n<li>Ja podeu descarregar el\u00a0<b>Calendari matem\u00e0tic\u00a02020-21<\/b>\u00a0elaborat per Societat d&#8217;Educaci\u00f3 Matem\u00e0tica Al-Khwarizmi (<a href=\"https:\/\/www.semcv.org\/calendarimat\/1119-calendari-matematic-2020-21\" target=\"_blank\" rel=\"noopener noreferrer\" data-saferedirecturl=\"https:\/\/www.google.com\/url?q=https:\/\/www.semcv.org\/calendarimat\/1119-calendari-matematic-2020-21&amp;source=gmail&amp;ust=1600155826822000&amp;usg=AFQjCNEmouU0nGgqsoxYf-HUvW5G-l4i0Q\">desc\u00e0rrega<\/a>)\u00a0\u00a0<\/li>\n<li>S&#8217;ha obert la inscripci\u00f3 a visites i tallers del\u00a0<b>MMACA<\/b>\u00a0a la seva seu de Cornell\u00e0, que aquest any es complementa amb una \u00e0mplia oferta de tallers per fer al vostre centre. Tamb\u00e9 conv\u00e9 estar atents a altres activitats del MMACA (tallers, exposicions, xerrades&#8230;) seguint el seu\u00a0<a href=\"https:\/\/www.mmaca.cat\/index.php\" target=\"_blank\" rel=\"noopener noreferrer\" data-saferedirecturl=\"https:\/\/www.google.com\/url?q=https:\/\/www.mmaca.cat\/index.php&amp;source=gmail&amp;ust=1600155826822000&amp;usg=AFQjCNG7psKcZAvyLGpR8-pldjBGchUQQA\">web<\/a>\u00a0 o compte de twitter (<a href=\"https:\/\/twitter.com\/MMACA_cat\" target=\"_blank\" rel=\"noopener noreferrer\" data-saferedirecturl=\"https:\/\/www.google.com\/url?q=https:\/\/twitter.com\/MMACA_cat&amp;source=gmail&amp;ust=1600155826822000&amp;usg=AFQjCNEXr0wKvldT1ghVkXhXs0W4KJ9OAA\">@MMACA_cat<\/a>).\u00a0<\/li>\n<li>El\u00a0<a href=\"http:\/\/www.xeix.org\/Centre-Aprenentatge-Cientificomatematic\/\" target=\"_blank\" rel=\"noopener noreferrer\" data-saferedirecturl=\"https:\/\/www.google.com\/url?q=http:\/\/www.xeix.org\/Centre-Aprenentatge-Cientificomatematic\/&amp;source=gmail&amp;ust=1600155826822000&amp;usg=AFQjCNFUmL3jWDHgOn-736H977aTaXuXZw\">Centmat<\/a>\u00a0(Centre\u00a0 d&#8217;Aprenentatge Cient\u00edficoMatem\u00e0tic de les Illes Balears) ens fa tres propostes interessants a trav\u00e9s del seu\u00a0<a href=\"https:\/\/www.youtube.com\/user\/CIENTIFICOMATEMATIC\/videos\" target=\"_blank\" rel=\"noopener noreferrer\" data-saferedirecturl=\"https:\/\/www.google.com\/url?q=https:\/\/www.youtube.com\/user\/CIENTIFICOMATEMATIC\/videos&amp;source=gmail&amp;ust=1600155826822000&amp;usg=AFQjCNG-1Qr6NzS9o2Hzza2WxHIUIEXNKg\">canal de youtube<\/a>:\u00a0\n<ul>\n<li><b>Pim-pam-mates.<\/b>\u00a0Activitats per educaci\u00f3 infantil i prim\u00e0ria.<\/li>\n<li><b>Contagiant\u00a0idees<\/b>. Per fer des de casa.<\/li>\n<li><b>MSI: Maths Scene Investigation.<\/b>\u00a0V\u00eddeo-reptes per alumnes de secund\u00e0ria.\u00a0<\/li>\n<\/ul>\n<\/li>\n<li>A la web<b>\u00a0del Cangur\u00a0<\/b>aniran actualitzant la informaci\u00f3 sobre la celebraci\u00f3 de la prova, que es preveu pel 18 de mar\u00e7 de 2021.\u00a0Trobareu m\u00e9s informaci\u00f3 sobre el TeleCangur,\u00a0 l&#8217;Olitele, els Problemes a l&#8217;esprint, la Marat\u00f3 de problemes o l&#8217;Olimp\u00edada Matem\u00e0tica al web del Cangur (<a href=\"http:\/\/www.cangur.org\/\" target=\"_blank\" rel=\"noopener noreferrer\" data-saferedirecturl=\"https:\/\/www.google.com\/url?q=http:\/\/www.cangur.org\/&amp;source=gmail&amp;ust=1600155826822000&amp;usg=AFQjCNGMMZT9Q2r2heg0J0ieWq3sYlPJMQ\">enlla\u00e7<\/a>).\u00a0\u00a0<\/li>\n<li>El proper 17 de setembre BubblyMaths organitza la\u00a0<b>Global Math Lesson 2020<\/b>, una lli\u00e7\u00f3 sobre estad\u00edstica i salut, adre\u00e7ada a nenes i nens de tot el m\u00f3n. La lli\u00e7\u00f3 tindr\u00e0 una durada de 30 minuts i en aquesta edici\u00f3 es centra en la figura de Florence Nithingale, de qui celebrem el 200 aniversari del naixement. La lli\u00e7\u00f3 s\u2019acompanya una proposta d\u2019activitat d\u2019aula: Un role-play al que pot participar tot l\u2019alumnat, des de l\u2019aula o des de casa. (<a href=\"https:\/\/agora.xtec.cat\/cesire\/general\/global-math-and-science-lesson-2020\/\" target=\"_blank\" rel=\"noopener noreferrer\" data-saferedirecturl=\"https:\/\/www.google.com\/url?q=https:\/\/agora.xtec.cat\/cesire\/general\/global-math-and-science-lesson-2020\/&amp;source=gmail&amp;ust=1600155826822000&amp;usg=AFQjCNGlvvBSAUJwsS1PWBEOf1iJHDGKcQ\">enlla\u00e7<\/a>)<\/li>\n<\/ul>\n<p>Com sempre us recomanem algunes activitats publicades a l&#8217;ARC.<\/p>\n<\/div>\n<table id=\"m_-4101442815097738519m_-6584467045798146211m_-7122071705374434691gmail-m_4111826705253481473gmail-m_-5100350675992068512gmail-m_7568451920326082407m_-6351163435262746358m_8791040066601891211m_2503947503733807532m_205241669156395256m_-7027147745641307621m_8551813320028491541m_-6280187172102441735m_7616274865989657128m_-4015250126592354798m_-1376605748618079356m_7808133012660497647gmail-m_5116734360552976898m_-8677401874618873697gmail-AutoNumber2\" border=\"1\" width=\"70%\" cellspacing=\"0\" cellpadding=\"0\">\n<tbody>\n<tr>\n<td align=\"center\" bgcolor=\"#ff6600\" width=\"50%\"><b><span style=\"color: #ffffff;\">ARC 2020<\/span><\/b><\/td>\n<td align=\"center\" bgcolor=\"#ff6600\" width=\"50%\"><b><span style=\"color: #ffffff;\">\u00a0 ARC 2020\u00a0\u00a0<\/span><\/b><\/td>\n<\/tr>\n<tr>\n<td align=\"center\" width=\"50%\"><b>La vida en 1h, 12h, una setmana, un any, un metre, un litre, 360\u00ba,&#8230;<\/b><span style=\"font-family: Arial, Helvetica, sans-serif;\"><br \/>\n(<\/span><a href=\"https:\/\/apliense.xtec.cat\/arc\/node\/30915\" target=\"_blank\" rel=\"noopener noreferrer\" data-saferedirecturl=\"https:\/\/www.google.com\/url?q=https:\/\/apliense.xtec.cat\/arc\/node\/30915&amp;source=gmail&amp;ust=1600155826822000&amp;usg=AFQjCNE2ZSr4cLCx7GaksJ7JqnNsuLBgbg\">https:\/\/apliense.xtec.cat\/<wbr \/>arc\/node\/30915<\/a><span style=\"font-family: Arial, Helvetica, sans-serif;\">)<\/p>\n<p><\/span><\/p>\n<blockquote><p>Activitat per treballar la proporcionalitat num\u00e8rica i els canvis d&#8217;unitats. Es tracta de representar de forma gr\u00e0fica la vida d&#8217;algun personatge fam\u00f3s ja mort com si tota la seva vida hagu\u00e9s passat en una hora, un dia, una setmana, un mes, un any, un metre, un quilogram, un litre,&#8230; . Els alumnes hauran de cercar els fets m\u00e9s rellevants que li han passat al llarg de la seva vida i calcular per proporcionalitat, on els han de representar segons el model triat.\u00a0<\/p><\/blockquote>\n<p>\u00a0<span style=\"font-family: Arial, Helvetica, sans-serif;\"><br \/>\n<\/span><\/td>\n<td align=\"center\" width=\"50%\"><span style=\"font-family: Arial;\"><b><br \/>\nModificaci\u00f3 d&#8217;envasos<\/b><br \/>\n(<\/span><a href=\"https:\/\/apliense.xtec.cat\/arc\/node\/30833\" target=\"_blank\" rel=\"noopener noreferrer\" data-saferedirecturl=\"https:\/\/www.google.com\/url?q=https:\/\/apliense.xtec.cat\/arc\/node\/30833&amp;source=gmail&amp;ust=1600155826822000&amp;usg=AFQjCNHSoEQQkFjjXmz3M5gWcH3I6ovKzg\">https:\/\/apliense.xtec.cat\/<wbr \/>arc\/node\/30833<\/a><span style=\"font-family: Arial;\">)<\/span><span style=\"font-family: Arial, Helvetica, sans-serif;\"><\/p>\n<p><\/span><\/p>\n<blockquote>\n<p>Dues activitats independents que tenen en com\u00fa el treball manipulatiu amb paper per tal de consolidar els volums. A la primera es construeixen prismes de base triangular amb un volum donat a partir d&#8217;un desenvolupament pla. Es comparen les \u00e0rees totals de cadascun dels prismes per tal d&#8217;escollir l&#8217;env\u00e0s m\u00e9s ecol\u00f2gic. A la segona activitat es construeix un embolcall per muffins fent una variaci\u00f3 a la part inferior d&#8217;una capsa Masu. S&#8217;estableixen les relacions entre la mida del paper utilitzat, l&#8217;\u00e0rea de la base de l&#8217;embolcall, l&#8217;altura i la capacitat d&#8217;aquest. Per finalitzar es troba la quantitat m\u00e0xima d&#8217;embolcalls que es poden fer a partir d&#8217;un full.<\/p>\n<\/blockquote>\n<\/td>\n<\/tr>\n<tr>\n<td width=\"50%\">\n<div>\n<div><img loading=\"lazy\" decoding=\"async\" class=\"CToWUd a6T\" tabindex=\"0\" src=\"https:\/\/mail.google.com\/mail\/u\/0?ui=2&amp;ik=f199e3d698&amp;attid=0.1&amp;permmsgid=msg-f:1677443581854807592&amp;th=17477a0cdb36f628&amp;view=fimg&amp;sz=s0-l75-ft&amp;attbid=ANGjdJ-PhJsqb4edb52LBlSp_wd0LDYVE3Xk1KgxR7oHFdPxZl1N5DL2NwHMJeMfJPUetRZCiIFbznNLFZm96MmOsxLaYboTGYIeaPvcVkj6cO277wpkbvJUZkzi1LU&amp;disp=emb&amp;realattid=ii_17472cf257a6e011e451\" alt=\"20190408_104703.jpg\" width=\"160\" height=\"160\" data-image-whitelisted=\"\" \/><\/div>\n<\/div>\n<\/td>\n<td align=\"center\" width=\"50%\">\n<div>\n<div><img loading=\"lazy\" decoding=\"async\" class=\"CToWUd\" src=\"https:\/\/mail.google.com\/mail\/u\/0?ui=2&amp;ik=f199e3d698&amp;attid=0.2&amp;permmsgid=msg-f:1677443581854807592&amp;th=17477a0cdb36f628&amp;view=fimg&amp;sz=s0-l75-ft&amp;attbid=ANGjdJ8iaveeI4dNHOsSkOQNUPgVRVfRTAEDPL2b7HuDLM9-Ej1GRBOw_vJ1YL7DEyYXFyxmeG-IylTN7sjGZPN_QufFePxy1upJRMb4vop3nzlWsKLdlwGPT3SZ41Q&amp;disp=emb&amp;realattid=ii_17472cf257bc5373fe32\" alt=\"modificaci\u00f3 envasos.png\" width=\"139\" height=\"130\" data-image-whitelisted=\"\" \/><\/div>\n<\/div>\n<\/td>\n<\/tr>\n<\/tbody>\n<\/table>\n<p>&nbsp;<\/p>\n<p>I us convidem a veure un nou v\u00eddeo de la\u00a0<b>col\u00b7lecci\u00f3 permanent del v\u00eddeoMAT\u00a02020<\/b>.<\/p>\n<table id=\"m_-4101442815097738519m_-6584467045798146211m_-7122071705374434691gmail-m_4111826705253481473gmail-m_-5100350675992068512gmail-m_7568451920326082407m_-6351163435262746358m_8791040066601891211m_2503947503733807532m_205241669156395256m_-7027147745641307621m_8551813320028491541m_-6280187172102441735m_7616274865989657128m_-4015250126592354798m_-1376605748618079356m_7808133012660497647gmail-m_5116734360552976898m_-8677401874618873697gmail-AutoNumber1\" border=\"1\" width=\"70%\" cellspacing=\"0\" cellpadding=\"0\">\n<tbody>\n<tr>\n<td align=\"center\" bgcolor=\"#ff6600\" width=\"50%\"><span style=\"font-family: Arial, Helvetica, sans-serif;\"><b><span style=\"color: #ffffff;\">v\u00eddeoMAT<\/span><\/b><\/span><\/td>\n<\/tr>\n<tr>\n<td align=\"center\" width=\"50%\" height=\"54\">\n<div><img loading=\"lazy\" decoding=\"async\" class=\"CToWUd a6T\" tabindex=\"0\" src=\"https:\/\/mail.google.com\/mail\/u\/0?ui=2&amp;ik=f199e3d698&amp;attid=0.3&amp;permmsgid=msg-f:1677443581854807592&amp;th=17477a0cdb36f628&amp;view=fimg&amp;sz=s0-l75-ft&amp;attbid=ANGjdJ-WQlEKImvXcAgeBKyQiKtX6lLtEkSn-eVwHmCzu3tiaIGL1ZC8DV7N6ElG2WvhUMmsOQ-zoxvIQ_kCuNx_D2OdXCFxfxZIj1JNprqioF7Jm3CCZusnowxImnA&amp;disp=emb&amp;realattid=ii_17472cf257cc60875783\" alt=\"videomat.jpg\" width=\"216\" height=\"150\" data-image-whitelisted=\"\" \/><\/div>\n<p><span style=\"font-family: Arial;\"><b>De qu\u00e8 fa gust la lluna de Lladurs?<\/b><\/span><\/p>\n<p><a href=\"https:\/\/youtu.be\/Oy7BglPaXfY\" target=\"_blank\" rel=\"noopener noreferrer\" data-saferedirecturl=\"https:\/\/www.google.com\/url?q=https:\/\/youtu.be\/Oy7BglPaXfY&amp;source=gmail&amp;ust=1600155826822000&amp;usg=AFQjCNF_fWryDqNtztMyu-V-KeO1huOV2Q\">https:\/\/youtu.be\/Oy7BglPaXfY<\/a><\/p>\n<p><span style=\"font-family: Arial, Helvetica, sans-serif;\">Escola de Lladurs (ZER del Solson\u00e8s)<\/span><\/p>\n<\/td>\n<\/tr>\n<\/tbody>\n<\/table>\n<p>&nbsp;<\/p>\n","protected":false},"excerpt":{"rendered":"<p>Des del\u00a0CESIRE\u00a0de l&#8217;\u00e0mbit de matem\u00e0tiques volem continuar donant suport a la vostra feina di\u00e0ria a les aules, tamb\u00e9 en aquest [&hellip;]<\/p>\n","protected":false},"author":15,"featured_media":14614,"comment_status":"closed","ping_status":"closed","sticky":false,"template":"","format":"standard","meta":{"_bbp_topic_count":0,"_bbp_reply_count":0,"_bbp_total_topic_count":0,"_bbp_total_reply_count":0,"_bbp_voice_count":0,"_bbp_anonymous_reply_count":0,"_bbp_topic_count_hidden":0,"_bbp_reply_count_hidden":0,"_bbp_forum_subforum_count":0,"site-sidebar-layout":"default","site-content-layout":"","ast-site-content-layout":"","site-content-style":"default","site-sidebar-style":"default","ast-global-header-display":"","ast-banner-title-visibility":"","ast-main-header-display":"","ast-hfb-above-header-display":"","ast-hfb-below-header-display":"","ast-hfb-mobile-header-display":"","site-post-title":"","ast-breadcrumbs-content":"","ast-featured-img":"","footer-sml-layout":"","theme-transparent-header-meta":"","adv-header-id-meta":"","stick-header-meta":"","header-above-stick-meta":"","header-main-stick-meta":"","header-below-stick-meta":"","astra-migrate-meta-layouts":"default","ast-page-background-enabled":"default","ast-page-background-meta":{"desktop":{"background-color":"var(--ast-global-color-4)","background-image":"","background-repeat":"repeat","background-position":"center center","background-size":"auto","background-attachment":"scroll","background-type":"","background-media":"","overlay-type":"","overlay-color":"","overlay-opacity":"","overlay-gradient":""},"tablet":{"background-color":"","background-image":"","background-repeat":"repeat","background-position":"center center","background-size":"auto","background-attachment":"scroll","background-type":"","background-media":"","overlay-type":"","overlay-color":"","overlay-opacity":"","overlay-gradient":""},"mobile":{"background-color":"","background-image":"","background-repeat":"repeat","background-position":"center center","background-size":"auto","background-attachment":"scroll","background-type":"","background-media":"","overlay-type":"","overlay-color":"","overlay-opacity":"","overlay-gradient":""}},"ast-content-background-meta":{"desktop":{"background-color":"var(--ast-global-color-5)","background-image":"","background-repeat":"repeat","background-position":"center center","background-size":"auto","background-attachment":"scroll","background-type":"","background-media":"","overlay-type":"","overlay-color":"","overlay-opacity":"","overlay-gradient":""},"tablet":{"background-color":"var(--ast-global-color-5)","background-image":"","background-repeat":"repeat","background-position":"center center","background-size":"auto","background-attachment":"scroll","background-type":"","background-media":"","overlay-type":"","overlay-color":"","overlay-opacity":"","overlay-gradient":""},"mobile":{"background-color":"var(--ast-global-color-5)","background-image":"","background-repeat":"repeat","background-position":"center center","background-size":"auto","background-attachment":"scroll","background-type":"","background-media":"","overlay-type":"","overlay-color":"","overlay-opacity":"","overlay-gradient":""}},"footnotes":""},"categories":[165,1,29],"tags":[674,41],"class_list":["post-14613","post","type-post","status-publish","format-standard","has-post-thumbnail","hentry","category-formacio","category-general","category-portada","tag-cesire","tag-matematiques"],"post_mailing_queue_ids":[],"_links":{"self":[{"href":"https:\/\/serveiseducatius.xtec.cat\/badalona\/wp-json\/wp\/v2\/posts\/14613","targetHints":{"allow":["GET"]}}],"collection":[{"href":"https:\/\/serveiseducatius.xtec.cat\/badalona\/wp-json\/wp\/v2\/posts"}],"about":[{"href":"https:\/\/serveiseducatius.xtec.cat\/badalona\/wp-json\/wp\/v2\/types\/post"}],"author":[{"embeddable":true,"href":"https:\/\/serveiseducatius.xtec.cat\/badalona\/wp-json\/wp\/v2\/users\/15"}],"replies":[{"embeddable":true,"href":"https:\/\/serveiseducatius.xtec.cat\/badalona\/wp-json\/wp\/v2\/comments?post=14613"}],"version-history":[{"count":2,"href":"https:\/\/serveiseducatius.xtec.cat\/badalona\/wp-json\/wp\/v2\/posts\/14613\/revisions"}],"predecessor-version":[{"id":14688,"href":"https:\/\/serveiseducatius.xtec.cat\/badalona\/wp-json\/wp\/v2\/posts\/14613\/revisions\/14688"}],"wp:featuredmedia":[{"embeddable":true,"href":"https:\/\/serveiseducatius.xtec.cat\/badalona\/wp-json\/wp\/v2\/media\/14614"}],"wp:attachment":[{"href":"https:\/\/serveiseducatius.xtec.cat\/badalona\/wp-json\/wp\/v2\/media?parent=14613"}],"wp:term":[{"taxonomy":"category","embeddable":true,"href":"https:\/\/serveiseducatius.xtec.cat\/badalona\/wp-json\/wp\/v2\/categories?post=14613"},{"taxonomy":"post_tag","embeddable":true,"href":"https:\/\/serveiseducatius.xtec.cat\/badalona\/wp-json\/wp\/v2\/tags?post=14613"}],"curies":[{"name":"wp","href":"https:\/\/api.w.org\/{rel}","templated":true}]}}