{"id":14379,"date":"2020-07-15T09:07:08","date_gmt":"2020-07-15T07:07:08","guid":{"rendered":"http:\/\/serveiseducatius.xtec.cat\/badalona\/?p=14379"},"modified":"2020-09-01T02:28:25","modified_gmt":"2020-09-01T00:28:25","slug":"dates-dinscripcio-a-activitats-de-formacio-del-curs-2020-2021-i-activitats-extraordinaries-1r-trimestre-i-pfz-2020-2021","status":"publish","type":"post","link":"https:\/\/serveiseducatius.xtec.cat\/badalona\/portada\/dates-dinscripcio-a-activitats-de-formacio-del-curs-2020-2021-i-activitats-extraordinaries-1r-trimestre-i-pfz-2020-2021\/","title":{"rendered":"Inscripci\u00f3 a activitats de formaci\u00f3 curs 2020-21 (i activitats extraordin\u00e0ries 1r trimestre)"},"content":{"rendered":"<p><strong><img loading=\"lazy\" decoding=\"async\" class=\" wp-image-12192 alignleft\" src=\"https:\/\/serveiseducatius.xtec.cat\/badalona\/wp-content\/uploads\/usu1088\/2019\/09\/pfz.jpg\" alt=\"\" width=\"222\" height=\"167\" srcset=\"https:\/\/serveiseducatius.xtec.cat\/badalona\/wp-content\/uploads\/usu1088\/2019\/09\/pfz.jpg 258w, https:\/\/serveiseducatius.xtec.cat\/badalona\/wp-content\/uploads\/usu1088\/2019\/09\/pfz-200x150.jpg 200w\" sizes=\"auto, (max-width: 222px) 100vw, 222px\" \/><\/strong><\/p>\n<p><strong>Dates d\u2019inscripci\u00f3 a activitats de formaci\u00f3 del curs 2020-2021 (i activitats extraordin\u00e0ries 1r trimestre i PFZ 2020-2021)<\/strong><\/p>\n<p><strong>La proposta formativa del primer trimestre del curs 2020-2021 i el PFZ 2020-2021<\/strong> estar\u00e0 publicada a partir del proper 24 de juliol. No obstant i tenint en compte que algunes activitats encara tindran dates provisionals, us recomanem que aneu revisant el calendari tant en el moment de fer la inscripci\u00f3 com posteriorment un cop feta l&#8217;assignaci\u00f3, ja que hi poden haver canvis de darrera hora.<\/p>\n<p><span style=\"color: #993300;\"><strong>ACTIVITATS FORMATIVES<\/strong><\/span><\/p>\n<ul>\n<li>Activitats extraordin\u00e0ries del primer trimestre que comencen a partir del<strong> 2 setembre de 2020<br \/>\n<\/strong><strong>Inscripci\u00f3 a partir de l\u20191 de setembre 2020<\/strong><\/li>\n<li>Activitats del PFZ del curs 2020-2021 que <strong>comencen a partir del 14 d\u2019octubre<\/strong><br \/>\n<strong>Inscripci\u00f3 del 14 al 24 de setembre<\/strong><\/li>\n<li>Activitats del PFZ 2n i 3r trimestre del curs 2020-21<br \/>\nLa <strong>detecci\u00f3 es dur\u00e0 a terme durant el mes d\u2019octubre de 2020<\/strong> i es publicar\u00e0 l\u2019oferta formativa abans de vacances de Nadal.<\/li>\n<\/ul>\n<p><a href=\"https:\/\/emailfirewall.spamina.com\/atp\/url-check.php?URL=https%3A%2F%2Fja.cat%2Finicicursbdn2021&amp;D=53616c7465645f5f1497d04f8c9a986709283acdcda34c8bc4fa85007ed6ab3d40d896923827e4bb7c8c59fafb7102cfbefdb8732b17881ea76faf1afade67189cc62975040ca0714a4d30d842a707ae&amp;V=1\" target=\"_blank\" rel=\"noopener noreferrer\"><strong>INSCRIPCI\u00d3<\/strong><\/a> A L&#8217;ACTE D&#8217;<a href=\"https:\/\/serveiseducatius.xtec.cat\/badalona\/portada\/acte-dinauguracio-del-curs-escolar-2020-2021\/\" target=\"_blank\" rel=\"noopener noreferrer\">INAUGURACI\u00d3 DEL CURS ESCOLAR<\/a> (en format virtual)<\/p>\n<ul>\n<li><span style=\"font-size: 12pt;\"><strong><a href=\"https:\/\/aplicacions.gestioeducativa.gencat.cat\/pls\/soloas\/pk_for_mod_ins.p_for_cons_activitats?p_any=2020-2021&amp;p_totes=s&amp;p_crp=204&amp;p_excloure_crp_rec=F&amp;p_inici=1\" target=\"_blank\" rel=\"noopener noreferrer\">Totes les activitats a Badalona per al curs 2020-2021<\/a>\u00a0Consultable a partir de finals de juliol<\/strong><\/span><\/li>\n<li><span style=\"font-size: 12pt;\">Activitats de formaci\u00f3 a Badalona per modalitats (properament)<\/span><\/li>\n<\/ul>\n","protected":false},"excerpt":{"rendered":"<p>Dates d\u2019inscripci\u00f3 a activitats de formaci\u00f3 del curs 2020-2021 (i activitats extraordin\u00e0ries 1r trimestre i PFZ 2020-2021) La proposta formativa [&hellip;]<\/p>\n","protected":false},"author":1,"featured_media":0,"comment_status":"closed","ping_status":"closed","sticky":false,"template":"","format":"standard","meta":{"_bbp_topic_count":0,"_bbp_reply_count":0,"_bbp_total_topic_count":0,"_bbp_total_reply_count":0,"_bbp_voice_count":0,"_bbp_anonymous_reply_count":0,"_bbp_topic_count_hidden":0,"_bbp_reply_count_hidden":0,"_bbp_forum_subforum_count":0,"site-sidebar-layout":"default","site-content-layout":"","ast-site-content-layout":"","site-content-style":"default","site-sidebar-style":"default","ast-global-header-display":"","ast-banner-title-visibility":"","ast-main-header-display":"","ast-hfb-above-header-display":"","ast-hfb-below-header-display":"","ast-hfb-mobile-header-display":"","site-post-title":"","ast-breadcrumbs-content":"","ast-featured-img":"","footer-sml-layout":"","theme-transparent-header-meta":"","adv-header-id-meta":"","stick-header-meta":"","header-above-stick-meta":"","header-main-stick-meta":"","header-below-stick-meta":"","astra-migrate-meta-layouts":"default","ast-page-background-enabled":"default","ast-page-background-meta":{"desktop":{"background-color":"var(--ast-global-color-4)","background-image":"","background-repeat":"repeat","background-position":"center center","background-size":"auto","background-attachment":"scroll","background-type":"","background-media":"","overlay-type":"","overlay-color":"","overlay-opacity":"","overlay-gradient":""},"tablet":{"background-color":"","background-image":"","background-repeat":"repeat","background-position":"center center","background-size":"auto","background-attachment":"scroll","background-type":"","background-media":"","overlay-type":"","overlay-color":"","overlay-opacity":"","overlay-gradient":""},"mobile":{"background-color":"","background-image":"","background-repeat":"repeat","background-position":"center center","background-size":"auto","background-attachment":"scroll","background-type":"","background-media":"","overlay-type":"","overlay-color":"","overlay-opacity":"","overlay-gradient":""}},"ast-content-background-meta":{"desktop":{"background-color":"var(--ast-global-color-5)","background-image":"","background-repeat":"repeat","background-position":"center center","background-size":"auto","background-attachment":"scroll","background-type":"","background-media":"","overlay-type":"","overlay-color":"","overlay-opacity":"","overlay-gradient":""},"tablet":{"background-color":"var(--ast-global-color-5)","background-image":"","background-repeat":"repeat","background-position":"center center","background-size":"auto","background-attachment":"scroll","background-type":"","background-media":"","overlay-type":"","overlay-color":"","overlay-opacity":"","overlay-gradient":""},"mobile":{"background-color":"var(--ast-global-color-5)","background-image":"","background-repeat":"repeat","background-position":"center center","background-size":"auto","background-attachment":"scroll","background-type":"","background-media":"","overlay-type":"","overlay-color":"","overlay-opacity":"","overlay-gradient":""}},"footnotes":""},"categories":[165,872,29],"tags":[258],"class_list":["post-14379","post","type-post","status-publish","format-standard","hentry","category-formacio","category-missatgeria","category-portada","tag-pfz"],"post_mailing_queue_ids":[],"_links":{"self":[{"href":"https:\/\/serveiseducatius.xtec.cat\/badalona\/wp-json\/wp\/v2\/posts\/14379","targetHints":{"allow":["GET"]}}],"collection":[{"href":"https:\/\/serveiseducatius.xtec.cat\/badalona\/wp-json\/wp\/v2\/posts"}],"about":[{"href":"https:\/\/serveiseducatius.xtec.cat\/badalona\/wp-json\/wp\/v2\/types\/post"}],"author":[{"embeddable":true,"href":"https:\/\/serveiseducatius.xtec.cat\/badalona\/wp-json\/wp\/v2\/users\/1"}],"replies":[{"embeddable":true,"href":"https:\/\/serveiseducatius.xtec.cat\/badalona\/wp-json\/wp\/v2\/comments?post=14379"}],"version-history":[{"count":4,"href":"https:\/\/serveiseducatius.xtec.cat\/badalona\/wp-json\/wp\/v2\/posts\/14379\/revisions"}],"predecessor-version":[{"id":16733,"href":"https:\/\/serveiseducatius.xtec.cat\/badalona\/wp-json\/wp\/v2\/posts\/14379\/revisions\/16733"}],"wp:attachment":[{"href":"https:\/\/serveiseducatius.xtec.cat\/badalona\/wp-json\/wp\/v2\/media?parent=14379"}],"wp:term":[{"taxonomy":"category","embeddable":true,"href":"https:\/\/serveiseducatius.xtec.cat\/badalona\/wp-json\/wp\/v2\/categories?post=14379"},{"taxonomy":"post_tag","embeddable":true,"href":"https:\/\/serveiseducatius.xtec.cat\/badalona\/wp-json\/wp\/v2\/tags?post=14379"}],"curies":[{"name":"wp","href":"https:\/\/api.w.org\/{rel}","templated":true}]}}