{"id":14375,"date":"2020-07-14T08:45:08","date_gmt":"2020-07-14T06:45:08","guid":{"rendered":"http:\/\/serveiseducatius.xtec.cat\/badalona\/?p=14375"},"modified":"2020-09-01T02:28:31","modified_gmt":"2020-09-01T00:28:31","slug":"acte-dinauguracio-del-curs-escolar-2020-2021","status":"publish","type":"post","link":"https:\/\/serveiseducatius.xtec.cat\/badalona\/portada\/acte-dinauguracio-del-curs-escolar-2020-2021\/","title":{"rendered":"Acte d&#8217;inauguraci\u00f3 del curs escolar 2020-2021"},"content":{"rendered":"<p><img loading=\"lazy\" decoding=\"async\" class=\" wp-image-14376 alignright\" src=\"https:\/\/serveiseducatius.xtec.cat\/badalona\/wp-content\/uploads\/usu1088\/2020\/07\/boada-e1594627082327.jpg\" alt=\"\" width=\"243\" height=\"137\" \/>L&#8217;<a href=\"https:\/\/serveiseducatius.xtec.cat\/badalona\/wp-content\/uploads\/usu1088\/2020\/07\/Acte-Inici-curs-20-21-8-setembre-A3.pdf\" target=\"_blank\" rel=\"noopener noreferrer\">acte d&#8217;inauguraci\u00f3 del curs escolar 2020-21<\/a>, adre\u00e7at especialment al conjunt de docents i als equips directius dels centres educatius de la ciutat, des de bressol fins a la universitat i obert tamb\u00e9 a tota la comunitat educativa, es far\u00e0 el <strong>dimarts 8 de setembre, de 12 a 13.30 h<\/strong>, de forma no presencial.<\/p>\n<p>Us fem arribar a sota l&#8217;enlla\u00e7 d&#8217;inscripci\u00f3. Un parell de dies abans de l&#8217;acte us farem arribar l&#8217;enlla\u00e7 de la videoconfer\u00e8ncia a tots els inscrits. Des d&#8217;<a href=\"https:\/\/serveiseducatius.xtec.cat\/badalona\/wp-content\/uploads\/usu1088\/2020\/07\/Acte-Inici-curs-20-21-8-setembre-A3.pdf\" target=\"_blank\" rel=\"noopener noreferrer\"><strong>aqu\u00ed<\/strong> <\/a>us podeu <strong>descarregar el cartell de l&#8217;activitat per fer-ne difusi\u00f3 al centre<\/strong>.<\/p>\n<p><strong>INSCRIPCI\u00d3: <\/strong><a href=\"https:\/\/emailfirewall.spamina.com\/atp\/url-check.php?URL=https%3A%2F%2Fja.cat%2Finicicursbdn2021&amp;D=53616c7465645f5f1497d04f8c9a986709283acdcda34c8bc4fa85007ed6ab3d40d896923827e4bb7c8c59fafb7102cfbefdb8732b17881ea76faf1afade67189cc62975040ca0714a4d30d842a707ae&amp;V=1\" target=\"_top\" rel=\"noopener noreferrer\"><u>https:\/\/ja.cat\/inicicursbdn2021<\/u><\/a><\/p>\n<p><strong>ACC\u00c9S A LA VIDEOCONFER\u00c8NCIA: <\/strong><a href=\"https:\/\/ja.cat\/acces-VC-inicicursbdn\" target=\"_blank\" rel=\"noopener noreferrer\">https:\/\/ja.cat\/acces-VC-inicicursbdn<\/a><\/p>\n<p>A l&#8217;acte s&#8217;informar\u00e0 del Pla de Formaci\u00f3 del Professorat i la Guia d&#8217;Activitats Educatives 2020-21, i clour\u00e0 amb la confer\u00e8ncia \u201c<strong>Experimentaci\u00f3 telem\u00e0tica, oportunitat pedag\u00f2gica<\/strong>&#8220;, a c\u00e0rrec de Marc Boada, divulgador cient\u00edfic i expert en ci\u00e8ncia experimental.<\/p>\n<p>Aquests \u00faltims mesos han significat un terratr\u00e8mol en molts \u00e0mbits i l\u2019escola, l\u2019institut i en general la doc\u00e8ncia n\u2019han patit, tamb\u00e9, les conseq\u00fc\u00e8ncies. An\u00e0lisis a banda volem trencar una llan\u00e7a a favor de mantenir viu l\u2019esperit experimental. Potser ens haurem de re-confinar, amb sort tot caminar\u00e0 poc a poc cap a la normalitat, per\u00f2 el que \u00e9s segur \u00e9s que mai hem de deixar d\u2019experimentar. Experimentar per aprendre, per desenvolupar les capacitats d\u2019observaci\u00f3, percepci\u00f3 i transformaci\u00f3 de la mat\u00e8ria. En aquesta xerrada telem\u00e0tica connectarem amb el laboratori d\u2019en Marc Boada des d\u2019on veurem alguns dels recursos que podem utilitzar per continuar ensenyant, encara que sigui a distancia.<\/p>\n<p>L&#8217;acte d\u2019inauguraci\u00f3 del curs escolar 2020-21 est\u00e0 organitzat conjuntament pel Servei Educatiu del DEGC i pel Servei d&#8217;Educaci\u00f3 de l&#8217;Ajuntament de Badalona.<\/p>\n","protected":false},"excerpt":{"rendered":"<p>L&#8217;acte d&#8217;inauguraci\u00f3 del curs escolar 2020-21, adre\u00e7at especialment al conjunt de docents i als equips directius dels centres educatius de [&hellip;]<\/p>\n","protected":false},"author":1,"featured_media":14404,"comment_status":"closed","ping_status":"closed","sticky":false,"template":"","format":"standard","meta":{"_bbp_topic_count":0,"_bbp_reply_count":0,"_bbp_total_topic_count":0,"_bbp_total_reply_count":0,"_bbp_voice_count":0,"_bbp_anonymous_reply_count":0,"_bbp_topic_count_hidden":0,"_bbp_reply_count_hidden":0,"_bbp_forum_subforum_count":0,"site-sidebar-layout":"default","site-content-layout":"","ast-site-content-layout":"","site-content-style":"default","site-sidebar-style":"default","ast-global-header-display":"","ast-banner-title-visibility":"","ast-main-header-display":"","ast-hfb-above-header-display":"","ast-hfb-below-header-display":"","ast-hfb-mobile-header-display":"","site-post-title":"","ast-breadcrumbs-content":"","ast-featured-img":"","footer-sml-layout":"","theme-transparent-header-meta":"","adv-header-id-meta":"","stick-header-meta":"","header-above-stick-meta":"","header-main-stick-meta":"","header-below-stick-meta":"","astra-migrate-meta-layouts":"default","ast-page-background-enabled":"default","ast-page-background-meta":{"desktop":{"background-color":"var(--ast-global-color-4)","background-image":"","background-repeat":"repeat","background-position":"center center","background-size":"auto","background-attachment":"scroll","background-type":"","background-media":"","overlay-type":"","overlay-color":"","overlay-opacity":"","overlay-gradient":""},"tablet":{"background-color":"","background-image":"","background-repeat":"repeat","background-position":"center center","background-size":"auto","background-attachment":"scroll","background-type":"","background-media":"","overlay-type":"","overlay-color":"","overlay-opacity":"","overlay-gradient":""},"mobile":{"background-color":"","background-image":"","background-repeat":"repeat","background-position":"center center","background-size":"auto","background-attachment":"scroll","background-type":"","background-media":"","overlay-type":"","overlay-color":"","overlay-opacity":"","overlay-gradient":""}},"ast-content-background-meta":{"desktop":{"background-color":"var(--ast-global-color-5)","background-image":"","background-repeat":"repeat","background-position":"center center","background-size":"auto","background-attachment":"scroll","background-type":"","background-media":"","overlay-type":"","overlay-color":"","overlay-opacity":"","overlay-gradient":""},"tablet":{"background-color":"var(--ast-global-color-5)","background-image":"","background-repeat":"repeat","background-position":"center center","background-size":"auto","background-attachment":"scroll","background-type":"","background-media":"","overlay-type":"","overlay-color":"","overlay-opacity":"","overlay-gradient":""},"mobile":{"background-color":"var(--ast-global-color-5)","background-image":"","background-repeat":"repeat","background-position":"center center","background-size":"auto","background-attachment":"scroll","background-type":"","background-media":"","overlay-type":"","overlay-color":"","overlay-opacity":"","overlay-gradient":""}},"footnotes":""},"categories":[64,165,29],"tags":[970],"class_list":["post-14375","post","type-post","status-publish","format-standard","has-post-thumbnail","hentry","category-comunitat","category-formacio","category-portada","tag-inici-de-curs"],"post_mailing_queue_ids":[],"_links":{"self":[{"href":"https:\/\/serveiseducatius.xtec.cat\/badalona\/wp-json\/wp\/v2\/posts\/14375","targetHints":{"allow":["GET"]}}],"collection":[{"href":"https:\/\/serveiseducatius.xtec.cat\/badalona\/wp-json\/wp\/v2\/posts"}],"about":[{"href":"https:\/\/serveiseducatius.xtec.cat\/badalona\/wp-json\/wp\/v2\/types\/post"}],"author":[{"embeddable":true,"href":"https:\/\/serveiseducatius.xtec.cat\/badalona\/wp-json\/wp\/v2\/users\/1"}],"replies":[{"embeddable":true,"href":"https:\/\/serveiseducatius.xtec.cat\/badalona\/wp-json\/wp\/v2\/comments?post=14375"}],"version-history":[{"count":3,"href":"https:\/\/serveiseducatius.xtec.cat\/badalona\/wp-json\/wp\/v2\/posts\/14375\/revisions"}],"predecessor-version":[{"id":14436,"href":"https:\/\/serveiseducatius.xtec.cat\/badalona\/wp-json\/wp\/v2\/posts\/14375\/revisions\/14436"}],"wp:featuredmedia":[{"embeddable":true,"href":"https:\/\/serveiseducatius.xtec.cat\/badalona\/wp-json\/wp\/v2\/media\/14404"}],"wp:attachment":[{"href":"https:\/\/serveiseducatius.xtec.cat\/badalona\/wp-json\/wp\/v2\/media?parent=14375"}],"wp:term":[{"taxonomy":"category","embeddable":true,"href":"https:\/\/serveiseducatius.xtec.cat\/badalona\/wp-json\/wp\/v2\/categories?post=14375"},{"taxonomy":"post_tag","embeddable":true,"href":"https:\/\/serveiseducatius.xtec.cat\/badalona\/wp-json\/wp\/v2\/tags?post=14375"}],"curies":[{"name":"wp","href":"https:\/\/api.w.org\/{rel}","templated":true}]}}