{"id":14350,"date":"2020-07-03T09:17:15","date_gmt":"2020-07-03T07:17:15","guid":{"rendered":"http:\/\/serveiseducatius.xtec.cat\/badalona\/?p=14350"},"modified":"2020-07-03T09:17:15","modified_gmt":"2020-07-03T07:17:15","slug":"e-clip-52-1a-quinzena-de-juliol-de-2020-butlleti-deducacio","status":"publish","type":"post","link":"https:\/\/serveiseducatius.xtec.cat\/badalona\/portada\/e-clip-52-1a-quinzena-de-juliol-de-2020-butlleti-deducacio\/","title":{"rendered":"e-clip 52 1a quinzena de juliol de 2020 Butllet\u00ed d&#8217;educaci\u00f3"},"content":{"rendered":"<p><img loading=\"lazy\" decoding=\"async\" class=\"size-full wp-image-14351 alignnone\" src=\"https:\/\/serveiseducatius.xtec.cat\/badalona\/wp-content\/uploads\/usu1088\/2020\/07\/Captura-2.png\" alt=\"\" width=\"597\" height=\"237\" \/><\/p>\n<p><a href=\"http:\/\/badalona.cat\/portalWeb\/getfile?dID=115109&amp;rendition=Web\" target=\"_blank\" rel=\"noopener noreferrer\"><b><strong><span style=\"font-family: Arial;\">Guia d&#8217;Activitats i casals d\u2019estiu<\/span><\/strong><\/b><\/a><\/p>\n<p><a href=\"http:\/\/badalona.cat\/portalWeb\/getfile?dID=115129&amp;rendition=web\" target=\"_blank\" rel=\"noopener noreferrer\"><b><strong><span style=\"font-family: Arial;\">Obrim el pati al barri<\/span><\/strong><\/b><\/a><\/p>\n<p><b><strong><span style=\"font-family: Arial;\">Saltem junts a 1r<\/span><\/strong><\/b><\/p>\n<p><span style=\"font-family: Arial;\">Aquest \u00e9s un projecte d&#8217;acompanyament educatiu durant el salt a l&#8217;ESO, en temps d&#8217;estiu i fins a l&#8217;inici del proper curs. S&#8217;adre\u00e7a a nois i noies de 6\u00e8 de les escoles Joan LLongueras, Joan Mir\u00f3, Llorens Artigas, Merc\u00e8 Rodoreda i Pau Picasso, matriculats a 1r d&#8217;ESO als Instituts La Pineda i Pau Casals, i a alumnes de 1r d&#8217;ESO d&#8217;aquests dos centres. Est\u00e0 organitzat per les Comissions territorials de la Xarxa educativa de Lloreda i de Sant Crist. Les activitats es fan a l&#8217;institut Pau Casals, en dues quinzenes: del 29 de juny fins el 19 de juliol, i del 13 al 24 de juliol, de 9.30 a 13.30 h.<\/span><b><strong><span style=\"font-family: Arial;\"><br \/>\n<\/span><\/strong><\/b><\/p>\n<p><a href=\"https:\/\/serveiseducatius.xtec.cat\/badalona\/categoria\/dinamitzacio\/jornades-cientifiques\/\" target=\"_blank\" rel=\"noopener noreferrer\"><b><strong><span style=\"font-family: Arial;\">CIB 2020-21<\/span><\/strong><\/b><\/a><\/p>\n<p><a href=\"http:\/\/badalona.cat\/portalWeb\/badalona.portal?_nfpb=true&amp;_pageLabel=contingut_estatic&amp;dCollectionID=3489#wlp_contingut_estatic\" target=\"_blank\" rel=\"noopener noreferrer\"><b><strong><span style=\"font-family: Arial;\">Curs 2020-21 Tornem-hi!<\/span><\/strong><\/b><\/a><\/p>\n<p><a href=\"https:\/\/serveiseducatius.xtec.cat\/badalona\/categoria\/dinamitzacio\/jornades-cientifiques\/\" target=\"_blank\" rel=\"noopener noreferrer\"><b><strong><span style=\"font-family: Arial;\">Jornades Cient\u00edfiques d\u2019ensenyament secundari de Badalona<\/span><\/strong><\/b><\/a><\/p>\n<p><a href=\"http:\/\/badalona.cat\/portalWeb\/badalona.portal?_nfpb=true&amp;_pageLabel=contingut_estatic&amp;dCollectionID=4126#wlp_contingut_estatic\" target=\"_blank\" rel=\"noopener noreferrer\"><b><strong><span style=\"font-family: Arial;\">Educaci\u00f3 360 a temps complet<\/span><\/strong><\/b><\/a><\/p>\n<p><a href=\"https:\/\/www.edcities.org\/ca\/carta-de-ciutats-educadores\/\" target=\"_blank\" rel=\"noopener noreferrer\"><b><strong><span style=\"font-family: Arial;\">Badalona ciutat educadora<\/span><\/strong><\/b><\/a><\/p>\n<p>&nbsp;<\/p>\n","protected":false},"excerpt":{"rendered":"<p>Guia d&#8217;Activitats i casals d\u2019estiu Obrim el pati al barri Saltem junts a 1r Aquest \u00e9s un projecte d&#8217;acompanyament educatiu [&hellip;]<\/p>\n","protected":false},"author":15,"featured_media":14351,"comment_status":"closed","ping_status":"closed","sticky":false,"template":"","format":"standard","meta":{"_bbp_topic_count":0,"_bbp_reply_count":0,"_bbp_total_topic_count":0,"_bbp_total_reply_count":0,"_bbp_voice_count":0,"_bbp_anonymous_reply_count":0,"_bbp_topic_count_hidden":0,"_bbp_reply_count_hidden":0,"_bbp_forum_subforum_count":0,"site-sidebar-layout":"default","site-content-layout":"","ast-site-content-layout":"","site-content-style":"default","site-sidebar-style":"default","ast-global-header-display":"","ast-banner-title-visibility":"","ast-main-header-display":"","ast-hfb-above-header-display":"","ast-hfb-below-header-display":"","ast-hfb-mobile-header-display":"","site-post-title":"","ast-breadcrumbs-content":"","ast-featured-img":"","footer-sml-layout":"","theme-transparent-header-meta":"","adv-header-id-meta":"","stick-header-meta":"","header-above-stick-meta":"","header-main-stick-meta":"","header-below-stick-meta":"","astra-migrate-meta-layouts":"default","ast-page-background-enabled":"default","ast-page-background-meta":{"desktop":{"background-color":"var(--ast-global-color-4)","background-image":"","background-repeat":"repeat","background-position":"center center","background-size":"auto","background-attachment":"scroll","background-type":"","background-media":"","overlay-type":"","overlay-color":"","overlay-opacity":"","overlay-gradient":""},"tablet":{"background-color":"","background-image":"","background-repeat":"repeat","background-position":"center center","background-size":"auto","background-attachment":"scroll","background-type":"","background-media":"","overlay-type":"","overlay-color":"","overlay-opacity":"","overlay-gradient":""},"mobile":{"background-color":"","background-image":"","background-repeat":"repeat","background-position":"center center","background-size":"auto","background-attachment":"scroll","background-type":"","background-media":"","overlay-type":"","overlay-color":"","overlay-opacity":"","overlay-gradient":""}},"ast-content-background-meta":{"desktop":{"background-color":"var(--ast-global-color-5)","background-image":"","background-repeat":"repeat","background-position":"center center","background-size":"auto","background-attachment":"scroll","background-type":"","background-media":"","overlay-type":"","overlay-color":"","overlay-opacity":"","overlay-gradient":""},"tablet":{"background-color":"var(--ast-global-color-5)","background-image":"","background-repeat":"repeat","background-position":"center center","background-size":"auto","background-attachment":"scroll","background-type":"","background-media":"","overlay-type":"","overlay-color":"","overlay-opacity":"","overlay-gradient":""},"mobile":{"background-color":"var(--ast-global-color-5)","background-image":"","background-repeat":"repeat","background-position":"center center","background-size":"auto","background-attachment":"scroll","background-type":"","background-media":"","overlay-type":"","overlay-color":"","overlay-opacity":"","overlay-gradient":""}},"footnotes":""},"categories":[29],"tags":[],"class_list":["post-14350","post","type-post","status-publish","format-standard","has-post-thumbnail","hentry","category-portada"],"post_mailing_queue_ids":[],"_links":{"self":[{"href":"https:\/\/serveiseducatius.xtec.cat\/badalona\/wp-json\/wp\/v2\/posts\/14350","targetHints":{"allow":["GET"]}}],"collection":[{"href":"https:\/\/serveiseducatius.xtec.cat\/badalona\/wp-json\/wp\/v2\/posts"}],"about":[{"href":"https:\/\/serveiseducatius.xtec.cat\/badalona\/wp-json\/wp\/v2\/types\/post"}],"author":[{"embeddable":true,"href":"https:\/\/serveiseducatius.xtec.cat\/badalona\/wp-json\/wp\/v2\/users\/15"}],"replies":[{"embeddable":true,"href":"https:\/\/serveiseducatius.xtec.cat\/badalona\/wp-json\/wp\/v2\/comments?post=14350"}],"version-history":[{"count":2,"href":"https:\/\/serveiseducatius.xtec.cat\/badalona\/wp-json\/wp\/v2\/posts\/14350\/revisions"}],"predecessor-version":[{"id":14353,"href":"https:\/\/serveiseducatius.xtec.cat\/badalona\/wp-json\/wp\/v2\/posts\/14350\/revisions\/14353"}],"wp:featuredmedia":[{"embeddable":true,"href":"https:\/\/serveiseducatius.xtec.cat\/badalona\/wp-json\/wp\/v2\/media\/14351"}],"wp:attachment":[{"href":"https:\/\/serveiseducatius.xtec.cat\/badalona\/wp-json\/wp\/v2\/media?parent=14350"}],"wp:term":[{"taxonomy":"category","embeddable":true,"href":"https:\/\/serveiseducatius.xtec.cat\/badalona\/wp-json\/wp\/v2\/categories?post=14350"},{"taxonomy":"post_tag","embeddable":true,"href":"https:\/\/serveiseducatius.xtec.cat\/badalona\/wp-json\/wp\/v2\/tags?post=14350"}],"curies":[{"name":"wp","href":"https:\/\/api.w.org\/{rel}","templated":true}]}}