{"id":14309,"date":"2020-06-22T12:02:41","date_gmt":"2020-06-22T10:02:41","guid":{"rendered":"http:\/\/serveiseducatius.xtec.cat\/badalona\/?p=14309"},"modified":"2020-06-25T13:37:19","modified_gmt":"2020-06-25T11:37:19","slug":"ice-udl-jornada-entreteixint-experiencies-els-reptes-duna-docencia-confinada-2-i-3-de-juliol","status":"publish","type":"post","link":"https:\/\/serveiseducatius.xtec.cat\/badalona\/portada\/ice-udl-jornada-entreteixint-experiencies-els-reptes-duna-docencia-confinada-2-i-3-de-juliol\/","title":{"rendered":"ICE-UdL.- Jornada: Entreteixint experi\u00e8ncies. Els reptes d&#8217;una doc\u00e8ncia confinada 2 i 3 de juliol"},"content":{"rendered":"<p><img loading=\"lazy\" decoding=\"async\" class=\"alignnone size-full wp-image-14312\" src=\"https:\/\/serveiseducatius.xtec.cat\/badalona\/wp-content\/uploads\/usu1088\/2020\/06\/Captura.png\" alt=\"\" width=\"397\" height=\"529\" \/><\/p>\n<p><span style=\"font-family: arial, sans-serif;\">L&#8217;<b>objectiu<\/b>\u00a0de les Jornades \u00e9s el de compartir experi\u00e8ncies viscudes en aquests darrers mesos a Infantil, a la Prim\u00e0ria, a l\u2019ESO, al Batxillerat i a la FP.\u00a0 En aquest darrer trimestre molt complicat a tots els nivells, hem hagut d&#8217;aprendre r\u00e0pid i hem vist i viscut l&#8217;escola i l&#8217;educaci\u00f3 d&#8217;una manera diferent. Sovint ha calgut assajar i equivocar-nos per saber qu\u00e8 pod\u00edem i qu\u00e8 no pod\u00edem fer.<\/span><\/p>\n<p><span style=\"font-family: arial, sans-serif;\">Ara, despr\u00e9s d&#8217;aquests mesos, tenim experi\u00e8ncies valuoses que val la pena compartir. No les podem desaprofitar. Per aix\u00f2 us animem a trobar-nos els dies 2 i 3 de juliol, encara que sigui\u00a0<b>virtualment<\/b>, per aprendre els uns dels altres, enriquir-nos junts i inspirar-nos de cara al nou curs.<\/span><\/p>\n<p><span style=\"font-family: arial, sans-serif;\">En la jornada del dia 3 de juliol, comptarem amb reflexions i veus d\u2019experts com la Coral Reg\u00ed (directora de l\u2019escola Virolai de Barcelona), el Xavier L\u00f3pez, (director de l&#8217;ESC Octavio Paz de Barcelona) i la Dolors Queralt i l&#8217;Alberto Esteban (equip directiu de l&#8217;Institut-Escola Daniel Mangran\u00e9, de Roquetes-Jes\u00fas). Tot un luxe!<\/span><\/p>\n<p><span style=\"font-family: arial, sans-serif;\">A la\u00a0<a href=\"http:\/\/www.ice.udl.cat\/ca\/noticies\/agenda\/Jornada-ENTRETEIXINT-EXPERIENCIES\/\" target=\"_blank\" rel=\"noopener noreferrer\" data-saferedirecturl=\"https:\/\/www.google.com\/url?q=http:\/\/www.ice.udl.cat\/ca\/noticies\/agenda\/Jornada-ENTRETEIXINT-EXPERIENCIES\/&amp;source=gmail&amp;ust=1592905333933000&amp;usg=AFQjCNEVV7DxG4J4wj5e1wSZNdeqVsY8yA\"><b>web de l\u2019ICE<\/b><\/a>\u00a0de la UdL trobareu informaci\u00f3 complement\u00e0ria i del vostre inter\u00e8s<\/span><\/p>\n<p><b><span style=\"font-family: arial,                      sans-serif;\"><u>Dades d\u2019agenda<\/u>:<\/span><\/b><\/p>\n<ul>\n<li><b>Dates de la Jornada<\/b>: 2 i 3 de juliol.<\/li>\n<li><b>Hora<\/b>: 10 del mat\u00ed.<\/li>\n<li><b>Inscripci\u00f3<\/b>:\u00a0\u00a0<b><a href=\"https:\/\/urlzs.com\/YQZrQ\" target=\"_blank\" rel=\"noopener noreferrer\" data-saferedirecturl=\"https:\/\/www.google.com\/url?q=https:\/\/urlzs.com\/YQZrQ&amp;source=gmail&amp;ust=1592905333933000&amp;usg=AFQjCNHnsxOc4HsPA1MlGVOL7U6Q4hCz8A\">https:\/\/urlzs.<wbr \/>com\/YQZrQ<\/a><\/b><\/li>\n<li><b>Cartell de la jornada<\/b>:\u00a0<b><a href=\"https:\/\/urlzs.com\/UKdpe\" target=\"_blank\" rel=\"noopener noreferrer\" data-saferedirecturl=\"https:\/\/www.google.com\/url?q=https:\/\/urlzs.com\/UKdpe&amp;source=gmail&amp;ust=1592905333933000&amp;usg=AFQjCNEeDH9wY_5BU5eoUnWNgwGeB871RA\">https:\/\/urlzs.com\/<wbr \/>UKdpe<\/a><\/b><\/li>\n<li><b>Programa i acc\u00e9s a les sales virtuals:\u00a0<\/b><a href=\"https:\/\/urlzs.com\/EYwEq\" target=\"_blank\" rel=\"noopener noreferrer\" data-saferedirecturl=\"https:\/\/www.google.com\/url?q=https:\/\/urlzs.com\/EYwEq&amp;source=gmail&amp;ust=1592905333934000&amp;usg=AFQjCNF7Sr-nhxMwlZnVoFNhVwkobLEydQ\"><b>https:\/\/urlzs.com\/<wbr \/>EYwEq<\/b><\/a><\/li>\n<\/ul>\n<p><span style=\"font-family: arial, sans-serif;\">\u00a0<\/span><\/p>\n<p><span style=\"font-family: arial, sans-serif;\">\u00a0<\/span><\/p>\n<p><span style=\"font-family: arial, sans-serif;\">Us hi esperem!<\/span><\/p>\n<p><span style=\"font-family: arial, sans-serif;\">\u00a0<\/span><\/p>\n<p><span style=\"font-family: arial, sans-serif;\">Rebeu una cordial salutaci\u00f3,<\/span><\/p>\n","protected":false},"excerpt":{"rendered":"<p>L&#8217;objectiu\u00a0de les Jornades \u00e9s el de compartir experi\u00e8ncies viscudes en aquests darrers mesos a Infantil, a la Prim\u00e0ria, a l\u2019ESO, [&hellip;]<\/p>\n","protected":false},"author":15,"featured_media":14312,"comment_status":"closed","ping_status":"closed","sticky":false,"template":"","format":"standard","meta":{"_bbp_topic_count":0,"_bbp_reply_count":0,"_bbp_total_topic_count":0,"_bbp_total_reply_count":0,"_bbp_voice_count":0,"_bbp_anonymous_reply_count":0,"_bbp_topic_count_hidden":0,"_bbp_reply_count_hidden":0,"_bbp_forum_subforum_count":0,"site-sidebar-layout":"default","site-content-layout":"","ast-site-content-layout":"","site-content-style":"default","site-sidebar-style":"default","ast-global-header-display":"","ast-banner-title-visibility":"","ast-main-header-display":"","ast-hfb-above-header-display":"","ast-hfb-below-header-display":"","ast-hfb-mobile-header-display":"","site-post-title":"","ast-breadcrumbs-content":"","ast-featured-img":"","footer-sml-layout":"","theme-transparent-header-meta":"","adv-header-id-meta":"","stick-header-meta":"","header-above-stick-meta":"","header-main-stick-meta":"","header-below-stick-meta":"","astra-migrate-meta-layouts":"default","ast-page-background-enabled":"default","ast-page-background-meta":{"desktop":{"background-color":"var(--ast-global-color-4)","background-image":"","background-repeat":"repeat","background-position":"center center","background-size":"auto","background-attachment":"scroll","background-type":"","background-media":"","overlay-type":"","overlay-color":"","overlay-opacity":"","overlay-gradient":""},"tablet":{"background-color":"","background-image":"","background-repeat":"repeat","background-position":"center center","background-size":"auto","background-attachment":"scroll","background-type":"","background-media":"","overlay-type":"","overlay-color":"","overlay-opacity":"","overlay-gradient":""},"mobile":{"background-color":"","background-image":"","background-repeat":"repeat","background-position":"center center","background-size":"auto","background-attachment":"scroll","background-type":"","background-media":"","overlay-type":"","overlay-color":"","overlay-opacity":"","overlay-gradient":""}},"ast-content-background-meta":{"desktop":{"background-color":"var(--ast-global-color-5)","background-image":"","background-repeat":"repeat","background-position":"center center","background-size":"auto","background-attachment":"scroll","background-type":"","background-media":"","overlay-type":"","overlay-color":"","overlay-opacity":"","overlay-gradient":""},"tablet":{"background-color":"var(--ast-global-color-5)","background-image":"","background-repeat":"repeat","background-position":"center center","background-size":"auto","background-attachment":"scroll","background-type":"","background-media":"","overlay-type":"","overlay-color":"","overlay-opacity":"","overlay-gradient":""},"mobile":{"background-color":"var(--ast-global-color-5)","background-image":"","background-repeat":"repeat","background-position":"center center","background-size":"auto","background-attachment":"scroll","background-type":"","background-media":"","overlay-type":"","overlay-color":"","overlay-opacity":"","overlay-gradient":""}},"footnotes":""},"categories":[29],"tags":[1181],"class_list":["post-14309","post","type-post","status-publish","format-standard","has-post-thumbnail","hentry","category-portada","tag-formacio-estiu"],"post_mailing_queue_ids":[],"_links":{"self":[{"href":"https:\/\/serveiseducatius.xtec.cat\/badalona\/wp-json\/wp\/v2\/posts\/14309","targetHints":{"allow":["GET"]}}],"collection":[{"href":"https:\/\/serveiseducatius.xtec.cat\/badalona\/wp-json\/wp\/v2\/posts"}],"about":[{"href":"https:\/\/serveiseducatius.xtec.cat\/badalona\/wp-json\/wp\/v2\/types\/post"}],"author":[{"embeddable":true,"href":"https:\/\/serveiseducatius.xtec.cat\/badalona\/wp-json\/wp\/v2\/users\/15"}],"replies":[{"embeddable":true,"href":"https:\/\/serveiseducatius.xtec.cat\/badalona\/wp-json\/wp\/v2\/comments?post=14309"}],"version-history":[{"count":1,"href":"https:\/\/serveiseducatius.xtec.cat\/badalona\/wp-json\/wp\/v2\/posts\/14309\/revisions"}],"predecessor-version":[{"id":14313,"href":"https:\/\/serveiseducatius.xtec.cat\/badalona\/wp-json\/wp\/v2\/posts\/14309\/revisions\/14313"}],"wp:featuredmedia":[{"embeddable":true,"href":"https:\/\/serveiseducatius.xtec.cat\/badalona\/wp-json\/wp\/v2\/media\/14312"}],"wp:attachment":[{"href":"https:\/\/serveiseducatius.xtec.cat\/badalona\/wp-json\/wp\/v2\/media?parent=14309"}],"wp:term":[{"taxonomy":"category","embeddable":true,"href":"https:\/\/serveiseducatius.xtec.cat\/badalona\/wp-json\/wp\/v2\/categories?post=14309"},{"taxonomy":"post_tag","embeddable":true,"href":"https:\/\/serveiseducatius.xtec.cat\/badalona\/wp-json\/wp\/v2\/tags?post=14309"}],"curies":[{"name":"wp","href":"https:\/\/api.w.org\/{rel}","templated":true}]}}