{"id":14266,"date":"2020-06-12T08:26:28","date_gmt":"2020-06-12T06:26:28","guid":{"rendered":"http:\/\/serveiseducatius.xtec.cat\/badalona\/?p=14266"},"modified":"2020-06-12T21:16:15","modified_gmt":"2020-06-12T19:16:15","slug":"formacio-destiu-del-programa-educac-curs-en-linia-de-20-hores-reconegut-dins-del-pla-de-formacio-permanent-del-departament-deducacio","status":"publish","type":"post","link":"https:\/\/serveiseducatius.xtec.cat\/badalona\/portada\/formacio-destiu-del-programa-educac-curs-en-linia-de-20-hores-reconegut-dins-del-pla-de-formacio-permanent-del-departament-deducacio\/","title":{"rendered":"Formaci\u00f3 d&#8217;estiu del programa eduCAC. Curs en l\u00ednia de 20 hores reconegut dins del Pla de Formaci\u00f3 Permanent del Departament d&#8217;Educaci\u00f3"},"content":{"rendered":"<p><img loading=\"lazy\" decoding=\"async\" class=\"size-full wp-image-14267 alignnone\" src=\"https:\/\/serveiseducatius.xtec.cat\/badalona\/wp-content\/uploads\/usu1088\/2020\/06\/educ.png\" alt=\"\" width=\"245\" height=\"126\" \/><\/p>\n<h4 class=\"text-align-center\">FORMACI\u00d3 D&#8217;ESTIU 2020<\/h4>\n<h5 class=\"corrector-titulo\"><a href=\"https:\/\/www.educac.cat\/professorat\/formacio\/qui-em-crec-propostes-didactiques-nvegar-lentorn-comunicatiu\" target=\"_blank\" rel=\"noopener noreferrer\">A qui em crec? Propostes did\u00e0ctiques per n@vegar per l\u2019entorn comunicatiu<\/a><\/h5>\n<p>Aquest estiu participem en la 47a edici\u00f3 de l&#8217;<a href=\"https:\/\/www.cdl.cat\/oferta-formativa-escola-destiu\" target=\"_blank\" rel=\"noopener noreferrer\">Escola d&#8217;Estiu 2020 en l\u00ednia<\/a>\u00a0del Col\u00b7legi Oficial de Doctors i Llicenciats en Filosofia i Lletres i en Ci\u00e8ncies de Catalunya (CDL) que, arran de la situaci\u00f3 excepcional que suposa la crisi sanit\u00e0ria per la COVID-19, es far\u00e0 exclusivament en l\u00ednia.\u00a0<\/p>\n<p>Ens trobareu dintre de la secci\u00f3\u00a0<a href=\"https:\/\/www.cdl.cat\/oferta-formativa-escola-destiu#aT7\" target=\"_blank\" rel=\"noopener noreferrer\">Aprenentatge amb tecnologies digitals<\/a>\u00a0i la inscripci\u00f3 la podreu realitzar des del web del CDL.\u00a0<\/p>\n<p class=\"text-align-center\">Curs de 20 hores reconegut\u00a0dins del Pla de Formaci\u00f3 Permanent del Departament d&#8217;Educaci\u00f3.\u00a0<\/p>\n","protected":false},"excerpt":{"rendered":"<p>FORMACI\u00d3 D&#8217;ESTIU 2020 A qui em crec? Propostes did\u00e0ctiques per n@vegar per l\u2019entorn comunicatiu Aquest estiu participem en la 47a [&hellip;]<\/p>\n","protected":false},"author":15,"featured_media":14267,"comment_status":"closed","ping_status":"closed","sticky":false,"template":"","format":"standard","meta":{"_bbp_topic_count":0,"_bbp_reply_count":0,"_bbp_total_topic_count":0,"_bbp_total_reply_count":0,"_bbp_voice_count":0,"_bbp_anonymous_reply_count":0,"_bbp_topic_count_hidden":0,"_bbp_reply_count_hidden":0,"_bbp_forum_subforum_count":0,"site-sidebar-layout":"default","site-content-layout":"","ast-site-content-layout":"","site-content-style":"default","site-sidebar-style":"default","ast-global-header-display":"","ast-banner-title-visibility":"","ast-main-header-display":"","ast-hfb-above-header-display":"","ast-hfb-below-header-display":"","ast-hfb-mobile-header-display":"","site-post-title":"","ast-breadcrumbs-content":"","ast-featured-img":"","footer-sml-layout":"","theme-transparent-header-meta":"","adv-header-id-meta":"","stick-header-meta":"","header-above-stick-meta":"","header-main-stick-meta":"","header-below-stick-meta":"","astra-migrate-meta-layouts":"default","ast-page-background-enabled":"default","ast-page-background-meta":{"desktop":{"background-color":"var(--ast-global-color-4)","background-image":"","background-repeat":"repeat","background-position":"center center","background-size":"auto","background-attachment":"scroll","background-type":"","background-media":"","overlay-type":"","overlay-color":"","overlay-opacity":"","overlay-gradient":""},"tablet":{"background-color":"","background-image":"","background-repeat":"repeat","background-position":"center center","background-size":"auto","background-attachment":"scroll","background-type":"","background-media":"","overlay-type":"","overlay-color":"","overlay-opacity":"","overlay-gradient":""},"mobile":{"background-color":"","background-image":"","background-repeat":"repeat","background-position":"center center","background-size":"auto","background-attachment":"scroll","background-type":"","background-media":"","overlay-type":"","overlay-color":"","overlay-opacity":"","overlay-gradient":""}},"ast-content-background-meta":{"desktop":{"background-color":"var(--ast-global-color-5)","background-image":"","background-repeat":"repeat","background-position":"center center","background-size":"auto","background-attachment":"scroll","background-type":"","background-media":"","overlay-type":"","overlay-color":"","overlay-opacity":"","overlay-gradient":""},"tablet":{"background-color":"var(--ast-global-color-5)","background-image":"","background-repeat":"repeat","background-position":"center center","background-size":"auto","background-attachment":"scroll","background-type":"","background-media":"","overlay-type":"","overlay-color":"","overlay-opacity":"","overlay-gradient":""},"mobile":{"background-color":"var(--ast-global-color-5)","background-image":"","background-repeat":"repeat","background-position":"center center","background-size":"auto","background-attachment":"scroll","background-type":"","background-media":"","overlay-type":"","overlay-color":"","overlay-opacity":"","overlay-gradient":""}},"footnotes":""},"categories":[29],"tags":[1181],"class_list":["post-14266","post","type-post","status-publish","format-standard","has-post-thumbnail","hentry","category-portada","tag-formacio-estiu"],"post_mailing_queue_ids":[],"_links":{"self":[{"href":"https:\/\/serveiseducatius.xtec.cat\/badalona\/wp-json\/wp\/v2\/posts\/14266","targetHints":{"allow":["GET"]}}],"collection":[{"href":"https:\/\/serveiseducatius.xtec.cat\/badalona\/wp-json\/wp\/v2\/posts"}],"about":[{"href":"https:\/\/serveiseducatius.xtec.cat\/badalona\/wp-json\/wp\/v2\/types\/post"}],"author":[{"embeddable":true,"href":"https:\/\/serveiseducatius.xtec.cat\/badalona\/wp-json\/wp\/v2\/users\/15"}],"replies":[{"embeddable":true,"href":"https:\/\/serveiseducatius.xtec.cat\/badalona\/wp-json\/wp\/v2\/comments?post=14266"}],"version-history":[{"count":1,"href":"https:\/\/serveiseducatius.xtec.cat\/badalona\/wp-json\/wp\/v2\/posts\/14266\/revisions"}],"predecessor-version":[{"id":14268,"href":"https:\/\/serveiseducatius.xtec.cat\/badalona\/wp-json\/wp\/v2\/posts\/14266\/revisions\/14268"}],"wp:featuredmedia":[{"embeddable":true,"href":"https:\/\/serveiseducatius.xtec.cat\/badalona\/wp-json\/wp\/v2\/media\/14267"}],"wp:attachment":[{"href":"https:\/\/serveiseducatius.xtec.cat\/badalona\/wp-json\/wp\/v2\/media?parent=14266"}],"wp:term":[{"taxonomy":"category","embeddable":true,"href":"https:\/\/serveiseducatius.xtec.cat\/badalona\/wp-json\/wp\/v2\/categories?post=14266"},{"taxonomy":"post_tag","embeddable":true,"href":"https:\/\/serveiseducatius.xtec.cat\/badalona\/wp-json\/wp\/v2\/tags?post=14266"}],"curies":[{"name":"wp","href":"https:\/\/api.w.org\/{rel}","templated":true}]}}