{"id":14260,"date":"2020-06-11T18:31:37","date_gmt":"2020-06-11T16:31:37","guid":{"rendered":"http:\/\/serveiseducatius.xtec.cat\/badalona\/?p=14260"},"modified":"2020-06-12T21:16:20","modified_gmt":"2020-06-12T19:16:20","slug":"jornada-patt-educacio-amb-lentorn-i-desenvolupament-rural-presentacio-de-recursos-pedagogics-dels-projectes-leader","status":"publish","type":"post","link":"https:\/\/serveiseducatius.xtec.cat\/badalona\/general\/jornada-patt-educacio-amb-lentorn-i-desenvolupament-rural-presentacio-de-recursos-pedagogics-dels-projectes-leader\/","title":{"rendered":"Jornada PATT &#8220;Educaci\u00f3 amb l\u2019entorn i desenvolupament rural. Presentaci\u00f3 de recursos pedag\u00f2gics dels projectes Leader&#8221;"},"content":{"rendered":"<p><img loading=\"lazy\" decoding=\"async\" class=\"size-full wp-image-14261 alignleft\" src=\"https:\/\/serveiseducatius.xtec.cat\/badalona\/wp-content\/uploads\/usu1088\/2020\/06\/logo_jornada_patt.png\" alt=\"\" width=\"365\" height=\"243\" srcset=\"https:\/\/serveiseducatius.xtec.cat\/badalona\/wp-content\/uploads\/usu1088\/2020\/06\/logo_jornada_patt.png 365w, https:\/\/serveiseducatius.xtec.cat\/badalona\/wp-content\/uploads\/usu1088\/2020\/06\/logo_jornada_patt-300x200.png 300w\" sizes=\"auto, (max-width: 365px) 100vw, 365px\" \/><\/p>\n<p>Ens plau fer-vos arribar la informaci\u00f3 de\u00a0la jornada PATT online\u00a0<strong>&#8220;Educaci\u00f3 amb l\u2019entorn i desenvolupament rural. Presentaci\u00f3 de recursos pedag\u00f2gics dels projectes Leader&#8221;\u00a0<\/strong>perqu\u00e8 en feu difusi\u00f3.\u00a0<\/p>\n<p>Aquesta activitat es\u00a0dur\u00e0 a terme el\u00a0\u00a0<strong>dilluns 29 de juny a les 11:00h<\/strong>\u00a0i est\u00e0 organitzada per l&#8217;<em>Associaci\u00f3 d&#8217;Iniciatives Rurals de Catalunya (ARCA)<\/em>, amb la col\u00b7laboraci\u00f3 de l&#8217;<em>Associaci\u00f3 Leader de Ponent<\/em>,\u00a0<em>el Consorci GAL Noguera-Segri\u00e0 Nord<\/em>\u00a0i el programa\u00a0d&#8217;<em>Escoles Verdes<\/em>. Us adjuntem el\u00a0<strong><a href=\"http:\/\/www.desenvolupamentrural.cat\/system\/uploads\/attachment\/nv_asset\/4623\/programa_patt_educacio_29062020_def.pdf\" data-saferedirecturl=\"https:\/\/www.google.com\/url?q=http:\/\/www.desenvolupamentrural.cat\/system\/uploads\/attachment\/nv_asset\/4623\/programa_patt_educacio_29062020_def.pdf&amp;source=gmail&amp;ust=1591953711392000&amp;usg=AFQjCNF6O8NyaEY93UqCMmLIsXpp-nrasg\">programa<\/a><\/strong>.<\/p>\n<p>En aquesta jornada, es tindr\u00e0 la sort de comptar, entre d&#8217;altres ponents, amb<strong>\u00a0<\/strong>el<strong>\u00a0<u><a href=\"https:\/\/ca.wikipedia.org\/wiki\/Francesco_Tonucci\" data-saferedirecturl=\"https:\/\/www.google.com\/url?q=https:\/\/ca.wikipedia.org\/wiki\/Francesco_Tonucci&amp;source=gmail&amp;ust=1591953711392000&amp;usg=AFQjCNHQLjyzjCmhCv6J9vNDv1KH8yREZg\">Sr. Francesco Tonucci<\/a><\/u><\/strong>, pedagog de refer\u00e8ncia i membre de l\u2019<em>Istituto di Scienze e Tecnologie della Cognizione\u00a0<\/em>itali\u00e0, que parlar\u00e0\u00a0sobre\u00a0<strong>l\u2019educaci\u00f3 vivencial a partir de l\u2019entorn com a eina de desenvolupament rural<\/strong>.<\/p>\n<p>Per assistir-hi,\u00a0<strong>cal inscriure&#8217;s pr\u00e8viament a trav\u00e9s del seg\u00fcent enlla\u00e7: \u00a0<a href=\"https:\/\/forms.gle\/qcjfR3T7uhxU7hLf7\" data-saferedirecturl=\"https:\/\/www.google.com\/url?q=https:\/\/forms.gle\/qcjfR3T7uhxU7hLf7&amp;source=gmail&amp;ust=1591953711392000&amp;usg=AFQjCNFXK7OaSjNk6mcr71bMO1zG2qL1_g\">https:\/\/forms.gle\/qcjfR3T7uhxU7hLf7<\/a><\/strong><\/p>\n<p>L&#8217;assist\u00e8ncia a la jornada \u00e9s limitada i seguir\u00e0 l&#8217;ordre d&#8217;inscripci\u00f3 dels participants. Un cop realitzada la inscripci\u00f3, s&#8217;enviar\u00e0 un correu electr\u00f2nic de confirmaci\u00f3, aix\u00ed com l&#8217;enlla\u00e7 per accedir a la jornada, que es far\u00e0 a trav\u00e9s de la\u00a0<strong>plataforma Meet<\/strong>\u00a0de Google.<\/p>\n<p>Per dubtes o consultes, podeu enviar un correu a\u00a0<a href=\"mailto:innovacio@arca-dr.cat\">innovacio@arca-dr<\/a><\/p>\n","protected":false},"excerpt":{"rendered":"<p>Ens plau fer-vos arribar la informaci\u00f3 de\u00a0la jornada PATT online\u00a0&#8220;Educaci\u00f3 amb l\u2019entorn i desenvolupament rural. Presentaci\u00f3 de recursos pedag\u00f2gics dels [&hellip;]<\/p>\n","protected":false},"author":1,"featured_media":14261,"comment_status":"closed","ping_status":"closed","sticky":false,"template":"","format":"standard","meta":{"_bbp_topic_count":0,"_bbp_reply_count":0,"_bbp_total_topic_count":0,"_bbp_total_reply_count":0,"_bbp_voice_count":0,"_bbp_anonymous_reply_count":0,"_bbp_topic_count_hidden":0,"_bbp_reply_count_hidden":0,"_bbp_forum_subforum_count":0,"site-sidebar-layout":"default","site-content-layout":"","ast-site-content-layout":"","site-content-style":"default","site-sidebar-style":"default","ast-global-header-display":"","ast-banner-title-visibility":"","ast-main-header-display":"","ast-hfb-above-header-display":"","ast-hfb-below-header-display":"","ast-hfb-mobile-header-display":"","site-post-title":"","ast-breadcrumbs-content":"","ast-featured-img":"","footer-sml-layout":"","theme-transparent-header-meta":"","adv-header-id-meta":"","stick-header-meta":"","header-above-stick-meta":"","header-main-stick-meta":"","header-below-stick-meta":"","astra-migrate-meta-layouts":"default","ast-page-background-enabled":"default","ast-page-background-meta":{"desktop":{"background-color":"var(--ast-global-color-4)","background-image":"","background-repeat":"repeat","background-position":"center center","background-size":"auto","background-attachment":"scroll","background-type":"","background-media":"","overlay-type":"","overlay-color":"","overlay-opacity":"","overlay-gradient":""},"tablet":{"background-color":"","background-image":"","background-repeat":"repeat","background-position":"center center","background-size":"auto","background-attachment":"scroll","background-type":"","background-media":"","overlay-type":"","overlay-color":"","overlay-opacity":"","overlay-gradient":""},"mobile":{"background-color":"","background-image":"","background-repeat":"repeat","background-position":"center center","background-size":"auto","background-attachment":"scroll","background-type":"","background-media":"","overlay-type":"","overlay-color":"","overlay-opacity":"","overlay-gradient":""}},"ast-content-background-meta":{"desktop":{"background-color":"var(--ast-global-color-5)","background-image":"","background-repeat":"repeat","background-position":"center center","background-size":"auto","background-attachment":"scroll","background-type":"","background-media":"","overlay-type":"","overlay-color":"","overlay-opacity":"","overlay-gradient":""},"tablet":{"background-color":"var(--ast-global-color-5)","background-image":"","background-repeat":"repeat","background-position":"center center","background-size":"auto","background-attachment":"scroll","background-type":"","background-media":"","overlay-type":"","overlay-color":"","overlay-opacity":"","overlay-gradient":""},"mobile":{"background-color":"var(--ast-global-color-5)","background-image":"","background-repeat":"repeat","background-position":"center center","background-size":"auto","background-attachment":"scroll","background-type":"","background-media":"","overlay-type":"","overlay-color":"","overlay-opacity":"","overlay-gradient":""}},"footnotes":""},"categories":[165,1,29],"tags":[1347,166,948],"class_list":["post-14260","post","type-post","status-publish","format-standard","has-post-thumbnail","hentry","category-formacio","category-general","category-portada","tag-entorns-educatius","tag-formacio","tag-formacio-permanent"],"post_mailing_queue_ids":[],"_links":{"self":[{"href":"https:\/\/serveiseducatius.xtec.cat\/badalona\/wp-json\/wp\/v2\/posts\/14260","targetHints":{"allow":["GET"]}}],"collection":[{"href":"https:\/\/serveiseducatius.xtec.cat\/badalona\/wp-json\/wp\/v2\/posts"}],"about":[{"href":"https:\/\/serveiseducatius.xtec.cat\/badalona\/wp-json\/wp\/v2\/types\/post"}],"author":[{"embeddable":true,"href":"https:\/\/serveiseducatius.xtec.cat\/badalona\/wp-json\/wp\/v2\/users\/1"}],"replies":[{"embeddable":true,"href":"https:\/\/serveiseducatius.xtec.cat\/badalona\/wp-json\/wp\/v2\/comments?post=14260"}],"version-history":[{"count":1,"href":"https:\/\/serveiseducatius.xtec.cat\/badalona\/wp-json\/wp\/v2\/posts\/14260\/revisions"}],"predecessor-version":[{"id":14262,"href":"https:\/\/serveiseducatius.xtec.cat\/badalona\/wp-json\/wp\/v2\/posts\/14260\/revisions\/14262"}],"wp:featuredmedia":[{"embeddable":true,"href":"https:\/\/serveiseducatius.xtec.cat\/badalona\/wp-json\/wp\/v2\/media\/14261"}],"wp:attachment":[{"href":"https:\/\/serveiseducatius.xtec.cat\/badalona\/wp-json\/wp\/v2\/media?parent=14260"}],"wp:term":[{"taxonomy":"category","embeddable":true,"href":"https:\/\/serveiseducatius.xtec.cat\/badalona\/wp-json\/wp\/v2\/categories?post=14260"},{"taxonomy":"post_tag","embeddable":true,"href":"https:\/\/serveiseducatius.xtec.cat\/badalona\/wp-json\/wp\/v2\/tags?post=14260"}],"curies":[{"name":"wp","href":"https:\/\/api.w.org\/{rel}","templated":true}]}}