{"id":14164,"date":"2020-06-01T10:00:20","date_gmt":"2020-06-01T08:00:20","guid":{"rendered":"http:\/\/serveiseducatius.xtec.cat\/badalona\/?p=14164"},"modified":"2020-06-12T21:20:58","modified_gmt":"2020-06-12T19:20:58","slug":"dia-mundial-del-medi-ambient-2020-lhora-de-la-natura","status":"publish","type":"post","link":"https:\/\/serveiseducatius.xtec.cat\/badalona\/portada\/dia-mundial-del-medi-ambient-2020-lhora-de-la-natura\/","title":{"rendered":"Dia Mundial del Medi Ambient 2020 L&#8217;hora de la Natura"},"content":{"rendered":"<p><a href=\"http:\/\/mediambient.gencat.cat\/ca\/05_ambits_dactuacio\/educacio_i_sostenibilitat\/dia-mundial-del-medi-ambient\/\" target=\"_blank\" rel=\"noopener noreferrer\"><img loading=\"lazy\" decoding=\"async\" class=\"size-full wp-image-14166 alignleft\" src=\"https:\/\/serveiseducatius.xtec.cat\/badalona\/wp-content\/uploads\/usu1088\/2020\/05\/activitats1.png\" alt=\"\" width=\"483\" height=\"99\" srcset=\"https:\/\/serveiseducatius.xtec.cat\/badalona\/wp-content\/uploads\/usu1088\/2020\/05\/activitats1.png 483w, https:\/\/serveiseducatius.xtec.cat\/badalona\/wp-content\/uploads\/usu1088\/2020\/05\/activitats1-300x61.png 300w\" sizes=\"auto, (max-width: 483px) 100vw, 483px\" \/><\/a>La celebraci\u00f3 del Dia Mundial del Medi Ambient 2020, el 5 de juny, aquest any amb el lema \u201c\u00c9s l\u2019hora de la natura\u201d, s\u2019adapta a un format virtual i ens convida a obrir una nova finestra per endinsar-nos en la natura sense sortir de casa.<\/p>\n<p>La Generalitat de Catalunya ha publicat un <a href=\"http:\/\/mediambient.gencat.cat\/ca\/05_ambits_dactuacio\/educacio_i_sostenibilitat\/dia-mundial-del-medi-ambient\/\" target=\"_blank\" rel=\"noopener noreferrer\" data-saferedirecturl=\"https:\/\/www.google.com\/url?q=http:\/\/mediambient.gencat.cat\/ca\/05_ambits_dactuacio\/educacio_i_sostenibilitat\/dia-mundial-del-medi-ambient\/&amp;source=gmail&amp;ust=1590825226279000&amp;usg=AFQjCNEVOVADiLlr0tpL1SdCuLWm-jnqjA\">web<\/a> espec\u00edfic amb una selecci\u00f3 de continguts per reflexionar i actuar, sense moure\u2019ns de casa: confer\u00e8ncies i di\u00e0legs en l\u00ednia, debats, visites virtuals a diferents espais i d\u2019altres accions m\u00e9s participatives que ja s\u2019estan fent.<\/p>\n<p>En aquest web tamb\u00e9 trobareu un repte que us proposen: contesteu el Kahoot i demostreu si coneixeu la natura de casa nostra. Estar\u00e0 actiu a partir de l\u20191 de juny i tindreu fins al 7 de juny per respondre&#8217;l. D\u2019altra banda, el mateix 5 de juny a les 10.30 h tindr\u00e0 lloc un di\u00e0leg virtual: \u201cAra que el m\u00f3n ha de reprendre l\u2019activitat, \u00e9s intel\u2022ligent i econ\u00f2mic tornar a treballar contra la natura?\u201d entre Miquel Rovira, director de Sostenibilitat d\u2019EURECAT i Carles Ib\u00e1\u00f1ez, doctor en biologia i investigador de l\u2019IRTA i patr\u00f3 del Consell Assessor per al Desenvolupament Sostenible, que parlaran sobre com la soluci\u00f3 passa per entendre b\u00e9 com funciona la natura i innovar basant-nos en els seus processos. L\u2019acte comptar\u00e0 amb l\u2019actuaci\u00f3 musical de Meritxell Neddermann. M\u00e9s informaci\u00f3 i inscripcions al <a href=\"http:\/\/mediambient.gencat.cat\/ca\/05_ambits_dactuacio\/educacio_i_sostenibilitat\/dia-mundial-del-medi-ambient\/\" target=\"_blank\" rel=\"noopener noreferrer\" data-saferedirecturl=\"https:\/\/www.google.com\/url?q=http:\/\/mediambient.gencat.cat\/ca\/05_ambits_dactuacio\/educacio_i_sostenibilitat\/dia-mundial-del-medi-ambient\/&amp;source=gmail&amp;ust=1590825226279000&amp;usg=AFQjCNEVOVADiLlr0tpL1SdCuLWm-jnqjA\">web del Dia Mundial del Medi Ambient 2020 a Catalunya<\/a>.<\/p>\n","protected":false},"excerpt":{"rendered":"<p>La celebraci\u00f3 del Dia Mundial del Medi Ambient 2020, el 5 de juny, aquest any amb el lema \u201c\u00c9s l\u2019hora [&hellip;]<\/p>\n","protected":false},"author":15,"featured_media":14166,"comment_status":"closed","ping_status":"closed","sticky":false,"template":"","format":"standard","meta":{"_bbp_topic_count":0,"_bbp_reply_count":0,"_bbp_total_topic_count":0,"_bbp_total_reply_count":0,"_bbp_voice_count":0,"_bbp_anonymous_reply_count":0,"_bbp_topic_count_hidden":0,"_bbp_reply_count_hidden":0,"_bbp_forum_subforum_count":0,"site-sidebar-layout":"default","site-content-layout":"","ast-site-content-layout":"","site-content-style":"default","site-sidebar-style":"default","ast-global-header-display":"","ast-banner-title-visibility":"","ast-main-header-display":"","ast-hfb-above-header-display":"","ast-hfb-below-header-display":"","ast-hfb-mobile-header-display":"","site-post-title":"","ast-breadcrumbs-content":"","ast-featured-img":"","footer-sml-layout":"","theme-transparent-header-meta":"","adv-header-id-meta":"","stick-header-meta":"","header-above-stick-meta":"","header-main-stick-meta":"","header-below-stick-meta":"","astra-migrate-meta-layouts":"default","ast-page-background-enabled":"default","ast-page-background-meta":{"desktop":{"background-color":"var(--ast-global-color-4)","background-image":"","background-repeat":"repeat","background-position":"center center","background-size":"auto","background-attachment":"scroll","background-type":"","background-media":"","overlay-type":"","overlay-color":"","overlay-opacity":"","overlay-gradient":""},"tablet":{"background-color":"","background-image":"","background-repeat":"repeat","background-position":"center center","background-size":"auto","background-attachment":"scroll","background-type":"","background-media":"","overlay-type":"","overlay-color":"","overlay-opacity":"","overlay-gradient":""},"mobile":{"background-color":"","background-image":"","background-repeat":"repeat","background-position":"center center","background-size":"auto","background-attachment":"scroll","background-type":"","background-media":"","overlay-type":"","overlay-color":"","overlay-opacity":"","overlay-gradient":""}},"ast-content-background-meta":{"desktop":{"background-color":"var(--ast-global-color-5)","background-image":"","background-repeat":"repeat","background-position":"center center","background-size":"auto","background-attachment":"scroll","background-type":"","background-media":"","overlay-type":"","overlay-color":"","overlay-opacity":"","overlay-gradient":""},"tablet":{"background-color":"var(--ast-global-color-5)","background-image":"","background-repeat":"repeat","background-position":"center center","background-size":"auto","background-attachment":"scroll","background-type":"","background-media":"","overlay-type":"","overlay-color":"","overlay-opacity":"","overlay-gradient":""},"mobile":{"background-color":"var(--ast-global-color-5)","background-image":"","background-repeat":"repeat","background-position":"center center","background-size":"auto","background-attachment":"scroll","background-type":"","background-media":"","overlay-type":"","overlay-color":"","overlay-opacity":"","overlay-gradient":""}},"footnotes":""},"categories":[29],"tags":[306],"class_list":["post-14164","post","type-post","status-publish","format-standard","has-post-thumbnail","hentry","category-portada","tag-medi-ambient"],"post_mailing_queue_ids":[],"_links":{"self":[{"href":"https:\/\/serveiseducatius.xtec.cat\/badalona\/wp-json\/wp\/v2\/posts\/14164","targetHints":{"allow":["GET"]}}],"collection":[{"href":"https:\/\/serveiseducatius.xtec.cat\/badalona\/wp-json\/wp\/v2\/posts"}],"about":[{"href":"https:\/\/serveiseducatius.xtec.cat\/badalona\/wp-json\/wp\/v2\/types\/post"}],"author":[{"embeddable":true,"href":"https:\/\/serveiseducatius.xtec.cat\/badalona\/wp-json\/wp\/v2\/users\/15"}],"replies":[{"embeddable":true,"href":"https:\/\/serveiseducatius.xtec.cat\/badalona\/wp-json\/wp\/v2\/comments?post=14164"}],"version-history":[{"count":2,"href":"https:\/\/serveiseducatius.xtec.cat\/badalona\/wp-json\/wp\/v2\/posts\/14164\/revisions"}],"predecessor-version":[{"id":14280,"href":"https:\/\/serveiseducatius.xtec.cat\/badalona\/wp-json\/wp\/v2\/posts\/14164\/revisions\/14280"}],"wp:featuredmedia":[{"embeddable":true,"href":"https:\/\/serveiseducatius.xtec.cat\/badalona\/wp-json\/wp\/v2\/media\/14166"}],"wp:attachment":[{"href":"https:\/\/serveiseducatius.xtec.cat\/badalona\/wp-json\/wp\/v2\/media?parent=14164"}],"wp:term":[{"taxonomy":"category","embeddable":true,"href":"https:\/\/serveiseducatius.xtec.cat\/badalona\/wp-json\/wp\/v2\/categories?post=14164"},{"taxonomy":"post_tag","embeddable":true,"href":"https:\/\/serveiseducatius.xtec.cat\/badalona\/wp-json\/wp\/v2\/tags?post=14164"}],"curies":[{"name":"wp","href":"https:\/\/api.w.org\/{rel}","templated":true}]}}