{"id":14124,"date":"2020-05-25T11:24:50","date_gmt":"2020-05-25T09:24:50","guid":{"rendered":"http:\/\/serveiseducatius.xtec.cat\/badalona\/?p=14124"},"modified":"2020-05-27T08:56:12","modified_gmt":"2020-05-27T06:56:12","slug":"orientacions-per-atendre-les-emocions-de-lalumnat-nou-apartat-a-xtec","status":"publish","type":"post","link":"https:\/\/serveiseducatius.xtec.cat\/badalona\/portada\/orientacions-per-atendre-les-emocions-de-lalumnat-nou-apartat-a-xtec\/","title":{"rendered":"Orientacions per atendre les emocions de l&#8217;alumnat: nou apartat a Xtec"},"content":{"rendered":"<p><a href=\"http:\/\/xtec.gencat.cat\/ca\/recursos\/orientacions-atendre-emocions-alumnat\/\" target=\"_blank\" rel=\"noopener noreferrer\"><img loading=\"lazy\" decoding=\"async\" class=\"size-full wp-image-14125 alignleft\" src=\"https:\/\/serveiseducatius.xtec.cat\/badalona\/wp-content\/uploads\/usu1088\/2020\/05\/actualitat-553x553-orientacions-atendre-acompanyar-emocions.jpg_2147148254.jpg\" alt=\"\" width=\"271\" height=\"271\" srcset=\"https:\/\/serveiseducatius.xtec.cat\/badalona\/wp-content\/uploads\/usu1088\/2020\/05\/actualitat-553x553-orientacions-atendre-acompanyar-emocions.jpg_2147148254.jpg 271w, https:\/\/serveiseducatius.xtec.cat\/badalona\/wp-content\/uploads\/usu1088\/2020\/05\/actualitat-553x553-orientacions-atendre-acompanyar-emocions.jpg_2147148254-150x150.jpg 150w\" sizes=\"auto, (max-width: 271px) 100vw, 271px\" \/><\/a><\/p>\n<p>Nou apartat a <a href=\"http:\/\/Www.xtec.cat\" target=\"_blank\" rel=\"noopener noreferrer\">XTEC <\/a>amb <strong>orientacions per <a href=\"http:\/\/xtec.gencat.cat\/ca\/recursos\/orientacions-atendre-emocions-alumnat\/\" target=\"_blank\" rel=\"noopener noreferrer\">atendre les emocions de l&#8217;alumnat<\/a> amb els seg\u00fcents objectius<\/strong>:<\/p>\n<ul>\n<li>Planificar una estrat\u00e8gia en el retorn dels alumnes al centre educatiu i a totes les activitats en les que estan acompanyats per adults.<\/li>\n<li>Crear espais de trobada, din\u00e0miques i rituals per celebrar el retrobament.<\/li>\n<li>Identificar l\u2019alumnat amb necessitat d\u2019especial acompanyament.<\/li>\n<li>Atendre les necessitats emocionals dels alumnes en proc\u00e9s de dol.<\/li>\n<li>Saber escoltar i recollir les preguntes, inquietuds i silencis dels infants i joves.<\/li>\n<li>Crear equips de referents entre l\u2019alumnat i dinamitzar els grups de suport entre iguals.<\/li>\n<li>Planificar les reunions amb les fam\u00edlies.<\/li>\n<\/ul>\n<p>Es tracta de v\u00eddeos curts on diferents experts analitzen la situaci\u00f3 i donen un marc conceptual. Tamb\u00e9 hi ha un apartat de recursos. Algunes de les idees tamb\u00e9 es poden fer amb l\u2019equip docent a la primera trobada que es tingui.<\/p>\n","protected":false},"excerpt":{"rendered":"<p>Nou apartat a XTEC amb orientacions per atendre les emocions de l&#8217;alumnat amb els seg\u00fcents objectius: Planificar una estrat\u00e8gia en [&hellip;]<\/p>\n","protected":false},"author":15,"featured_media":14125,"comment_status":"closed","ping_status":"closed","sticky":false,"template":"","format":"standard","meta":{"_bbp_topic_count":0,"_bbp_reply_count":0,"_bbp_total_topic_count":0,"_bbp_total_reply_count":0,"_bbp_voice_count":0,"_bbp_anonymous_reply_count":0,"_bbp_topic_count_hidden":0,"_bbp_reply_count_hidden":0,"_bbp_forum_subforum_count":0,"site-sidebar-layout":"default","site-content-layout":"","ast-site-content-layout":"","site-content-style":"default","site-sidebar-style":"default","ast-global-header-display":"","ast-banner-title-visibility":"","ast-main-header-display":"","ast-hfb-above-header-display":"","ast-hfb-below-header-display":"","ast-hfb-mobile-header-display":"","site-post-title":"","ast-breadcrumbs-content":"","ast-featured-img":"","footer-sml-layout":"","theme-transparent-header-meta":"","adv-header-id-meta":"","stick-header-meta":"","header-above-stick-meta":"","header-main-stick-meta":"","header-below-stick-meta":"","astra-migrate-meta-layouts":"default","ast-page-background-enabled":"default","ast-page-background-meta":{"desktop":{"background-color":"var(--ast-global-color-4)","background-image":"","background-repeat":"repeat","background-position":"center center","background-size":"auto","background-attachment":"scroll","background-type":"","background-media":"","overlay-type":"","overlay-color":"","overlay-opacity":"","overlay-gradient":""},"tablet":{"background-color":"","background-image":"","background-repeat":"repeat","background-position":"center center","background-size":"auto","background-attachment":"scroll","background-type":"","background-media":"","overlay-type":"","overlay-color":"","overlay-opacity":"","overlay-gradient":""},"mobile":{"background-color":"","background-image":"","background-repeat":"repeat","background-position":"center center","background-size":"auto","background-attachment":"scroll","background-type":"","background-media":"","overlay-type":"","overlay-color":"","overlay-opacity":"","overlay-gradient":""}},"ast-content-background-meta":{"desktop":{"background-color":"var(--ast-global-color-5)","background-image":"","background-repeat":"repeat","background-position":"center center","background-size":"auto","background-attachment":"scroll","background-type":"","background-media":"","overlay-type":"","overlay-color":"","overlay-opacity":"","overlay-gradient":""},"tablet":{"background-color":"var(--ast-global-color-5)","background-image":"","background-repeat":"repeat","background-position":"center center","background-size":"auto","background-attachment":"scroll","background-type":"","background-media":"","overlay-type":"","overlay-color":"","overlay-opacity":"","overlay-gradient":""},"mobile":{"background-color":"var(--ast-global-color-5)","background-image":"","background-repeat":"repeat","background-position":"center center","background-size":"auto","background-attachment":"scroll","background-type":"","background-media":"","overlay-type":"","overlay-color":"","overlay-opacity":"","overlay-gradient":""}},"footnotes":""},"categories":[399,29,76],"tags":[281,1354],"class_list":["post-14124","post","type-post","status-publish","format-standard","has-post-thumbnail","hentry","category-educacio-emocional","category-portada","category-recursos","tag-banc-de-recursos","tag-emocions"],"post_mailing_queue_ids":[],"_links":{"self":[{"href":"https:\/\/serveiseducatius.xtec.cat\/badalona\/wp-json\/wp\/v2\/posts\/14124","targetHints":{"allow":["GET"]}}],"collection":[{"href":"https:\/\/serveiseducatius.xtec.cat\/badalona\/wp-json\/wp\/v2\/posts"}],"about":[{"href":"https:\/\/serveiseducatius.xtec.cat\/badalona\/wp-json\/wp\/v2\/types\/post"}],"author":[{"embeddable":true,"href":"https:\/\/serveiseducatius.xtec.cat\/badalona\/wp-json\/wp\/v2\/users\/15"}],"replies":[{"embeddable":true,"href":"https:\/\/serveiseducatius.xtec.cat\/badalona\/wp-json\/wp\/v2\/comments?post=14124"}],"version-history":[{"count":3,"href":"https:\/\/serveiseducatius.xtec.cat\/badalona\/wp-json\/wp\/v2\/posts\/14124\/revisions"}],"predecessor-version":[{"id":14144,"href":"https:\/\/serveiseducatius.xtec.cat\/badalona\/wp-json\/wp\/v2\/posts\/14124\/revisions\/14144"}],"wp:featuredmedia":[{"embeddable":true,"href":"https:\/\/serveiseducatius.xtec.cat\/badalona\/wp-json\/wp\/v2\/media\/14125"}],"wp:attachment":[{"href":"https:\/\/serveiseducatius.xtec.cat\/badalona\/wp-json\/wp\/v2\/media?parent=14124"}],"wp:term":[{"taxonomy":"category","embeddable":true,"href":"https:\/\/serveiseducatius.xtec.cat\/badalona\/wp-json\/wp\/v2\/categories?post=14124"},{"taxonomy":"post_tag","embeddable":true,"href":"https:\/\/serveiseducatius.xtec.cat\/badalona\/wp-json\/wp\/v2\/tags?post=14124"}],"curies":[{"name":"wp","href":"https:\/\/api.w.org\/{rel}","templated":true}]}}