{"id":13985,"date":"2020-05-04T08:02:55","date_gmt":"2020-05-04T06:02:55","guid":{"rendered":"http:\/\/serveiseducatius.xtec.cat\/badalona\/?p=13985"},"modified":"2020-05-04T08:02:55","modified_gmt":"2020-05-04T06:02:55","slug":"viu-les-festes-confinades-construeix-el-teu-dimoni-i-el-teu-mocador","status":"publish","type":"post","link":"https:\/\/serveiseducatius.xtec.cat\/badalona\/portada\/viu-les-festes-confinades-construeix-el-teu-dimoni-i-el-teu-mocador\/","title":{"rendered":"Viu les festes confinades: Construeix el teu Dimoni i el teu Mocador"},"content":{"rendered":"<p><img loading=\"lazy\" decoding=\"async\" class=\"size-full wp-image-13987 alignleft\" src=\"https:\/\/serveiseducatius.xtec.cat\/badalona\/wp-content\/uploads\/usu1088\/2020\/05\/fstes1.png\" alt=\"\" width=\"248\" height=\"272\" \/>Us volem presentar les Festes de Maig Confinades, una proposta per viure la festa des de casa, fer pedagogia sobre la festa i oferir recursos l\u00fadics per a diferents edats.<\/p>\n<p>La web oficial de les Festes de Maig (<a href=\"https:\/\/festesdemaig.cat\/\" target=\"_blank\" rel=\"noopener noreferrer\">www.festesdemaig.cat<\/a>) ser\u00e0 la plataforma per donar a con\u00e8ixer tots els continguts i recursos.<\/p>\n<p>El funcionament ser\u00e0 el seg\u00fcent:<br \/>\n?De l\u20191 al 17 de maig, cada mat\u00ed es publicaran continguts, enlla\u00e7os i recursos diversos al web oficial entorn un tema relacionat amb les Festes i a la tarda, s\u2019oferiran activitats i jocs relacionats.<br \/>\n? Televisi\u00f3 de Badalona i R\u00e0dio Ciutat Badalona tindran un paper precursor en la difusi\u00f3 de contingut hist\u00f2ric de les festes i de v\u00eddeos tutorials d\u2019activitats per fer des de casa. La difusi\u00f3 de les novetats i l\u2019enlla\u00e7 per arribar a aquests recursos es far\u00e0 a trav\u00e9s de les xarxes socials\u00a0@festesdemaig<\/p>\n<p>M\u00e9s informaci\u00f3 a l\u2019enlla\u00e7 del nostre perfil.I a partir d\u2019avui, atents a les xarxes\u00a0@festesdemaig!<\/p>\n<p>\u00a0Us oferim poder-vos descarregar el Dimoni confinat 2020 i el mocador de les Festes de Maig.<\/p>\n<table style=\"width: 703px;\">\n<tbody>\n<tr>\n<td style=\"width: 303.433px;\">Construeix el teu Dimoni (color)<\/td>\n<td style=\"width: 391.567px;\"><a href=\"https:\/\/agora.xtec.cat\/ceip-joan-coret\/wp-content\/uploads\/usu1194\/2020\/04\/Retallable-del-Dimoni-2020-color-1.pdf\">Retallable del Dimoni 2020 \u2013 color (1)<\/a><\/td>\n<\/tr>\n<tr>\n<td style=\"width: 303.433px;\">Construeix el teu Dimoni (blanc i negre)<\/td>\n<td style=\"width: 391.567px;\"><a href=\"https:\/\/agora.xtec.cat\/ceip-joan-coret\/wp-content\/uploads\/usu1194\/2020\/04\/retallable-del-dimoni-2020.pdf\">retallable-del-dimoni-2020<\/a><\/td>\n<\/tr>\n<tr>\n<td style=\"width: 303.433px;\">Plantilla Mocador de Festes<\/td>\n<td style=\"width: 391.567px;\"><a href=\"https:\/\/agora.xtec.cat\/ceip-joan-coret\/wp-content\/uploads\/usu1194\/2020\/04\/Mocador-plantilla-Festes-de-Maig-Confinades-5-1.pdf\">Mocador plantilla Festes de Maig Confinades 5 (1)<\/a><\/td>\n<\/tr>\n<\/tbody>\n<\/table>\n<p>&nbsp;<\/p>\n","protected":false},"excerpt":{"rendered":"<p>Us volem presentar les Festes de Maig Confinades, una proposta per viure la festa des de casa, fer pedagogia sobre [&hellip;]<\/p>\n","protected":false},"author":15,"featured_media":13987,"comment_status":"closed","ping_status":"closed","sticky":false,"template":"","format":"standard","meta":{"_bbp_topic_count":0,"_bbp_reply_count":0,"_bbp_total_topic_count":0,"_bbp_total_reply_count":0,"_bbp_voice_count":0,"_bbp_anonymous_reply_count":0,"_bbp_topic_count_hidden":0,"_bbp_reply_count_hidden":0,"_bbp_forum_subforum_count":0,"site-sidebar-layout":"default","site-content-layout":"","ast-site-content-layout":"","site-content-style":"default","site-sidebar-style":"default","ast-global-header-display":"","ast-banner-title-visibility":"","ast-main-header-display":"","ast-hfb-above-header-display":"","ast-hfb-below-header-display":"","ast-hfb-mobile-header-display":"","site-post-title":"","ast-breadcrumbs-content":"","ast-featured-img":"","footer-sml-layout":"","theme-transparent-header-meta":"","adv-header-id-meta":"","stick-header-meta":"","header-above-stick-meta":"","header-main-stick-meta":"","header-below-stick-meta":"","astra-migrate-meta-layouts":"default","ast-page-background-enabled":"default","ast-page-background-meta":{"desktop":{"background-color":"var(--ast-global-color-4)","background-image":"","background-repeat":"repeat","background-position":"center center","background-size":"auto","background-attachment":"scroll","background-type":"","background-media":"","overlay-type":"","overlay-color":"","overlay-opacity":"","overlay-gradient":""},"tablet":{"background-color":"","background-image":"","background-repeat":"repeat","background-position":"center center","background-size":"auto","background-attachment":"scroll","background-type":"","background-media":"","overlay-type":"","overlay-color":"","overlay-opacity":"","overlay-gradient":""},"mobile":{"background-color":"","background-image":"","background-repeat":"repeat","background-position":"center center","background-size":"auto","background-attachment":"scroll","background-type":"","background-media":"","overlay-type":"","overlay-color":"","overlay-opacity":"","overlay-gradient":""}},"ast-content-background-meta":{"desktop":{"background-color":"var(--ast-global-color-5)","background-image":"","background-repeat":"repeat","background-position":"center center","background-size":"auto","background-attachment":"scroll","background-type":"","background-media":"","overlay-type":"","overlay-color":"","overlay-opacity":"","overlay-gradient":""},"tablet":{"background-color":"var(--ast-global-color-5)","background-image":"","background-repeat":"repeat","background-position":"center center","background-size":"auto","background-attachment":"scroll","background-type":"","background-media":"","overlay-type":"","overlay-color":"","overlay-opacity":"","overlay-gradient":""},"mobile":{"background-color":"var(--ast-global-color-5)","background-image":"","background-repeat":"repeat","background-position":"center center","background-size":"auto","background-attachment":"scroll","background-type":"","background-media":"","overlay-type":"","overlay-color":"","overlay-opacity":"","overlay-gradient":""}},"footnotes":""},"categories":[29],"tags":[686,492],"class_list":["post-13985","post","type-post","status-publish","format-standard","has-post-thumbnail","hentry","category-portada","tag-cultura-popular","tag-festes-de-maig"],"post_mailing_queue_ids":[],"_links":{"self":[{"href":"https:\/\/serveiseducatius.xtec.cat\/badalona\/wp-json\/wp\/v2\/posts\/13985","targetHints":{"allow":["GET"]}}],"collection":[{"href":"https:\/\/serveiseducatius.xtec.cat\/badalona\/wp-json\/wp\/v2\/posts"}],"about":[{"href":"https:\/\/serveiseducatius.xtec.cat\/badalona\/wp-json\/wp\/v2\/types\/post"}],"author":[{"embeddable":true,"href":"https:\/\/serveiseducatius.xtec.cat\/badalona\/wp-json\/wp\/v2\/users\/15"}],"replies":[{"embeddable":true,"href":"https:\/\/serveiseducatius.xtec.cat\/badalona\/wp-json\/wp\/v2\/comments?post=13985"}],"version-history":[{"count":2,"href":"https:\/\/serveiseducatius.xtec.cat\/badalona\/wp-json\/wp\/v2\/posts\/13985\/revisions"}],"predecessor-version":[{"id":13989,"href":"https:\/\/serveiseducatius.xtec.cat\/badalona\/wp-json\/wp\/v2\/posts\/13985\/revisions\/13989"}],"wp:featuredmedia":[{"embeddable":true,"href":"https:\/\/serveiseducatius.xtec.cat\/badalona\/wp-json\/wp\/v2\/media\/13987"}],"wp:attachment":[{"href":"https:\/\/serveiseducatius.xtec.cat\/badalona\/wp-json\/wp\/v2\/media?parent=13985"}],"wp:term":[{"taxonomy":"category","embeddable":true,"href":"https:\/\/serveiseducatius.xtec.cat\/badalona\/wp-json\/wp\/v2\/categories?post=13985"},{"taxonomy":"post_tag","embeddable":true,"href":"https:\/\/serveiseducatius.xtec.cat\/badalona\/wp-json\/wp\/v2\/tags?post=13985"}],"curies":[{"name":"wp","href":"https:\/\/api.w.org\/{rel}","templated":true}]}}