{"id":13967,"date":"2020-04-30T10:07:11","date_gmt":"2020-04-30T08:07:11","guid":{"rendered":"http:\/\/serveiseducatius.xtec.cat\/badalona\/?p=13967"},"modified":"2020-05-07T09:24:28","modified_gmt":"2020-05-07T07:24:28","slug":"servei-educatiu-del-museu-del-cinema-recursos-per-al-professorat","status":"publish","type":"post","link":"https:\/\/serveiseducatius.xtec.cat\/badalona\/portada\/servei-educatiu-del-museu-del-cinema-recursos-per-al-professorat\/","title":{"rendered":"Servei educatiu del Museu del Cinema Recursos per al professorat"},"content":{"rendered":"<p><a href=\"https:\/\/museudelcinema.girona.cat\/cat\/educacio_professorat_recursos.php\" target=\"_blank\" rel=\"noopener noreferrer\"><img loading=\"lazy\" decoding=\"async\" class=\"alignnone size-full wp-image-13968\" src=\"https:\/\/serveiseducatius.xtec.cat\/badalona\/wp-content\/uploads\/usu1088\/2020\/04\/cinema.png\" alt=\"\" width=\"605\" height=\"269\" \/><\/a><\/p>\n<p><a href=\"https:\/\/museudelcinema.girona.cat\/cat\/educacio.php\" target=\"_blank\" rel=\"noopener noreferrer\" data-saferedirecturl=\"https:\/\/www.google.com\/url?q=https:\/\/museudelcinema.girona.cat\/cat\/educacio.php&amp;source=gmail&amp;ust=1588319758479000&amp;usg=AFQjCNGqEWIaIAapJMDs7sPFGhyUp27oXQ\"><b>A la p\u00e0gina web del Museu del Cinema<\/b><\/a> han posat en marxa un nou espaia amb recursos per al professorat.<\/p>\n<p>Hi ha recollits diversos materials perqu\u00e8 pugueu aprofundir en aquells aspectes que us puguin servir per a la vostra pr\u00e0ctica docent. Unes propostes, relacionades amb el contingut de l&#8217;exposici\u00f3 i amb l&#8217;educaci\u00f3 en llenguatge audiovisual, que us poden ser d&#8217;ajut a l&#8217;hora de plantejar propostes did\u00e0ctiques pels alumnes.<\/p>\n<p><a href=\"https:\/\/museudelcinema.girona.cat\/cat\/educacio_professorat_recursos.php\" target=\"_blank\" rel=\"noopener noreferrer\"><strong>Qu\u00e8 hi podeu trobar?<\/strong><\/a><\/p>\n<ul>\n<li>Maletes did\u00e0ctiques en l\u00ednia 7 de Cinema<\/li>\n<li>Guia did\u00e0ctica de visita aut\u00f2noma\u00a0<\/li>\n<li>Fabriquem joguines \u00f2ptiques\u00a0<\/li>\n<li>Aparells precursors\u00a0del\u00a0Cinema\u00a0\u00a0<\/li>\n<li>Pel\u00b7l\u00edcules amb material did\u00e0ctic<\/li>\n<\/ul>\n","protected":false},"excerpt":{"rendered":"<p>A la p\u00e0gina web del Museu del Cinema han posat en marxa un nou espaia amb recursos per al professorat. [&hellip;]<\/p>\n","protected":false},"author":15,"featured_media":13968,"comment_status":"closed","ping_status":"closed","sticky":false,"template":"","format":"standard","meta":{"_bbp_topic_count":0,"_bbp_reply_count":0,"_bbp_total_topic_count":0,"_bbp_total_reply_count":0,"_bbp_voice_count":0,"_bbp_anonymous_reply_count":0,"_bbp_topic_count_hidden":0,"_bbp_reply_count_hidden":0,"_bbp_forum_subforum_count":0,"site-sidebar-layout":"default","site-content-layout":"","ast-site-content-layout":"","site-content-style":"default","site-sidebar-style":"default","ast-global-header-display":"","ast-banner-title-visibility":"","ast-main-header-display":"","ast-hfb-above-header-display":"","ast-hfb-below-header-display":"","ast-hfb-mobile-header-display":"","site-post-title":"","ast-breadcrumbs-content":"","ast-featured-img":"","footer-sml-layout":"","theme-transparent-header-meta":"","adv-header-id-meta":"","stick-header-meta":"","header-above-stick-meta":"","header-main-stick-meta":"","header-below-stick-meta":"","astra-migrate-meta-layouts":"default","ast-page-background-enabled":"default","ast-page-background-meta":{"desktop":{"background-color":"var(--ast-global-color-4)","background-image":"","background-repeat":"repeat","background-position":"center center","background-size":"auto","background-attachment":"scroll","background-type":"","background-media":"","overlay-type":"","overlay-color":"","overlay-opacity":"","overlay-gradient":""},"tablet":{"background-color":"","background-image":"","background-repeat":"repeat","background-position":"center center","background-size":"auto","background-attachment":"scroll","background-type":"","background-media":"","overlay-type":"","overlay-color":"","overlay-opacity":"","overlay-gradient":""},"mobile":{"background-color":"","background-image":"","background-repeat":"repeat","background-position":"center center","background-size":"auto","background-attachment":"scroll","background-type":"","background-media":"","overlay-type":"","overlay-color":"","overlay-opacity":"","overlay-gradient":""}},"ast-content-background-meta":{"desktop":{"background-color":"var(--ast-global-color-5)","background-image":"","background-repeat":"repeat","background-position":"center center","background-size":"auto","background-attachment":"scroll","background-type":"","background-media":"","overlay-type":"","overlay-color":"","overlay-opacity":"","overlay-gradient":""},"tablet":{"background-color":"var(--ast-global-color-5)","background-image":"","background-repeat":"repeat","background-position":"center center","background-size":"auto","background-attachment":"scroll","background-type":"","background-media":"","overlay-type":"","overlay-color":"","overlay-opacity":"","overlay-gradient":""},"mobile":{"background-color":"var(--ast-global-color-5)","background-image":"","background-repeat":"repeat","background-position":"center center","background-size":"auto","background-attachment":"scroll","background-type":"","background-media":"","overlay-type":"","overlay-color":"","overlay-opacity":"","overlay-gradient":""}},"footnotes":""},"categories":[1334,29,76],"tags":[832],"class_list":["post-13967","post","type-post","status-publish","format-standard","has-post-thumbnail","hentry","category-lescola-a-casa","category-portada","category-recursos","tag-museu-del-cinema"],"post_mailing_queue_ids":[],"_links":{"self":[{"href":"https:\/\/serveiseducatius.xtec.cat\/badalona\/wp-json\/wp\/v2\/posts\/13967","targetHints":{"allow":["GET"]}}],"collection":[{"href":"https:\/\/serveiseducatius.xtec.cat\/badalona\/wp-json\/wp\/v2\/posts"}],"about":[{"href":"https:\/\/serveiseducatius.xtec.cat\/badalona\/wp-json\/wp\/v2\/types\/post"}],"author":[{"embeddable":true,"href":"https:\/\/serveiseducatius.xtec.cat\/badalona\/wp-json\/wp\/v2\/users\/15"}],"replies":[{"embeddable":true,"href":"https:\/\/serveiseducatius.xtec.cat\/badalona\/wp-json\/wp\/v2\/comments?post=13967"}],"version-history":[{"count":3,"href":"https:\/\/serveiseducatius.xtec.cat\/badalona\/wp-json\/wp\/v2\/posts\/13967\/revisions"}],"predecessor-version":[{"id":14019,"href":"https:\/\/serveiseducatius.xtec.cat\/badalona\/wp-json\/wp\/v2\/posts\/13967\/revisions\/14019"}],"wp:featuredmedia":[{"embeddable":true,"href":"https:\/\/serveiseducatius.xtec.cat\/badalona\/wp-json\/wp\/v2\/media\/13968"}],"wp:attachment":[{"href":"https:\/\/serveiseducatius.xtec.cat\/badalona\/wp-json\/wp\/v2\/media?parent=13967"}],"wp:term":[{"taxonomy":"category","embeddable":true,"href":"https:\/\/serveiseducatius.xtec.cat\/badalona\/wp-json\/wp\/v2\/categories?post=13967"},{"taxonomy":"post_tag","embeddable":true,"href":"https:\/\/serveiseducatius.xtec.cat\/badalona\/wp-json\/wp\/v2\/tags?post=13967"}],"curies":[{"name":"wp","href":"https:\/\/api.w.org\/{rel}","templated":true}]}}