{"id":13901,"date":"2020-04-27T12:02:50","date_gmt":"2020-04-27T10:02:50","guid":{"rendered":"http:\/\/serveiseducatius.xtec.cat\/badalona\/?p=13901"},"modified":"2020-04-27T12:02:50","modified_gmt":"2020-04-27T10:02:50","slug":"material-campanya-pla-contingencia-victimes-violencia-covid19","status":"publish","type":"post","link":"https:\/\/serveiseducatius.xtec.cat\/badalona\/portada\/material-campanya-pla-contingencia-victimes-violencia-covid19\/","title":{"rendered":"Material campanya Pla conting\u00e8ncia v\u00edctimes viol\u00e8ncia COVID19"},"content":{"rendered":"<p><img loading=\"lazy\" decoding=\"async\" class=\"alignnone  wp-image-13902\" src=\"https:\/\/serveiseducatius.xtec.cat\/badalona\/wp-content\/uploads\/usu1088\/2020\/04\/pastedImagebase641.png\" alt=\"\" width=\"549\" height=\"192\" \/><\/p>\n<p>Us informem que en el marc del Pla de Conting\u00e8ncia per a V\u00edctimes, Mossos d\u2019esquadra ha elaborat un seguit de material preventiu\u00a0.<\/p>\n<div>\n<p>&#8211;\u00a0\u00a0\u00a0\u00a0\u00a0\u00a0\u00a0\u00a03 cartells (<a href=\"https:\/\/drive.google.com\/open?id=1YQzQvKXoLDeloAEVMp6yAbNBaf7KuMiC\">groc<\/a>, <a href=\"https:\/\/drive.google.com\/open?id=1fRI4s2h2eueF04X2pxxCDwovEG0DRG43\">lila<\/a> i <a href=\"https:\/\/drive.google.com\/open?id=1AJ8uG-ulCiG0Vhsw-9rBbsnRk4pTo5hP\">blau<\/a>) sobre la informaci\u00f3 del\u00a0 correu electr\u00f2nic: <a href=\"mailto:mossos.atenciovictimes@gencat.cat\" target=\"_blank\" rel=\"noopener noreferrer\">mossos.<wbr \/>atenciovictimes@gencat.cat<\/a><\/p>\n<p>&#8211;\u00a0\u00a0\u00a0\u00a0\u00a0\u00a0\u00a0\u00a03 <a href=\"https:\/\/drive.google.com\/open?id=1TbEywH3wY8lcx70zLpvFSMVV-WRbgTyX\">imatges dels cartells<\/a> ( per facilitar enganxar-ho en els correus electr\u00f2nics o b\u00e9 en els webs dels nostres contactes.<\/p>\n<p>&#8211;\u00a0\u00a0\u00a0\u00a0\u00a0\u00a0\u00a0\u00a0<a href=\"https:\/\/drive.google.com\/drive\/u\/1\/folders\/1N-SGI2hlSJjksNmLR5hs-r-U1yhld5yS\">1 Guia de consells de seguretat<\/a> per a possibles v\u00edctimes de viol\u00e8ncia durant la situaci\u00f3 de confinament: viol\u00e8ncia masclista, altres viol\u00e8ncies a menors, persones grans, persones amb discapacitat, situacions de conflicte civil, quan les v\u00edctimes tenen una ordre de protecci\u00f3 qu\u00e8 poden fer, etc&#8230;.<\/p>\n<\/div>\n","protected":false},"excerpt":{"rendered":"<p>Us informem que en el marc del Pla de Conting\u00e8ncia per a V\u00edctimes, Mossos d\u2019esquadra ha elaborat un seguit de [&hellip;]<\/p>\n","protected":false},"author":1,"featured_media":13902,"comment_status":"closed","ping_status":"closed","sticky":false,"template":"","format":"standard","meta":{"_bbp_topic_count":0,"_bbp_reply_count":0,"_bbp_total_topic_count":0,"_bbp_total_reply_count":0,"_bbp_voice_count":0,"_bbp_anonymous_reply_count":0,"_bbp_topic_count_hidden":0,"_bbp_reply_count_hidden":0,"_bbp_forum_subforum_count":0,"site-sidebar-layout":"default","site-content-layout":"","ast-site-content-layout":"","site-content-style":"default","site-sidebar-style":"default","ast-global-header-display":"","ast-banner-title-visibility":"","ast-main-header-display":"","ast-hfb-above-header-display":"","ast-hfb-below-header-display":"","ast-hfb-mobile-header-display":"","site-post-title":"","ast-breadcrumbs-content":"","ast-featured-img":"","footer-sml-layout":"","theme-transparent-header-meta":"","adv-header-id-meta":"","stick-header-meta":"","header-above-stick-meta":"","header-main-stick-meta":"","header-below-stick-meta":"","astra-migrate-meta-layouts":"default","ast-page-background-enabled":"default","ast-page-background-meta":{"desktop":{"background-color":"var(--ast-global-color-4)","background-image":"","background-repeat":"repeat","background-position":"center center","background-size":"auto","background-attachment":"scroll","background-type":"","background-media":"","overlay-type":"","overlay-color":"","overlay-opacity":"","overlay-gradient":""},"tablet":{"background-color":"","background-image":"","background-repeat":"repeat","background-position":"center center","background-size":"auto","background-attachment":"scroll","background-type":"","background-media":"","overlay-type":"","overlay-color":"","overlay-opacity":"","overlay-gradient":""},"mobile":{"background-color":"","background-image":"","background-repeat":"repeat","background-position":"center center","background-size":"auto","background-attachment":"scroll","background-type":"","background-media":"","overlay-type":"","overlay-color":"","overlay-opacity":"","overlay-gradient":""}},"ast-content-background-meta":{"desktop":{"background-color":"var(--ast-global-color-5)","background-image":"","background-repeat":"repeat","background-position":"center center","background-size":"auto","background-attachment":"scroll","background-type":"","background-media":"","overlay-type":"","overlay-color":"","overlay-opacity":"","overlay-gradient":""},"tablet":{"background-color":"var(--ast-global-color-5)","background-image":"","background-repeat":"repeat","background-position":"center center","background-size":"auto","background-attachment":"scroll","background-type":"","background-media":"","overlay-type":"","overlay-color":"","overlay-opacity":"","overlay-gradient":""},"mobile":{"background-color":"var(--ast-global-color-5)","background-image":"","background-repeat":"repeat","background-position":"center center","background-size":"auto","background-attachment":"scroll","background-type":"","background-media":"","overlay-type":"","overlay-color":"","overlay-opacity":"","overlay-gradient":""}},"footnotes":""},"categories":[64,29,76],"tags":[545],"class_list":["post-13901","post","type-post","status-publish","format-standard","has-post-thumbnail","hentry","category-comunitat","category-portada","category-recursos","tag-violencia-masclista"],"post_mailing_queue_ids":[],"_links":{"self":[{"href":"https:\/\/serveiseducatius.xtec.cat\/badalona\/wp-json\/wp\/v2\/posts\/13901","targetHints":{"allow":["GET"]}}],"collection":[{"href":"https:\/\/serveiseducatius.xtec.cat\/badalona\/wp-json\/wp\/v2\/posts"}],"about":[{"href":"https:\/\/serveiseducatius.xtec.cat\/badalona\/wp-json\/wp\/v2\/types\/post"}],"author":[{"embeddable":true,"href":"https:\/\/serveiseducatius.xtec.cat\/badalona\/wp-json\/wp\/v2\/users\/1"}],"replies":[{"embeddable":true,"href":"https:\/\/serveiseducatius.xtec.cat\/badalona\/wp-json\/wp\/v2\/comments?post=13901"}],"version-history":[{"count":2,"href":"https:\/\/serveiseducatius.xtec.cat\/badalona\/wp-json\/wp\/v2\/posts\/13901\/revisions"}],"predecessor-version":[{"id":13904,"href":"https:\/\/serveiseducatius.xtec.cat\/badalona\/wp-json\/wp\/v2\/posts\/13901\/revisions\/13904"}],"wp:featuredmedia":[{"embeddable":true,"href":"https:\/\/serveiseducatius.xtec.cat\/badalona\/wp-json\/wp\/v2\/media\/13902"}],"wp:attachment":[{"href":"https:\/\/serveiseducatius.xtec.cat\/badalona\/wp-json\/wp\/v2\/media?parent=13901"}],"wp:term":[{"taxonomy":"category","embeddable":true,"href":"https:\/\/serveiseducatius.xtec.cat\/badalona\/wp-json\/wp\/v2\/categories?post=13901"},{"taxonomy":"post_tag","embeddable":true,"href":"https:\/\/serveiseducatius.xtec.cat\/badalona\/wp-json\/wp\/v2\/tags?post=13901"}],"curies":[{"name":"wp","href":"https:\/\/api.w.org\/{rel}","templated":true}]}}