{"id":13360,"date":"2020-03-11T10:27:54","date_gmt":"2020-03-11T09:27:54","guid":{"rendered":"http:\/\/serveiseducatius.xtec.cat\/badalona\/?p=13360"},"modified":"2020-03-11T10:29:21","modified_gmt":"2020-03-11T09:29:21","slug":"iv-trobada-pedagogica-de-secundaria-investigar-i-aprendre-a-laula","status":"publish","type":"post","link":"https:\/\/serveiseducatius.xtec.cat\/badalona\/portada\/iv-trobada-pedagogica-de-secundaria-investigar-i-aprendre-a-laula\/","title":{"rendered":"IV Trobada pedag\u00f2gica de secund\u00e0ria: Investigar i aprendre a l\u2019aula"},"content":{"rendered":"<p><img loading=\"lazy\" decoding=\"async\" class=\" wp-image-13361 alignleft\" src=\"https:\/\/serveiseducatius.xtec.cat\/badalona\/wp-content\/uploads\/usu1088\/2020\/03\/projectes-1-e1557394174914.jpg\" alt=\"\" width=\"133\" height=\"88\" \/>El CRP de Santa Coloma de Gramenet organitza la IV Trobada pedag\u00f2gica de secund\u00e0ria. La Trobada constar\u00e0 de dues parts, una confer\u00e8ncia: \u201c<strong>Investigar i aprendre a l\u2019aula<\/strong>\u201d, a c\u00e0rrec de Jordi Dom\u00e8nech en qu\u00e8 es descriuran eines, activitats i enfocaments per treballar la recerca a les aules, en dues perspectives: aprendre a investigar i aprendre investigant. I una segona part en qu\u00e8 es presentar\u00e0 una o dues experi\u00e8ncies d\u2019indagaci\u00f3 a l\u2019aula des de diferents \u00e0rees.<!--more--> <a href=\"https:\/\/drive.google.com\/file\/d\/1yF0giRMQRqIKFItiBefObALPdcaLMg8I\/view?usp=sharing\" target=\"_blank\" rel=\"noopener noreferrer\"><strong>PROGRAMA<\/strong><\/a><\/p>\n<p><strong>Dia\/horari:<\/strong> 1\/4\/2020 de 16:00h a 18:30h<br \/>\n\u00a0\u00a0<br \/>\n<strong>Lloc:<\/strong> <a href=\"https:\/\/www.google.com\/maps\/place\/Biblioteca+Singuerlin+Salvador+Cabr%C3%A9\/@41.4589913,2.2057657,15z\/data=!4m2!3m1!1s0x0:0xd957193d6a3a64ce?sa=X&amp;ved=2ahUKEwiM4_T-r43oAhUSu3EKHUu2CAsQ_BIwCnoECBIQCA\" target=\"_blank\" rel=\"noopener noreferrer\">Biblioteca de Singuerl\u00edn \u2013 Salvador Cabr\u00e9<\/a> (Pla\u00e7a Sagrada Fam\u00edlia s\/n &#8211; Santa Coloma de Gramenet)<\/p>\n<p><a href=\"https:\/\/aplicacions.gestioeducativa.gencat.cat\/pls\/soloas\/pk_for_mod_ins.p_for_detall_activitat?p_header=Llista%20d%27activitats%5Epk_for_mod_ins.p_for_cons_activitats?p_poblacio=08245%26p_any=2019-2020%26p_modalitat=51%26p_totes=s%26p_inici=1%26p_excloure_crp_rec=F&amp;p_codi=2070431207&amp;p_curs=2019-2020&amp;p_excloure_crp_rec=F\" target=\"_blank\" rel=\"noopener noreferrer\"><strong>INSCRIPCI\u00d3 OBERTA<\/strong><\/a><\/p>\n<p>Recorrerem l\u2019aprenentatge basat en la indagaci\u00f3 i modelitzaci\u00f3, la formulaci\u00f3 de preguntes i el disseny de recerques i experiments. Tamb\u00e9 el treball amb fonts documentals i la selecci\u00f3 i an\u00e0lisi de dades (compet\u00e8ncia informacional i lectura cr\u00edtica); aix\u00ed com les lit\u00fargies comunicatives, com ara congressos i fires, seminaris socr\u00e0tics, etc.<\/p>\n<p>Es comentaran aspectes a tenir en compte en el disseny d\u2019activitats i diversos exemples de tipus d\u2019activitats (WebQuests, Estudis de Cas, pr\u00e0ctiques investigadores, Ci\u00e8ncia ciutadana, Treballs de recerca) de diferents \u00e0rees: Ci\u00e8ncies, Matem\u00e0tiques, Socials i Llengua.<\/p>\n","protected":false},"excerpt":{"rendered":"<p>El CRP de Santa Coloma de Gramenet organitza la IV Trobada pedag\u00f2gica de secund\u00e0ria. La Trobada constar\u00e0 de dues parts, [&hellip;]<\/p>\n","protected":false},"author":9,"featured_media":13361,"comment_status":"closed","ping_status":"closed","sticky":false,"template":"","format":"standard","meta":{"_bbp_topic_count":0,"_bbp_reply_count":0,"_bbp_total_topic_count":0,"_bbp_total_reply_count":0,"_bbp_voice_count":0,"_bbp_anonymous_reply_count":0,"_bbp_topic_count_hidden":0,"_bbp_reply_count_hidden":0,"_bbp_forum_subforum_count":0,"site-sidebar-layout":"default","site-content-layout":"","ast-site-content-layout":"","site-content-style":"default","site-sidebar-style":"default","ast-global-header-display":"","ast-banner-title-visibility":"","ast-main-header-display":"","ast-hfb-above-header-display":"","ast-hfb-below-header-display":"","ast-hfb-mobile-header-display":"","site-post-title":"","ast-breadcrumbs-content":"","ast-featured-img":"","footer-sml-layout":"","theme-transparent-header-meta":"","adv-header-id-meta":"","stick-header-meta":"","header-above-stick-meta":"","header-main-stick-meta":"","header-below-stick-meta":"","astra-migrate-meta-layouts":"default","ast-page-background-enabled":"default","ast-page-background-meta":{"desktop":{"background-color":"var(--ast-global-color-4)","background-image":"","background-repeat":"repeat","background-position":"center center","background-size":"auto","background-attachment":"scroll","background-type":"","background-media":"","overlay-type":"","overlay-color":"","overlay-opacity":"","overlay-gradient":""},"tablet":{"background-color":"","background-image":"","background-repeat":"repeat","background-position":"center center","background-size":"auto","background-attachment":"scroll","background-type":"","background-media":"","overlay-type":"","overlay-color":"","overlay-opacity":"","overlay-gradient":""},"mobile":{"background-color":"","background-image":"","background-repeat":"repeat","background-position":"center center","background-size":"auto","background-attachment":"scroll","background-type":"","background-media":"","overlay-type":"","overlay-color":"","overlay-opacity":"","overlay-gradient":""}},"ast-content-background-meta":{"desktop":{"background-color":"var(--ast-global-color-5)","background-image":"","background-repeat":"repeat","background-position":"center center","background-size":"auto","background-attachment":"scroll","background-type":"","background-media":"","overlay-type":"","overlay-color":"","overlay-opacity":"","overlay-gradient":""},"tablet":{"background-color":"var(--ast-global-color-5)","background-image":"","background-repeat":"repeat","background-position":"center center","background-size":"auto","background-attachment":"scroll","background-type":"","background-media":"","overlay-type":"","overlay-color":"","overlay-opacity":"","overlay-gradient":""},"mobile":{"background-color":"var(--ast-global-color-5)","background-image":"","background-repeat":"repeat","background-position":"center center","background-size":"auto","background-attachment":"scroll","background-type":"","background-media":"","overlay-type":"","overlay-color":"","overlay-opacity":"","overlay-gradient":""}},"footnotes":""},"categories":[165,29],"tags":[],"class_list":["post-13360","post","type-post","status-publish","format-standard","has-post-thumbnail","hentry","category-formacio","category-portada"],"post_mailing_queue_ids":[],"_links":{"self":[{"href":"https:\/\/serveiseducatius.xtec.cat\/badalona\/wp-json\/wp\/v2\/posts\/13360","targetHints":{"allow":["GET"]}}],"collection":[{"href":"https:\/\/serveiseducatius.xtec.cat\/badalona\/wp-json\/wp\/v2\/posts"}],"about":[{"href":"https:\/\/serveiseducatius.xtec.cat\/badalona\/wp-json\/wp\/v2\/types\/post"}],"author":[{"embeddable":true,"href":"https:\/\/serveiseducatius.xtec.cat\/badalona\/wp-json\/wp\/v2\/users\/9"}],"replies":[{"embeddable":true,"href":"https:\/\/serveiseducatius.xtec.cat\/badalona\/wp-json\/wp\/v2\/comments?post=13360"}],"version-history":[{"count":2,"href":"https:\/\/serveiseducatius.xtec.cat\/badalona\/wp-json\/wp\/v2\/posts\/13360\/revisions"}],"predecessor-version":[{"id":13363,"href":"https:\/\/serveiseducatius.xtec.cat\/badalona\/wp-json\/wp\/v2\/posts\/13360\/revisions\/13363"}],"wp:featuredmedia":[{"embeddable":true,"href":"https:\/\/serveiseducatius.xtec.cat\/badalona\/wp-json\/wp\/v2\/media\/13361"}],"wp:attachment":[{"href":"https:\/\/serveiseducatius.xtec.cat\/badalona\/wp-json\/wp\/v2\/media?parent=13360"}],"wp:term":[{"taxonomy":"category","embeddable":true,"href":"https:\/\/serveiseducatius.xtec.cat\/badalona\/wp-json\/wp\/v2\/categories?post=13360"},{"taxonomy":"post_tag","embeddable":true,"href":"https:\/\/serveiseducatius.xtec.cat\/badalona\/wp-json\/wp\/v2\/tags?post=13360"}],"curies":[{"name":"wp","href":"https:\/\/api.w.org\/{rel}","templated":true}]}}