{"id":13188,"date":"2020-02-11T09:25:18","date_gmt":"2020-02-11T08:25:18","guid":{"rendered":"http:\/\/serveiseducatius.xtec.cat\/badalona\/?p=13188"},"modified":"2020-02-21T19:53:28","modified_gmt":"2020-02-21T18:53:28","slug":"badalona-celebra-el-dia-internacional-de-les-dones-i-les-nenes-a-la-ciencia","status":"publish","type":"post","link":"https:\/\/serveiseducatius.xtec.cat\/badalona\/portada\/badalona-celebra-el-dia-internacional-de-les-dones-i-les-nenes-a-la-ciencia\/","title":{"rendered":"Badalona celebra el Dia Internacional de les Dones i les nenes a la Ci\u00e8ncia"},"content":{"rendered":"<p><img loading=\"lazy\" decoding=\"async\" class=\"wp-image-13189 alignleft\" src=\"https:\/\/serveiseducatius.xtec.cat\/badalona\/wp-content\/uploads\/usu1088\/2020\/02\/1PNG.png\" alt=\"\" width=\"409\" height=\"227\" srcset=\"https:\/\/serveiseducatius.xtec.cat\/badalona\/wp-content\/uploads\/usu1088\/2020\/02\/1PNG.png 594w, https:\/\/serveiseducatius.xtec.cat\/badalona\/wp-content\/uploads\/usu1088\/2020\/02\/1PNG-300x167.png 300w\" sizes=\"auto, (max-width: 409px) 100vw, 409px\" \/><span style=\"font-family: arial, helvetica, sans-serif;\">El dimarts 11 de febrer se celebrar\u00e0 la que ser\u00e0 la segona edici\u00f3 de \u201c<strong>100t\u00edfiques<\/strong>\u201d, un esdeveniment massiu per fomentar les vocacions cientificot\u00e8cniques entre les nenes i nens de les nostres escoles en coincid\u00e8ncia amb el \u201c<strong>Dia Internacional de les Dones i les Nenes en la Ci\u00e8ncia<\/strong>\u201d. Organitzat per la Fundaci\u00f3 Catalana per a la Recerca i la Innovaci\u00f3 (FCRI) i el Barcelona Institute of Science and Technology (BIST), en col\u00b7laboraci\u00f3 amb el Departament d\u2019Educaci\u00f3 de la Generalitat de Catalunya, la iniciativa oferir\u00e0 166 xerrades divulgatives simult\u00e0nies a escoles catalanes, per part de m\u00e9s de 180 investigadores del m\u00f3n de l\u2019empresa i de centres de recerca i universitats (\u201c100t\u00edfiques\u201d), tot mobilitzant 15.000 alumnes de 6\u00e8 de Prim\u00e0ria i 1r d\u2019ESO.<\/span><!--more--><\/p>\n<p><span style=\"font-family: arial, helvetica, sans-serif;\">A Badalona, <span style=\"font-size: medium;\">Ee el marc del Projecte \u201c100t\u00edfiques\u201d\u00a0es faran vuit confer\u00e8ncies a c\u00e0rrec de vuit dones cient\u00edfiques.<br \/>\n<\/span><\/span><\/p>\n<p><span style=\"font-family: arial, helvetica, sans-serif;\"><span style=\"font-size: medium;\">Aquests s\u00f3n els centres i confer\u00e8ncies adre\u00e7ades a l&#8217;alumnat de prim\u00e0ria i secund\u00e0ria:<br \/>\n<\/span><\/span><\/p>\n<p><span style=\"font-family: arial, helvetica, sans-serif;\"><span style=\"font-size: medium;\">-Escola Merc\u00e8 Rodoreda: \u201cEl Marketing de la Ci\u00e8ncia\u201d, a les 11:30 h, a c\u00e0rrec de Consuelo Fernandez Fernandez.<\/span><\/span><\/p>\n<p><span style=\"font-family: arial, helvetica, sans-serif;\"><span style=\"font-size: medium;\">-Escola Joan Coret: \u201cLes dones en la recerca biom\u00e8dica\u201d. A les 11:30 h, a c\u00e0rrec de Nerea Montedeoca.<\/span><\/span><\/p>\n<p><span style=\"font-family: arial, helvetica, sans-serif;\"><span style=\"font-size: medium;\">-Escola Maristes Champagnat: \u201cControl de Qualitat en el mon de la Cosm\u00e8tica\u201d. A les 11:30 h, a c\u00e0rrec de Merc\u00e8 Salmer\u00f3n Utrilla.<br \/>\n<\/span><\/span><\/p>\n<p><span style=\"font-family: arial, helvetica, sans-serif;\"><span style=\"font-size: medium;\">-Institut escola Baldomer Sol\u00e0: Confer\u00e8ncia sobre salut. A les 11:30 h, a c\u00e0rrec d\u2019Eva S\u00e1nchez.<\/span><\/span><\/p>\n<p><span style=\"font-family: arial, helvetica, sans-serif;\"><span style=\"font-size: medium;\">-Institut escola Sant Jordi: \u201cEl m\u00f3n de la nanotecnologia\u201d. A les 11h, a c\u00e0rrec de Regina Galceran Vercher<\/span><\/span><\/p>\n<p><span style=\"font-family: arial, helvetica, sans-serif;\"><span style=\"font-size: medium;\">-Institut escola Rafael Alberti: \u201cLa mujer en la ciencia: rompiendo barreras\u201d, a les 11:30 h, a c\u00e0rrec de Maria Arista Romero.<\/span><\/span><\/p>\n<p><span style=\"font-family: arial, helvetica, sans-serif;\"><span style=\"font-size: medium;\">-Institut J\u00falia Minguell: \u201cLa revoluci\u00f3 verda: el llarg cam\u00ed de les plantes que ens alimentes i ens curen\u201d, a les 11 h, a c\u00e0rrec de S\u00edlvia Forrnal\u00e8.<\/span><\/span><\/p>\n<p><span style=\"font-family: arial, helvetica, sans-serif;\"><span style=\"font-size: medium;\">-Institut Pau Casals: \u201cInvestigar para cambiar el mundo: la import\u00e0ncia de las energias renovables\u201d. Dues xerrades: una a les 11:15 h i l\u2019altra a les 12:30 h, a c\u00e0rrec de Lucile Bernadet.<\/span><\/span><\/p>\n<p>Aquest any cal destacar la participaci\u00f3 del Grup Menarini en aquest projecte promogut per la Fundaci\u00f3 Catalana per a la Recerca i organitzat pel Centre de Recursos Pedag\u00f2gics del<span style=\"font-family: arial, helvetica, sans-serif;\"><span style=\"font-size: small;\"><span style=\"color: #000000;\"><span style=\"font-size: medium;\"><span lang=\"ca-ES\">\u00a0Departament d\u2019Educaci\u00f3 de la Generalitat de Catalunya, per l\u2019Escola de Natura Angeleta Ferrer i l\u2019Escola del Mar, Centre d\u2019Estudis Marins, de l\u2019\u00c0rea de Medi Ambient i Sostenibilitat; i pel Servei d\u2019Educaci\u00f3 de l\u2019Ajuntament de Badalona.<\/span><\/span><\/span><\/span><\/span><\/p>\n","protected":false},"excerpt":{"rendered":"<p>El dimarts 11 de febrer se celebrar\u00e0 la que ser\u00e0 la segona edici\u00f3 de \u201c100t\u00edfiques\u201d, un esdeveniment massiu per fomentar [&hellip;]<\/p>\n","protected":false},"author":1,"featured_media":13189,"comment_status":"closed","ping_status":"closed","sticky":false,"template":"","format":"standard","meta":{"_bbp_topic_count":0,"_bbp_reply_count":0,"_bbp_total_topic_count":0,"_bbp_total_reply_count":0,"_bbp_voice_count":0,"_bbp_anonymous_reply_count":0,"_bbp_topic_count_hidden":0,"_bbp_reply_count_hidden":0,"_bbp_forum_subforum_count":0,"site-sidebar-layout":"default","site-content-layout":"","ast-site-content-layout":"","site-content-style":"default","site-sidebar-style":"default","ast-global-header-display":"","ast-banner-title-visibility":"","ast-main-header-display":"","ast-hfb-above-header-display":"","ast-hfb-below-header-display":"","ast-hfb-mobile-header-display":"","site-post-title":"","ast-breadcrumbs-content":"","ast-featured-img":"","footer-sml-layout":"","theme-transparent-header-meta":"","adv-header-id-meta":"","stick-header-meta":"","header-above-stick-meta":"","header-main-stick-meta":"","header-below-stick-meta":"","astra-migrate-meta-layouts":"default","ast-page-background-enabled":"default","ast-page-background-meta":{"desktop":{"background-color":"var(--ast-global-color-4)","background-image":"","background-repeat":"repeat","background-position":"center center","background-size":"auto","background-attachment":"scroll","background-type":"","background-media":"","overlay-type":"","overlay-color":"","overlay-opacity":"","overlay-gradient":""},"tablet":{"background-color":"","background-image":"","background-repeat":"repeat","background-position":"center center","background-size":"auto","background-attachment":"scroll","background-type":"","background-media":"","overlay-type":"","overlay-color":"","overlay-opacity":"","overlay-gradient":""},"mobile":{"background-color":"","background-image":"","background-repeat":"repeat","background-position":"center center","background-size":"auto","background-attachment":"scroll","background-type":"","background-media":"","overlay-type":"","overlay-color":"","overlay-opacity":"","overlay-gradient":""}},"ast-content-background-meta":{"desktop":{"background-color":"var(--ast-global-color-5)","background-image":"","background-repeat":"repeat","background-position":"center center","background-size":"auto","background-attachment":"scroll","background-type":"","background-media":"","overlay-type":"","overlay-color":"","overlay-opacity":"","overlay-gradient":""},"tablet":{"background-color":"var(--ast-global-color-5)","background-image":"","background-repeat":"repeat","background-position":"center center","background-size":"auto","background-attachment":"scroll","background-type":"","background-media":"","overlay-type":"","overlay-color":"","overlay-opacity":"","overlay-gradient":""},"mobile":{"background-color":"var(--ast-global-color-5)","background-image":"","background-repeat":"repeat","background-position":"center center","background-size":"auto","background-attachment":"scroll","background-type":"","background-media":"","overlay-type":"","overlay-color":"","overlay-opacity":"","overlay-gradient":""}},"footnotes":""},"categories":[29],"tags":[325,1019],"class_list":["post-13188","post","type-post","status-publish","format-standard","has-post-thumbnail","hentry","category-portada","tag-conferencies","tag-dia-de-la-ciencia-a-les-escoles"],"post_mailing_queue_ids":[],"_links":{"self":[{"href":"https:\/\/serveiseducatius.xtec.cat\/badalona\/wp-json\/wp\/v2\/posts\/13188","targetHints":{"allow":["GET"]}}],"collection":[{"href":"https:\/\/serveiseducatius.xtec.cat\/badalona\/wp-json\/wp\/v2\/posts"}],"about":[{"href":"https:\/\/serveiseducatius.xtec.cat\/badalona\/wp-json\/wp\/v2\/types\/post"}],"author":[{"embeddable":true,"href":"https:\/\/serveiseducatius.xtec.cat\/badalona\/wp-json\/wp\/v2\/users\/1"}],"replies":[{"embeddable":true,"href":"https:\/\/serveiseducatius.xtec.cat\/badalona\/wp-json\/wp\/v2\/comments?post=13188"}],"version-history":[{"count":2,"href":"https:\/\/serveiseducatius.xtec.cat\/badalona\/wp-json\/wp\/v2\/posts\/13188\/revisions"}],"predecessor-version":[{"id":13274,"href":"https:\/\/serveiseducatius.xtec.cat\/badalona\/wp-json\/wp\/v2\/posts\/13188\/revisions\/13274"}],"wp:featuredmedia":[{"embeddable":true,"href":"https:\/\/serveiseducatius.xtec.cat\/badalona\/wp-json\/wp\/v2\/media\/13189"}],"wp:attachment":[{"href":"https:\/\/serveiseducatius.xtec.cat\/badalona\/wp-json\/wp\/v2\/media?parent=13188"}],"wp:term":[{"taxonomy":"category","embeddable":true,"href":"https:\/\/serveiseducatius.xtec.cat\/badalona\/wp-json\/wp\/v2\/categories?post=13188"},{"taxonomy":"post_tag","embeddable":true,"href":"https:\/\/serveiseducatius.xtec.cat\/badalona\/wp-json\/wp\/v2\/tags?post=13188"}],"curies":[{"name":"wp","href":"https:\/\/api.w.org\/{rel}","templated":true}]}}