{"id":13132,"date":"2020-01-31T09:37:30","date_gmt":"2020-01-31T08:37:30","guid":{"rendered":"http:\/\/serveiseducatius.xtec.cat\/badalona\/?p=13132"},"modified":"2020-01-31T09:37:30","modified_gmt":"2020-01-31T08:37:30","slug":"11-de-febrer-dia-internacional-de-la-dona-i-la-nena-a-la-ciencia-cientifiques-illustrades","status":"publish","type":"post","link":"https:\/\/serveiseducatius.xtec.cat\/badalona\/portada\/11-de-febrer-dia-internacional-de-la-dona-i-la-nena-a-la-ciencia-cientifiques-illustrades\/","title":{"rendered":"11 de febrer, Dia Internacional de la dona i la nena a la ci\u00e8ncia: Cient\u00edfiques il\u00b7lustrades"},"content":{"rendered":"<p><img loading=\"lazy\" decoding=\"async\" class=\"wp-image-13133 alignleft\" src=\"https:\/\/serveiseducatius.xtec.cat\/badalona\/wp-content\/uploads\/usu1088\/2020\/01\/Cient\u00edfiques.png\" alt=\"\" width=\"298\" height=\"370\" srcset=\"https:\/\/serveiseducatius.xtec.cat\/badalona\/wp-content\/uploads\/usu1088\/2020\/01\/Cient\u00edfiques.png 618w, https:\/\/serveiseducatius.xtec.cat\/badalona\/wp-content\/uploads\/usu1088\/2020\/01\/Cient\u00edfiques-241x300.png 241w\" sizes=\"auto, (max-width: 298px) 100vw, 298px\" \/><\/p>\n<p>El paper de les dones ha sigut important en la hist\u00f2ria de la ci\u00e8ncia, per\u00f2 quantes dones cient\u00edfiques ens venen al cap, m\u00e9s enll\u00e0 de Marie Curie?\u00a0La dissenyadora i il\u00b7lustradora\u00a0<a href=\"https:\/\/www.instagram.com\/rachelignotofsky\/\" target=\"_blank\" rel=\"noopener noreferrer\">Rachel Ignotofsky<\/a>\u00a0s&#8217;ha proposat esmenar aquest buit general de coneixement al llibre\u00a0<a href=\"https:\/\/www.rachelignotofskydesign.com\/women-in-science\" target=\"_blank\" rel=\"noopener noreferrer\"><em>Women in Science<\/em><\/a>, on aplega la hist\u00f2ria i import\u00e0ncia d&#8217;un munt de dones cient\u00edfiques pioneres com aquestes catorze.<\/p>\n<p>Us compartim un article de <a href=\"https:\/\/www.catorze.cat\/noticia\/13643\/cientifiques\/illustrades\" target=\"_blank\" rel=\"noopener noreferrer\">Catorze.cat<\/a> que us pot donar idees per\u00a0 celebrar el Dia de la dona i la nena a la ci\u00e8ncia.<\/p>\n<p>Esperem que us sigui \u00fatil.<\/p>\n<p>&nbsp;<\/p>\n","protected":false},"excerpt":{"rendered":"<p>El paper de les dones ha sigut important en la hist\u00f2ria de la ci\u00e8ncia, per\u00f2 quantes dones cient\u00edfiques ens venen [&hellip;]<\/p>\n","protected":false},"author":15,"featured_media":13133,"comment_status":"closed","ping_status":"closed","sticky":false,"template":"","format":"standard","meta":{"_bbp_topic_count":0,"_bbp_reply_count":0,"_bbp_total_topic_count":0,"_bbp_total_reply_count":0,"_bbp_voice_count":0,"_bbp_anonymous_reply_count":0,"_bbp_topic_count_hidden":0,"_bbp_reply_count_hidden":0,"_bbp_forum_subforum_count":0,"site-sidebar-layout":"default","site-content-layout":"","ast-site-content-layout":"","site-content-style":"default","site-sidebar-style":"default","ast-global-header-display":"","ast-banner-title-visibility":"","ast-main-header-display":"","ast-hfb-above-header-display":"","ast-hfb-below-header-display":"","ast-hfb-mobile-header-display":"","site-post-title":"","ast-breadcrumbs-content":"","ast-featured-img":"","footer-sml-layout":"","theme-transparent-header-meta":"","adv-header-id-meta":"","stick-header-meta":"","header-above-stick-meta":"","header-main-stick-meta":"","header-below-stick-meta":"","astra-migrate-meta-layouts":"default","ast-page-background-enabled":"default","ast-page-background-meta":{"desktop":{"background-color":"var(--ast-global-color-4)","background-image":"","background-repeat":"repeat","background-position":"center center","background-size":"auto","background-attachment":"scroll","background-type":"","background-media":"","overlay-type":"","overlay-color":"","overlay-opacity":"","overlay-gradient":""},"tablet":{"background-color":"","background-image":"","background-repeat":"repeat","background-position":"center center","background-size":"auto","background-attachment":"scroll","background-type":"","background-media":"","overlay-type":"","overlay-color":"","overlay-opacity":"","overlay-gradient":""},"mobile":{"background-color":"","background-image":"","background-repeat":"repeat","background-position":"center center","background-size":"auto","background-attachment":"scroll","background-type":"","background-media":"","overlay-type":"","overlay-color":"","overlay-opacity":"","overlay-gradient":""}},"ast-content-background-meta":{"desktop":{"background-color":"var(--ast-global-color-5)","background-image":"","background-repeat":"repeat","background-position":"center center","background-size":"auto","background-attachment":"scroll","background-type":"","background-media":"","overlay-type":"","overlay-color":"","overlay-opacity":"","overlay-gradient":""},"tablet":{"background-color":"var(--ast-global-color-5)","background-image":"","background-repeat":"repeat","background-position":"center center","background-size":"auto","background-attachment":"scroll","background-type":"","background-media":"","overlay-type":"","overlay-color":"","overlay-opacity":"","overlay-gradient":""},"mobile":{"background-color":"var(--ast-global-color-5)","background-image":"","background-repeat":"repeat","background-position":"center center","background-size":"auto","background-attachment":"scroll","background-type":"","background-media":"","overlay-type":"","overlay-color":"","overlay-opacity":"","overlay-gradient":""}},"footnotes":""},"categories":[29],"tags":[795],"class_list":["post-13132","post","type-post","status-publish","format-standard","has-post-thumbnail","hentry","category-portada","tag-dia-de-la-ciencia"],"post_mailing_queue_ids":[],"_links":{"self":[{"href":"https:\/\/serveiseducatius.xtec.cat\/badalona\/wp-json\/wp\/v2\/posts\/13132","targetHints":{"allow":["GET"]}}],"collection":[{"href":"https:\/\/serveiseducatius.xtec.cat\/badalona\/wp-json\/wp\/v2\/posts"}],"about":[{"href":"https:\/\/serveiseducatius.xtec.cat\/badalona\/wp-json\/wp\/v2\/types\/post"}],"author":[{"embeddable":true,"href":"https:\/\/serveiseducatius.xtec.cat\/badalona\/wp-json\/wp\/v2\/users\/15"}],"replies":[{"embeddable":true,"href":"https:\/\/serveiseducatius.xtec.cat\/badalona\/wp-json\/wp\/v2\/comments?post=13132"}],"version-history":[{"count":3,"href":"https:\/\/serveiseducatius.xtec.cat\/badalona\/wp-json\/wp\/v2\/posts\/13132\/revisions"}],"predecessor-version":[{"id":13136,"href":"https:\/\/serveiseducatius.xtec.cat\/badalona\/wp-json\/wp\/v2\/posts\/13132\/revisions\/13136"}],"wp:featuredmedia":[{"embeddable":true,"href":"https:\/\/serveiseducatius.xtec.cat\/badalona\/wp-json\/wp\/v2\/media\/13133"}],"wp:attachment":[{"href":"https:\/\/serveiseducatius.xtec.cat\/badalona\/wp-json\/wp\/v2\/media?parent=13132"}],"wp:term":[{"taxonomy":"category","embeddable":true,"href":"https:\/\/serveiseducatius.xtec.cat\/badalona\/wp-json\/wp\/v2\/categories?post=13132"},{"taxonomy":"post_tag","embeddable":true,"href":"https:\/\/serveiseducatius.xtec.cat\/badalona\/wp-json\/wp\/v2\/tags?post=13132"}],"curies":[{"name":"wp","href":"https:\/\/api.w.org\/{rel}","templated":true}]}}