{"id":13118,"date":"2020-01-28T16:51:06","date_gmt":"2020-01-28T15:51:06","guid":{"rendered":"http:\/\/serveiseducatius.xtec.cat\/badalona\/?p=13118"},"modified":"2020-01-28T16:51:06","modified_gmt":"2020-01-28T15:51:06","slug":"curs-telematic-30h-educacio-per-a-la-mobilitat-segura-formacio-per-al-professorat-de-primaria-i-secundaria","status":"publish","type":"post","link":"https:\/\/serveiseducatius.xtec.cat\/badalona\/portada\/curs-telematic-30h-educacio-per-a-la-mobilitat-segura-formacio-per-al-professorat-de-primaria-i-secundaria\/","title":{"rendered":"Curs telem\u00e0tic 30h \u201cEducaci\u00f3 per a la mobilitat segura. Formaci\u00f3 per al professorat de prim\u00e0ria i secund\u00e0ria&#8221;"},"content":{"rendered":"<p style=\"font-weight: 400;\"><img loading=\"lazy\" decoding=\"async\" class=\" wp-image-13119 alignleft\" src=\"https:\/\/serveiseducatius.xtec.cat\/badalona\/wp-content\/uploads\/usu1088\/2020\/01\/Serveicatal\u00e0tr\u00e0nsit.png\" alt=\"\" width=\"396\" height=\"112\" srcset=\"https:\/\/serveiseducatius.xtec.cat\/badalona\/wp-content\/uploads\/usu1088\/2020\/01\/Serveicatal\u00e0tr\u00e0nsit.png 541w, https:\/\/serveiseducatius.xtec.cat\/badalona\/wp-content\/uploads\/usu1088\/2020\/01\/Serveicatal\u00e0tr\u00e0nsit-300x85.png 300w\" sizes=\"auto, (max-width: 396px) 100vw, 396px\" \/><\/p>\n<p style=\"font-weight: 400;\">Els infants i els joves exerceixen el seu dret a moure\u2019s per les vies p\u00fabliques. \u00c9s una necessitat que ells tenen i el professorat que far\u00e0 aquest aprendr\u00e0 els continguts, perqu\u00e8 pugueu ajudar els infants i\u00a0<span style=\"font-family: inherit; font-size: 1em;\">els joves a despla\u00e7ar-se amb seguretat respectant la seva pr\u00f2pia salut i la dels altres: <\/span><u style=\"font-family: inherit; font-size: 1em;\">sense accidents de tr\u00e0nsit<\/u><span style=\"font-family: inherit; font-size: 1em;\">. <\/span><\/p>\n<p style=\"font-weight: 400;\"><span style=\"font-family: inherit; font-size: 1em;\">\u00c9s una oportunitat de donar a eines a l\u2019alumnat per cr\u00e9ixer personalment i educar-lo en valors. <\/span>\u00c9s per aix\u00f2 que us volem animar a fer el curs i introduir els continguts d\u2019educaci\u00f3 per a la mobilitat segura en un futur pr\u00f2xim al vostre curr\u00edculum escolar.<\/p>\n<p>Formaci\u00f3 per al professorat de prim\u00e0ria i secund\u00e0ria\u201d organitzat pel Servei Catal\u00e0 de Tr\u00e0nsit juntament amb el Departament d\u2019Educaci\u00f3 telem\u00e0tica a ODISSEA.<\/p>\n<p>Animeu-vos a participar-hi!<\/p>\n<p>Inscripcions fins al dimecres, 5 de febrer de 2020<\/p>\n<p style=\"font-weight: 400;\"><a href=\"http:\/\/xtec.gencat.cat\/ca\/formacio\/formaciogeneralprofessorat\/accio_orientacio_clima\/educacio-per-a-la-mobilitat-segura\/\" target=\"_blank\" rel=\"noopener noreferrer\">M\u00e9s informaci\u00f3<\/a><\/p>\n","protected":false},"excerpt":{"rendered":"<p>Els infants i els joves exerceixen el seu dret a moure\u2019s per les vies p\u00fabliques. \u00c9s una necessitat que ells [&hellip;]<\/p>\n","protected":false},"author":15,"featured_media":13119,"comment_status":"closed","ping_status":"closed","sticky":false,"template":"","format":"standard","meta":{"_bbp_topic_count":0,"_bbp_reply_count":0,"_bbp_total_topic_count":0,"_bbp_total_reply_count":0,"_bbp_voice_count":0,"_bbp_anonymous_reply_count":0,"_bbp_topic_count_hidden":0,"_bbp_reply_count_hidden":0,"_bbp_forum_subforum_count":0,"site-sidebar-layout":"default","site-content-layout":"","ast-site-content-layout":"","site-content-style":"default","site-sidebar-style":"default","ast-global-header-display":"","ast-banner-title-visibility":"","ast-main-header-display":"","ast-hfb-above-header-display":"","ast-hfb-below-header-display":"","ast-hfb-mobile-header-display":"","site-post-title":"","ast-breadcrumbs-content":"","ast-featured-img":"","footer-sml-layout":"","theme-transparent-header-meta":"","adv-header-id-meta":"","stick-header-meta":"","header-above-stick-meta":"","header-main-stick-meta":"","header-below-stick-meta":"","astra-migrate-meta-layouts":"default","ast-page-background-enabled":"default","ast-page-background-meta":{"desktop":{"background-color":"var(--ast-global-color-4)","background-image":"","background-repeat":"repeat","background-position":"center center","background-size":"auto","background-attachment":"scroll","background-type":"","background-media":"","overlay-type":"","overlay-color":"","overlay-opacity":"","overlay-gradient":""},"tablet":{"background-color":"","background-image":"","background-repeat":"repeat","background-position":"center center","background-size":"auto","background-attachment":"scroll","background-type":"","background-media":"","overlay-type":"","overlay-color":"","overlay-opacity":"","overlay-gradient":""},"mobile":{"background-color":"","background-image":"","background-repeat":"repeat","background-position":"center center","background-size":"auto","background-attachment":"scroll","background-type":"","background-media":"","overlay-type":"","overlay-color":"","overlay-opacity":"","overlay-gradient":""}},"ast-content-background-meta":{"desktop":{"background-color":"var(--ast-global-color-5)","background-image":"","background-repeat":"repeat","background-position":"center center","background-size":"auto","background-attachment":"scroll","background-type":"","background-media":"","overlay-type":"","overlay-color":"","overlay-opacity":"","overlay-gradient":""},"tablet":{"background-color":"var(--ast-global-color-5)","background-image":"","background-repeat":"repeat","background-position":"center center","background-size":"auto","background-attachment":"scroll","background-type":"","background-media":"","overlay-type":"","overlay-color":"","overlay-opacity":"","overlay-gradient":""},"mobile":{"background-color":"var(--ast-global-color-5)","background-image":"","background-repeat":"repeat","background-position":"center center","background-size":"auto","background-attachment":"scroll","background-type":"","background-media":"","overlay-type":"","overlay-color":"","overlay-opacity":"","overlay-gradient":""}},"footnotes":""},"categories":[29],"tags":[1057],"class_list":["post-13118","post","type-post","status-publish","format-standard","has-post-thumbnail","hentry","category-portada","tag-mobilitat-segura"],"post_mailing_queue_ids":[],"_links":{"self":[{"href":"https:\/\/serveiseducatius.xtec.cat\/badalona\/wp-json\/wp\/v2\/posts\/13118","targetHints":{"allow":["GET"]}}],"collection":[{"href":"https:\/\/serveiseducatius.xtec.cat\/badalona\/wp-json\/wp\/v2\/posts"}],"about":[{"href":"https:\/\/serveiseducatius.xtec.cat\/badalona\/wp-json\/wp\/v2\/types\/post"}],"author":[{"embeddable":true,"href":"https:\/\/serveiseducatius.xtec.cat\/badalona\/wp-json\/wp\/v2\/users\/15"}],"replies":[{"embeddable":true,"href":"https:\/\/serveiseducatius.xtec.cat\/badalona\/wp-json\/wp\/v2\/comments?post=13118"}],"version-history":[{"count":1,"href":"https:\/\/serveiseducatius.xtec.cat\/badalona\/wp-json\/wp\/v2\/posts\/13118\/revisions"}],"predecessor-version":[{"id":13120,"href":"https:\/\/serveiseducatius.xtec.cat\/badalona\/wp-json\/wp\/v2\/posts\/13118\/revisions\/13120"}],"wp:featuredmedia":[{"embeddable":true,"href":"https:\/\/serveiseducatius.xtec.cat\/badalona\/wp-json\/wp\/v2\/media\/13119"}],"wp:attachment":[{"href":"https:\/\/serveiseducatius.xtec.cat\/badalona\/wp-json\/wp\/v2\/media?parent=13118"}],"wp:term":[{"taxonomy":"category","embeddable":true,"href":"https:\/\/serveiseducatius.xtec.cat\/badalona\/wp-json\/wp\/v2\/categories?post=13118"},{"taxonomy":"post_tag","embeddable":true,"href":"https:\/\/serveiseducatius.xtec.cat\/badalona\/wp-json\/wp\/v2\/tags?post=13118"}],"curies":[{"name":"wp","href":"https:\/\/api.w.org\/{rel}","templated":true}]}}