{"id":13099,"date":"2020-01-24T12:55:18","date_gmt":"2020-01-24T11:55:18","guid":{"rendered":"http:\/\/serveiseducatius.xtec.cat\/badalona\/?p=13099"},"modified":"2020-01-27T10:40:46","modified_gmt":"2020-01-27T09:40:46","slug":"carnestoltes-infantil-de-badalona","status":"publish","type":"post","link":"https:\/\/serveiseducatius.xtec.cat\/badalona\/portada\/carnestoltes-infantil-de-badalona\/","title":{"rendered":"Carnestoltes infantil de Badalona"},"content":{"rendered":"<p class=\"gmail_default\"><span style=\"color: #000000;\"><img loading=\"lazy\" decoding=\"async\" class=\"size-full wp-image-13100 alignleft\" src=\"https:\/\/serveiseducatius.xtec.cat\/badalona\/wp-content\/uploads\/usu1088\/2020\/01\/baixa.jpg\" alt=\"\" width=\"259\" height=\"194\" srcset=\"https:\/\/serveiseducatius.xtec.cat\/badalona\/wp-content\/uploads\/usu1088\/2020\/01\/baixa.jpg 259w, https:\/\/serveiseducatius.xtec.cat\/badalona\/wp-content\/uploads\/usu1088\/2020\/01\/baixa-200x150.jpg 200w\" sizes=\"auto, (max-width: 259px) 100vw, 259px\" \/>Aquest any el CARNESTOLTES INFANTIL DE BADALONA vol ser un punt de trobada per tots els infants, una festa adre\u00e7ada a tota la canalla de la ciutat i dins de la programaci\u00f3 oficial de l&#8217;Ajuntament de Badalona.<\/span><\/p>\n<p class=\"gmail_default\"><span style=\"color: #000000;\">Fam\u00edlies i docents! FAMPAS de Badalona i la Comissi\u00f3 de Carnestoltes de Badalona us anima a participar amb <b>Gegants\/es, b\u00e8sties, capgrossos, batucades i comparses de tota mena!! <\/b><\/span><span style=\"color: #000000;\">Tamb\u00e9 s&#8217;anima a que es treballi sobre la tem\u00e0tica que s&#8217;ha triat: &#8220;<b>VIDA SALUDABLE<\/b>&#8220;<\/span><\/p>\n<p class=\"gmail_default\"><span style=\"color: #000000;\">Per a grups grans s&#8217;obrir\u00e0 un formulari d&#8217;inscripci\u00f3 per tal de facilitar l&#8217;organitzaci\u00f3 de la Rua i reservar un espai. El rebreu m\u00e9s endavant amb el cartell i tota la informaci\u00f3. Per tal que pugueu comen\u00e7ar a preparar les comparses se us fa arribar la seg\u00fcent informaci\u00f3:<\/span><\/p>\n<p class=\"gmail_default\"><span style=\"color: #000000;\"><b><span style=\"font-size: large;\">CARNAVAL INFANTIL de Badalona 2020<\/span><\/b><br \/>\n<\/span><\/p>\n<p class=\"gmail_default\"><span style=\"color: #000000;\"><b>[DATA]: <\/b>Diumenge 23 de febrer de 2020<\/span><\/p>\n<p><b>[HORARIS]:<\/b><\/p>\n<p>10:30h Trobada a Ca l&#8217;Andal\u00a0<i>(C\/ Independ\u00e8ncia a l&#8217;al\u00e7ada del pont de l&#8217;autopista)<\/i><\/p>\n<p class=\"gmail_default\"><span style=\"color: #000000;\">10:45h Masterclass de Ball per a tothom<\/span><\/p>\n<p>11:15h\u00a0 Inici de la Rua amb Batucades i animaci\u00f3<\/p>\n<p>12:30h\u00a0 Festa a l&#8217;Escola Bufal\u00e0 amb espectacles per la canalla.<\/p>\n","protected":false},"excerpt":{"rendered":"<p>Aquest any el CARNESTOLTES INFANTIL DE BADALONA vol ser un punt de trobada per tots els infants, una festa adre\u00e7ada [&hellip;]<\/p>\n","protected":false},"author":1,"featured_media":13100,"comment_status":"closed","ping_status":"closed","sticky":false,"template":"","format":"standard","meta":{"_bbp_topic_count":0,"_bbp_reply_count":0,"_bbp_total_topic_count":0,"_bbp_total_reply_count":0,"_bbp_voice_count":0,"_bbp_anonymous_reply_count":0,"_bbp_topic_count_hidden":0,"_bbp_reply_count_hidden":0,"_bbp_forum_subforum_count":0,"site-sidebar-layout":"default","site-content-layout":"","ast-site-content-layout":"","site-content-style":"default","site-sidebar-style":"default","ast-global-header-display":"","ast-banner-title-visibility":"","ast-main-header-display":"","ast-hfb-above-header-display":"","ast-hfb-below-header-display":"","ast-hfb-mobile-header-display":"","site-post-title":"","ast-breadcrumbs-content":"","ast-featured-img":"","footer-sml-layout":"","theme-transparent-header-meta":"","adv-header-id-meta":"","stick-header-meta":"","header-above-stick-meta":"","header-main-stick-meta":"","header-below-stick-meta":"","astra-migrate-meta-layouts":"default","ast-page-background-enabled":"default","ast-page-background-meta":{"desktop":{"background-color":"var(--ast-global-color-4)","background-image":"","background-repeat":"repeat","background-position":"center center","background-size":"auto","background-attachment":"scroll","background-type":"","background-media":"","overlay-type":"","overlay-color":"","overlay-opacity":"","overlay-gradient":""},"tablet":{"background-color":"","background-image":"","background-repeat":"repeat","background-position":"center center","background-size":"auto","background-attachment":"scroll","background-type":"","background-media":"","overlay-type":"","overlay-color":"","overlay-opacity":"","overlay-gradient":""},"mobile":{"background-color":"","background-image":"","background-repeat":"repeat","background-position":"center center","background-size":"auto","background-attachment":"scroll","background-type":"","background-media":"","overlay-type":"","overlay-color":"","overlay-opacity":"","overlay-gradient":""}},"ast-content-background-meta":{"desktop":{"background-color":"var(--ast-global-color-5)","background-image":"","background-repeat":"repeat","background-position":"center center","background-size":"auto","background-attachment":"scroll","background-type":"","background-media":"","overlay-type":"","overlay-color":"","overlay-opacity":"","overlay-gradient":""},"tablet":{"background-color":"var(--ast-global-color-5)","background-image":"","background-repeat":"repeat","background-position":"center center","background-size":"auto","background-attachment":"scroll","background-type":"","background-media":"","overlay-type":"","overlay-color":"","overlay-opacity":"","overlay-gradient":""},"mobile":{"background-color":"var(--ast-global-color-5)","background-image":"","background-repeat":"repeat","background-position":"center center","background-size":"auto","background-attachment":"scroll","background-type":"","background-media":"","overlay-type":"","overlay-color":"","overlay-opacity":"","overlay-gradient":""}},"footnotes":""},"categories":[64,29],"tags":[1286,1287],"class_list":["post-13099","post","type-post","status-publish","format-standard","has-post-thumbnail","hentry","category-comunitat","category-portada","tag-carnaval","tag-carnestoltes"],"post_mailing_queue_ids":[],"_links":{"self":[{"href":"https:\/\/serveiseducatius.xtec.cat\/badalona\/wp-json\/wp\/v2\/posts\/13099","targetHints":{"allow":["GET"]}}],"collection":[{"href":"https:\/\/serveiseducatius.xtec.cat\/badalona\/wp-json\/wp\/v2\/posts"}],"about":[{"href":"https:\/\/serveiseducatius.xtec.cat\/badalona\/wp-json\/wp\/v2\/types\/post"}],"author":[{"embeddable":true,"href":"https:\/\/serveiseducatius.xtec.cat\/badalona\/wp-json\/wp\/v2\/users\/1"}],"replies":[{"embeddable":true,"href":"https:\/\/serveiseducatius.xtec.cat\/badalona\/wp-json\/wp\/v2\/comments?post=13099"}],"version-history":[{"count":2,"href":"https:\/\/serveiseducatius.xtec.cat\/badalona\/wp-json\/wp\/v2\/posts\/13099\/revisions"}],"predecessor-version":[{"id":13106,"href":"https:\/\/serveiseducatius.xtec.cat\/badalona\/wp-json\/wp\/v2\/posts\/13099\/revisions\/13106"}],"wp:featuredmedia":[{"embeddable":true,"href":"https:\/\/serveiseducatius.xtec.cat\/badalona\/wp-json\/wp\/v2\/media\/13100"}],"wp:attachment":[{"href":"https:\/\/serveiseducatius.xtec.cat\/badalona\/wp-json\/wp\/v2\/media?parent=13099"}],"wp:term":[{"taxonomy":"category","embeddable":true,"href":"https:\/\/serveiseducatius.xtec.cat\/badalona\/wp-json\/wp\/v2\/categories?post=13099"},{"taxonomy":"post_tag","embeddable":true,"href":"https:\/\/serveiseducatius.xtec.cat\/badalona\/wp-json\/wp\/v2\/tags?post=13099"}],"curies":[{"name":"wp","href":"https:\/\/api.w.org\/{rel}","templated":true}]}}