{"id":13067,"date":"2020-01-21T12:44:18","date_gmt":"2020-01-21T11:44:18","guid":{"rendered":"http:\/\/serveiseducatius.xtec.cat\/badalona\/?p=13067"},"modified":"2020-01-24T10:39:05","modified_gmt":"2020-01-24T09:39:05","slug":"cicle-de-conferencies-anar-a-mar-4","status":"publish","type":"post","link":"https:\/\/serveiseducatius.xtec.cat\/badalona\/portada\/cicle-de-conferencies-anar-a-mar-4\/","title":{"rendered":"Cicle de confer\u00e8ncies: &#8220;Anar a Mar&#8221;"},"content":{"rendered":"<div><a href=\"http:\/\/badalona.cat\/portalWeb\/badalona.portal?_nfpb=true&amp;_pageLabel=detall_agenda&amp;dDocName=AJB093786#wlp_detall_agenda\" target=\"_blank\" rel=\"noopener noreferrer\"><img loading=\"lazy\" decoding=\"async\" class=\"wp-image-12583 alignleft\" src=\"https:\/\/serveiseducatius.xtec.cat\/badalona\/wp-content\/uploads\/usu1088\/2019\/11\/Anaramar.png\" alt=\"\" width=\"355\" height=\"248\" \/><\/a><\/div>\n<div style=\"text-align: justify;\">Cicle de confer\u00e8ncies \u201cAnar a Mar\u201d,<strong> dijous 23 de gener a les 19h<\/strong> al Centre d\u2019Activitats N\u00e0utiques del Port de Badalona.<\/div>\n<div>\u00a0<\/div>\n<div style=\"text-align: justify;\"><strong><em>Realment podem fer alguna cosa per revertir la greu situaci\u00f3 ambiental derivada de l\u2019agressi\u00f3 constant al medi?<\/em> <\/strong><\/div>\n<div>\u00a0<\/div>\n<div style=\"text-align: justify;\">Ho analitzem des del punt de vista de les pol\u00edtiques p\u00fabliques de la m\u00e0 de <strong>Merc\u00e8 Rius<\/strong> (Doctora en Ci\u00e8ncies Biol\u00f2giques), que t\u00e9 una \u00e0mplia traject\u00f2ria de gesti\u00f3 al capdavant de l\u2019administraci\u00f3 local, com a regidora, tot passant per administracions de segon nivell com la Diputaci\u00f3 de Barcelona. Per a m\u00e9s informaci\u00f3 cliqueu <a href=\"http:\/\/badalona.cat\/portalWeb\/getfile?dID=108656&amp;rendition=web\" target=\"_blank\" rel=\"noopener noreferrer\" data-saferedirecturl=\"https:\/\/www.google.com\/url?q=http:\/\/badalona.cat\/portalWeb\/getfile?dID%3D108656%26rendition%3Dweb&amp;source=gmail&amp;ust=1579692817215000&amp;usg=AFQjCNHQl2ppMwhkZVtYuRZQ4WneYRg4Mw\">aqu\u00ed<\/a>.<\/div>\n","protected":false},"excerpt":{"rendered":"<p>Cicle de confer\u00e8ncies \u201cAnar a Mar\u201d, dijous 23 de gener a les 19h al Centre d\u2019Activitats N\u00e0utiques del Port de [&hellip;]<\/p>\n","protected":false},"author":1,"featured_media":12583,"comment_status":"closed","ping_status":"closed","sticky":false,"template":"","format":"standard","meta":{"_bbp_topic_count":0,"_bbp_reply_count":0,"_bbp_total_topic_count":0,"_bbp_total_reply_count":0,"_bbp_voice_count":0,"_bbp_anonymous_reply_count":0,"_bbp_topic_count_hidden":0,"_bbp_reply_count_hidden":0,"_bbp_forum_subforum_count":0,"site-sidebar-layout":"default","site-content-layout":"","ast-site-content-layout":"","site-content-style":"default","site-sidebar-style":"default","ast-global-header-display":"","ast-banner-title-visibility":"","ast-main-header-display":"","ast-hfb-above-header-display":"","ast-hfb-below-header-display":"","ast-hfb-mobile-header-display":"","site-post-title":"","ast-breadcrumbs-content":"","ast-featured-img":"","footer-sml-layout":"","theme-transparent-header-meta":"","adv-header-id-meta":"","stick-header-meta":"","header-above-stick-meta":"","header-main-stick-meta":"","header-below-stick-meta":"","astra-migrate-meta-layouts":"default","ast-page-background-enabled":"default","ast-page-background-meta":{"desktop":{"background-color":"var(--ast-global-color-4)","background-image":"","background-repeat":"repeat","background-position":"center center","background-size":"auto","background-attachment":"scroll","background-type":"","background-media":"","overlay-type":"","overlay-color":"","overlay-opacity":"","overlay-gradient":""},"tablet":{"background-color":"","background-image":"","background-repeat":"repeat","background-position":"center center","background-size":"auto","background-attachment":"scroll","background-type":"","background-media":"","overlay-type":"","overlay-color":"","overlay-opacity":"","overlay-gradient":""},"mobile":{"background-color":"","background-image":"","background-repeat":"repeat","background-position":"center center","background-size":"auto","background-attachment":"scroll","background-type":"","background-media":"","overlay-type":"","overlay-color":"","overlay-opacity":"","overlay-gradient":""}},"ast-content-background-meta":{"desktop":{"background-color":"var(--ast-global-color-5)","background-image":"","background-repeat":"repeat","background-position":"center center","background-size":"auto","background-attachment":"scroll","background-type":"","background-media":"","overlay-type":"","overlay-color":"","overlay-opacity":"","overlay-gradient":""},"tablet":{"background-color":"var(--ast-global-color-5)","background-image":"","background-repeat":"repeat","background-position":"center center","background-size":"auto","background-attachment":"scroll","background-type":"","background-media":"","overlay-type":"","overlay-color":"","overlay-opacity":"","overlay-gradient":""},"mobile":{"background-color":"var(--ast-global-color-5)","background-image":"","background-repeat":"repeat","background-position":"center center","background-size":"auto","background-attachment":"scroll","background-type":"","background-media":"","overlay-type":"","overlay-color":"","overlay-opacity":"","overlay-gradient":""}},"footnotes":""},"categories":[64,165,29],"tags":[1018,167,457],"class_list":["post-13067","post","type-post","status-publish","format-standard","has-post-thumbnail","hentry","category-comunitat","category-formacio","category-portada","tag-anar-a-mar","tag-badalona","tag-conferencia"],"post_mailing_queue_ids":[],"_links":{"self":[{"href":"https:\/\/serveiseducatius.xtec.cat\/badalona\/wp-json\/wp\/v2\/posts\/13067","targetHints":{"allow":["GET"]}}],"collection":[{"href":"https:\/\/serveiseducatius.xtec.cat\/badalona\/wp-json\/wp\/v2\/posts"}],"about":[{"href":"https:\/\/serveiseducatius.xtec.cat\/badalona\/wp-json\/wp\/v2\/types\/post"}],"author":[{"embeddable":true,"href":"https:\/\/serveiseducatius.xtec.cat\/badalona\/wp-json\/wp\/v2\/users\/1"}],"replies":[{"embeddable":true,"href":"https:\/\/serveiseducatius.xtec.cat\/badalona\/wp-json\/wp\/v2\/comments?post=13067"}],"version-history":[{"count":3,"href":"https:\/\/serveiseducatius.xtec.cat\/badalona\/wp-json\/wp\/v2\/posts\/13067\/revisions"}],"predecessor-version":[{"id":13094,"href":"https:\/\/serveiseducatius.xtec.cat\/badalona\/wp-json\/wp\/v2\/posts\/13067\/revisions\/13094"}],"wp:featuredmedia":[{"embeddable":true,"href":"https:\/\/serveiseducatius.xtec.cat\/badalona\/wp-json\/wp\/v2\/media\/12583"}],"wp:attachment":[{"href":"https:\/\/serveiseducatius.xtec.cat\/badalona\/wp-json\/wp\/v2\/media?parent=13067"}],"wp:term":[{"taxonomy":"category","embeddable":true,"href":"https:\/\/serveiseducatius.xtec.cat\/badalona\/wp-json\/wp\/v2\/categories?post=13067"},{"taxonomy":"post_tag","embeddable":true,"href":"https:\/\/serveiseducatius.xtec.cat\/badalona\/wp-json\/wp\/v2\/tags?post=13067"}],"curies":[{"name":"wp","href":"https:\/\/api.w.org\/{rel}","templated":true}]}}