{"id":13063,"date":"2020-01-20T17:02:50","date_gmt":"2020-01-20T16:02:50","guid":{"rendered":"http:\/\/serveiseducatius.xtec.cat\/badalona\/?p=13063"},"modified":"2020-01-20T17:02:50","modified_gmt":"2020-01-20T16:02:50","slug":"fes-festa-rituals-cultures-i-religions-del-mon","status":"publish","type":"post","link":"https:\/\/serveiseducatius.xtec.cat\/badalona\/portada\/fes-festa-rituals-cultures-i-religions-del-mon\/","title":{"rendered":"Fes festa! Rituals, cultures i religions del m\u00f3n"},"content":{"rendered":"<p><img loading=\"lazy\" decoding=\"async\" class=\"size-full wp-image-13064 alignnone\" src=\"https:\/\/serveiseducatius.xtec.cat\/badalona\/wp-content\/uploads\/usu1088\/2020\/01\/071_fesfesta.jpg_1622062964.jpg\" alt=\"\" width=\"298\" height=\"224\" srcset=\"https:\/\/serveiseducatius.xtec.cat\/badalona\/wp-content\/uploads\/usu1088\/2020\/01\/071_fesfesta.jpg_1622062964.jpg 298w, https:\/\/serveiseducatius.xtec.cat\/badalona\/wp-content\/uploads\/usu1088\/2020\/01\/071_fesfesta.jpg_1622062964-200x150.jpg 200w\" sizes=\"auto, (max-width: 298px) 100vw, 298px\" \/><\/p>\n<p><em>Des de SE de Badalona us hem\u00a0 fet arribar el material <strong>Fes festa! Rituals, cultures i religions del m\u00f3n<\/strong><\/em><\/p>\n<p>La publicaci\u00f3 est\u00e0 destinada a joves per con\u00e8ixer la diversitat religiosa a trav\u00e9s de les festes. Consta de dos volums, un de destinat a l\u2019alumnat d\u2019educaci\u00f3 secund\u00e0ria i un altre per al professorat. L\u2019obra presenta la pluralitat religiosa i ofereix eines per viure responsablement i respectuosament en un entorn de diversitat religiosa, moral i cultural.<\/p>\n<p><em>Fes festa!<\/em>\u00a0t\u00e9 com a objectiu introduir el jovent que cursa l\u2019Educaci\u00f3 Secund\u00e0ria Obligat\u00f2ria o el Batxillerat al m\u00f3n de les festes religioses, amb finalitat de comprendre quina fe hi ha darrere de cada festa per poder convidar a viure la descoberta.<\/p>\n<p>M\u00e9s informaci\u00f3 <a href=\"http:\/\/justicia.gencat.cat\/ca\/detalls\/Article\/Fes-festa\" target=\"_blank\" rel=\"noopener noreferrer\">aqu\u00ed<\/a><\/p>\n<p><a class=\"tit\" title=\"Aquest enlla\u00e7 s'obre en una nova pestanya: null\" href=\"http:\/\/justicia.gencat.cat\/web\/.content\/afers-religiosos\/06_publicacions\/Fes-festa\/Fes-festa-material.pdf\" target=\"_blank\" rel=\"noopener noreferrer\">Material de consulta (alumnes)<\/a><\/p>\n<p><a href=\"http:\/\/justicia.gencat.cat\/web\/.content\/afers-religiosos\/06_publicacions\/Fes-festa\/Fes-festa-guia.pdf\" target=\"_blank\" rel=\"noopener noreferrer\">Guia de proposta did\u00e0ctica<\/a><\/p>\n","protected":false},"excerpt":{"rendered":"<p>Des de SE de Badalona us hem\u00a0 fet arribar el material Fes festa! Rituals, cultures i religions del m\u00f3n La [&hellip;]<\/p>\n","protected":false},"author":15,"featured_media":13064,"comment_status":"closed","ping_status":"closed","sticky":false,"template":"","format":"standard","meta":{"_bbp_topic_count":0,"_bbp_reply_count":0,"_bbp_total_topic_count":0,"_bbp_total_reply_count":0,"_bbp_voice_count":0,"_bbp_anonymous_reply_count":0,"_bbp_topic_count_hidden":0,"_bbp_reply_count_hidden":0,"_bbp_forum_subforum_count":0,"site-sidebar-layout":"default","site-content-layout":"","ast-site-content-layout":"","site-content-style":"default","site-sidebar-style":"default","ast-global-header-display":"","ast-banner-title-visibility":"","ast-main-header-display":"","ast-hfb-above-header-display":"","ast-hfb-below-header-display":"","ast-hfb-mobile-header-display":"","site-post-title":"","ast-breadcrumbs-content":"","ast-featured-img":"","footer-sml-layout":"","theme-transparent-header-meta":"","adv-header-id-meta":"","stick-header-meta":"","header-above-stick-meta":"","header-main-stick-meta":"","header-below-stick-meta":"","astra-migrate-meta-layouts":"default","ast-page-background-enabled":"default","ast-page-background-meta":{"desktop":{"background-color":"var(--ast-global-color-4)","background-image":"","background-repeat":"repeat","background-position":"center center","background-size":"auto","background-attachment":"scroll","background-type":"","background-media":"","overlay-type":"","overlay-color":"","overlay-opacity":"","overlay-gradient":""},"tablet":{"background-color":"","background-image":"","background-repeat":"repeat","background-position":"center center","background-size":"auto","background-attachment":"scroll","background-type":"","background-media":"","overlay-type":"","overlay-color":"","overlay-opacity":"","overlay-gradient":""},"mobile":{"background-color":"","background-image":"","background-repeat":"repeat","background-position":"center center","background-size":"auto","background-attachment":"scroll","background-type":"","background-media":"","overlay-type":"","overlay-color":"","overlay-opacity":"","overlay-gradient":""}},"ast-content-background-meta":{"desktop":{"background-color":"var(--ast-global-color-5)","background-image":"","background-repeat":"repeat","background-position":"center center","background-size":"auto","background-attachment":"scroll","background-type":"","background-media":"","overlay-type":"","overlay-color":"","overlay-opacity":"","overlay-gradient":""},"tablet":{"background-color":"var(--ast-global-color-5)","background-image":"","background-repeat":"repeat","background-position":"center center","background-size":"auto","background-attachment":"scroll","background-type":"","background-media":"","overlay-type":"","overlay-color":"","overlay-opacity":"","overlay-gradient":""},"mobile":{"background-color":"var(--ast-global-color-5)","background-image":"","background-repeat":"repeat","background-position":"center center","background-size":"auto","background-attachment":"scroll","background-type":"","background-media":"","overlay-type":"","overlay-color":"","overlay-opacity":"","overlay-gradient":""}},"footnotes":""},"categories":[29],"tags":[924],"class_list":["post-13063","post","type-post","status-publish","format-standard","has-post-thumbnail","hentry","category-portada","tag-educacio-intercultural"],"post_mailing_queue_ids":[],"_links":{"self":[{"href":"https:\/\/serveiseducatius.xtec.cat\/badalona\/wp-json\/wp\/v2\/posts\/13063","targetHints":{"allow":["GET"]}}],"collection":[{"href":"https:\/\/serveiseducatius.xtec.cat\/badalona\/wp-json\/wp\/v2\/posts"}],"about":[{"href":"https:\/\/serveiseducatius.xtec.cat\/badalona\/wp-json\/wp\/v2\/types\/post"}],"author":[{"embeddable":true,"href":"https:\/\/serveiseducatius.xtec.cat\/badalona\/wp-json\/wp\/v2\/users\/15"}],"replies":[{"embeddable":true,"href":"https:\/\/serveiseducatius.xtec.cat\/badalona\/wp-json\/wp\/v2\/comments?post=13063"}],"version-history":[{"count":1,"href":"https:\/\/serveiseducatius.xtec.cat\/badalona\/wp-json\/wp\/v2\/posts\/13063\/revisions"}],"predecessor-version":[{"id":13065,"href":"https:\/\/serveiseducatius.xtec.cat\/badalona\/wp-json\/wp\/v2\/posts\/13063\/revisions\/13065"}],"wp:featuredmedia":[{"embeddable":true,"href":"https:\/\/serveiseducatius.xtec.cat\/badalona\/wp-json\/wp\/v2\/media\/13064"}],"wp:attachment":[{"href":"https:\/\/serveiseducatius.xtec.cat\/badalona\/wp-json\/wp\/v2\/media?parent=13063"}],"wp:term":[{"taxonomy":"category","embeddable":true,"href":"https:\/\/serveiseducatius.xtec.cat\/badalona\/wp-json\/wp\/v2\/categories?post=13063"},{"taxonomy":"post_tag","embeddable":true,"href":"https:\/\/serveiseducatius.xtec.cat\/badalona\/wp-json\/wp\/v2\/tags?post=13063"}],"curies":[{"name":"wp","href":"https:\/\/api.w.org\/{rel}","templated":true}]}}